{"id":3090,"date":"2026-04-15T09:50:15","date_gmt":"2026-04-15T09:50:15","guid":{"rendered":"https:\/\/caralticonesa.com\/?p=3090"},"modified":"2026-04-15T09:50:15","modified_gmt":"2026-04-15T09:50:15","slug":"sempre-a-prop-teu","status":"publish","type":"post","link":"https:\/\/caralticonesa.com\/ca\/sempre-a-prop-teu\/","title":{"rendered":"Sempre a prop teu"},"content":{"rendered":"<p><span dir=\"auto\">A\u00a0<\/span><strong><span dir=\"auto\">Caralt i Conesa<\/span><\/strong><span dir=\"auto\">\u00a0entenem les assegurances com una relaci\u00f3 de confian\u00e7a. Per aix\u00f2, volem que sempre s\u00e0pigues que\u00a0<\/span><strong><span dir=\"auto\">ens tens a prop i ens pots contactar f\u00e0cilment<\/span><\/strong><span dir=\"auto\">, com i quan vulguis.<\/span><\/p>\n<p><span dir=\"auto\">Aqu\u00ed et recordem\u00a0<strong>totes les formes de contacte<\/strong>\u00a0disponibles.<\/span><\/p>\n<h3><strong><span dir=\"auto\">Atenci\u00f3\u00a0presencial<\/span><\/strong><\/h3>\n<p><span dir=\"auto\">Si prefereixes el tracte personal, vine a la nostra oficina i t&#8217;atendrem amb calma i proximitat.<\/span><\/p>\n<div><a href=\"http:\/\/google.com\/maps?rlz=1C1PNBB_enES1021ES1022&amp;um=1&amp;ie=UTF-8&amp;fb=1&amp;gl=es&amp;sa=X&amp;geocode=KUtxkbM5FrsSMV1xrP0HLyeC&amp;daddr=Carrer+Jaume+Ferrer,+12,+17300+Blanes,+Girona\"><span dir=\"auto\">\ud83d\udccd<span style=\"color: #808080;\"> Oficina Caralt i Conesa<\/span><\/span><\/a><br \/>\n<strong><span dir=\"auto\">\ud83d\udd58<\/span><\/strong><span dir=\"auto\"> Horari:<\/span><br \/>\n<span dir=\"auto\" style=\"color: #000000;\">De dilluns a divendres<\/span><br \/>\n<span dir=\"auto\" style=\"color: #000000;\">De 08:00 H a 19:00 H<\/span><\/div>\n<div><\/div>\n<h3><strong><span dir=\"auto\">\ud83d\udcde Tel\u00e8fon<\/span><\/strong><\/h3>\n<p><span dir=\"auto\">Parla directament amb el nostre equip, sense centraletes.<\/span><br \/>\n<strong><span dir=\"auto\">\ud83d\udc49 <\/span><\/strong><span dir=\"auto\">Truca&#8217;ns amb un sol clic:<\/span><br \/>\n<strong><span dir=\"auto\"><a href=\"tel:972336708\" target=\"_blank\" rel=\"noopener\">972336708<\/a><\/span><\/strong><br \/>\n<strong><a href=\"tel:606174741\" target=\"_blank\" rel=\"noopener\"><span dir=\"auto\">606174741<\/span><\/a><\/strong><br \/>\n<strong>\u00a0<\/strong><\/p>\n<h3><strong><span dir=\"auto\">\ud83d\udcac WhatsApp<\/span><\/strong><\/h3>\n<p><span dir=\"auto\">Per consultes r\u00e0pides, enviament de documents o seguiment.<\/span><br \/>\n<span dir=\"auto\">\ud83d\udc49 \ud83d\udcac Enviar WhatsApp<\/span><br \/>\n<strong><a href=\"https:\/\/wa.me\/673499088\" target=\"_blank\" rel=\"noopener\"><span dir=\"auto\">Contractaci\u00f3\u00a0<\/span><\/a><a href=\"https:\/\/wa.me\/34673499088\" target=\"_blank\" rel=\"noopener\"><span dir=\"auto\">673499088<\/span><\/a><\/strong><br \/>\n<strong><a href=\"https:\/\/wa.me\/34673499115\" target=\"_blank\" rel=\"noopener\"><span dir=\"auto\">Sinistres\u00a0<\/span><\/a><a href=\"https:\/\/wa.me\/34673499115\" target=\"_blank\" rel=\"noopener\"><span dir=\"auto\">673499115<\/span><\/a><\/strong><br \/>\n<strong><a href=\"https:\/\/wa.me\/34663839649\" target=\"_blank\" rel=\"noopener\"><span dir=\"auto\">Salut 663839649<\/span><\/a><\/strong><br \/>\n<strong><a href=\"https:\/\/wa.me\/34604546605\" target=\"_blank\" rel=\"noopener\"><span dir=\"auto\">Administraci\u00f3 604546605<\/span><\/a><\/strong><\/p>\n<p>&nbsp;<\/p>\n<h3><strong><span dir=\"auto\">\ud83d\udce7 Correu\u00a0electr\u00f2nic<\/span><\/strong><\/h3>\n<p><span dir=\"auto\">Per gestions m\u00e9s completes o documentaci\u00f3.<\/span><br \/>\n<span dir=\"auto\">\ud83d\udc49 \u2709\ufe0f Enviar correu<\/span><br \/>\n<strong><a href=\"mailto:assegurances@caralticonesa.com\"><span dir=\"auto\">assegurances@caralticonesa.com<\/span><\/a><\/strong><br \/>\n<span style=\"color: #808080;\">\u00a0<\/span><\/p>\n<h3><strong><span dir=\"auto\">\ud83c\udf10 Web<\/span><\/strong><\/h3>\n<p><span dir=\"auto\">Descobreix tots els nostres serveis i assegurances.<\/span><br \/>\n<strong><a href=\"https:\/\/www.caralticonesa.com\/\"><span dir=\"auto\">\ud83d\udc49 \ud83c\udf0dWeb Caralt I Conesa<\/span><\/a><\/strong><br \/>\n<strong><span dir=\"auto\">\ud83d\udc49\u00a0<\/span><a href=\"https:\/\/nauticaprofesional.com\/blog\/\"><span dir=\"auto\">\ud83c\udf0dWeb Nauticaprofesional<\/span><\/a><\/strong><br \/>\n<span style=\"color: #808080;\"><strong>\u00a0<\/strong><\/span><\/p>\n<h3><strong><span dir=\"auto\">\ud83d\udcf2 Aplicaci\u00f3<\/span><\/strong><\/h3>\n<div><span dir=\"auto\">Porta les teves assegurances sempre al m\u00f2bil.<\/span><\/div>\n<p><strong><a href=\"https:\/\/play.google.com\/store\/apps\/details?id=com.caralticonesa.seguros&amp;hl=es\"><span dir=\"auto\">\ud83d\udc49 \ud83d\udcf1 Accedir a l&#8217;App <\/span><\/a><\/strong><span dir=\"auto\">Android<\/span><br \/>\n<strong><a href=\"https:\/\/apps.apple.com\/es\/app\/caralt-i-conesa\/id6680184168\" target=\"_blank\" rel=\"noopener\"><span dir=\"auto\">\ud83d\udc49 \ud83d\udcf1 Accedir a l&#8217;App <\/span><\/a><\/strong><span dir=\"auto\">iOS<\/span><\/p>\n<p>&nbsp;<\/p>\n<h3><strong><span dir=\"auto\">\ud83d\udcf1 Segueix-nos a les xarxes socials<\/span><\/strong><\/h3>\n<p><span dir=\"auto\">Consells, novetats i informaci\u00f3 \u00fatil.<\/span><br \/>\n<strong><a href=\"https:\/\/www.linkedin.com\/company\/caralt-i-conesa-correduria\/?viewAsMember=true\"><span dir=\"auto\">\ud83d\udc49 LinkedIn<\/span><\/a><\/strong><br \/>\n<strong><a href=\"https:\/\/www.instagram.com\/caralticonesa\/\"><span dir=\"auto\">\ud83d\udc49 Instagram<\/span><\/a><\/strong><\/p>\n<div><\/div>\n<div><\/div>\n<div><\/div>\n<div style=\"text-align: center;\"><span dir=\"auto\">A\u00a0<\/span><strong><span dir=\"auto\">Caralt i Conesa<\/span><\/strong><span dir=\"auto\">\u00a0t&#8217;acompanyem abans, durant i despr\u00e9s.<\/span><br \/>\n<strong><span dir=\"auto\">Sempre a prop teu.<\/span><\/strong><\/div>\n","protected":false},"excerpt":{"rendered":"<p>A\u00a0Caralt i Conesa\u00a0entenem les assegurances com una relaci\u00f3 de confian\u00e7a. Per aix\u00f2, volem que sempre s\u00e0pigues que\u00a0ens tens a prop i ens pots contactar f\u00e0cilment, [&hellip;]<\/p>\n","protected":false},"author":1,"featured_media":3077,"comment_status":"closed","ping_status":"closed","sticky":false,"template":"","format":"standard","meta":{"footnotes":""},"categories":[7],"tags":[],"class_list":["post-3090","post","type-post","status-publish","format-standard","has-post-thumbnail","hentry","category-uncategorized-ca"],"yoast_head":"<!-- This site is optimized with the Yoast SEO plugin v24.1 - https:\/\/yoast.com\/wordpress\/plugins\/seo\/ -->\n<title>Sempre a prop teu - Caralt i Conesa<\/title>\n<meta name=\"robots\" content=\"index, follow, max-snippet:-1, max-image-preview:large, max-video-preview:-1\" \/>\n<link rel=\"canonical\" href=\"https:\/\/caralticonesa.com\/ca\/sempre-a-prop-teu\/\" \/>\n<meta property=\"og:locale\" content=\"ca_ES\" \/>\n<meta property=\"og:type\" content=\"article\" \/>\n<meta property=\"og:title\" content=\"Sempre a prop teu - Caralt i Conesa\" \/>\n<meta property=\"og:description\" content=\"A\u00a0Caralt i Conesa\u00a0entenem les assegurances com una relaci\u00f3 de confian\u00e7a. Per aix\u00f2, volem que sempre s\u00e0pigues que\u00a0ens tens a prop i ens pots contactar f\u00e0cilment, [&hellip;]\" \/>\n<meta property=\"og:url\" content=\"https:\/\/caralticonesa.com\/ca\/sempre-a-prop-teu\/\" \/>\n<meta property=\"og:site_name\" content=\"Caralt i Conesa\" \/>\n<meta property=\"article:published_time\" content=\"2026-04-15T09:50:15+00:00\" \/>\n<meta property=\"og:image\" content=\"https:\/\/caralticonesa.com\/wp-content\/uploads\/2026\/04\/Mano-amiga-en-el-sol-brillante.png\" \/>\n\t<meta property=\"og:image:width\" content=\"1536\" \/>\n\t<meta property=\"og:image:height\" content=\"1024\" \/>\n\t<meta property=\"og:image:type\" content=\"image\/png\" \/>\n<meta name=\"author\" content=\"caralticonesa\" \/>\n<meta name=\"twitter:card\" content=\"summary_large_image\" \/>\n<meta name=\"twitter:label1\" content=\"Escrit per\" \/>\n\t<meta name=\"twitter:data1\" content=\"caralticonesa\" \/>\n\t<meta name=\"twitter:label2\" content=\"Temps estimat de lectura\" \/>\n\t<meta name=\"twitter:data2\" content=\"2 minuts\" \/>\n<script type=\"application\/ld+json\" class=\"yoast-schema-graph\">{\"@context\":\"https:\/\/schema.org\",\"@graph\":[{\"@type\":\"WebPage\",\"@id\":\"https:\/\/caralticonesa.com\/ca\/sempre-a-prop-teu\/\",\"url\":\"https:\/\/caralticonesa.com\/ca\/sempre-a-prop-teu\/\",\"name\":\"Sempre a prop teu - Caralt i Conesa\",\"isPartOf\":{\"@id\":\"https:\/\/caralticonesa.com\/#website\"},\"primaryImageOfPage\":{\"@id\":\"https:\/\/caralticonesa.com\/ca\/sempre-a-prop-teu\/#primaryimage\"},\"image\":{\"@id\":\"https:\/\/caralticonesa.com\/ca\/sempre-a-prop-teu\/#primaryimage\"},\"thumbnailUrl\":\"https:\/\/caralticonesa.com\/wp-content\/uploads\/2026\/04\/Mano-amiga-en-el-sol-brillante.png\",\"datePublished\":\"2026-04-15T09:50:15+00:00\",\"dateModified\":\"2026-04-15T09:50:15+00:00\",\"author\":{\"@id\":\"https:\/\/caralticonesa.com\/#\/schema\/person\/e2a2530ba1848f127c765c6f1a15c57d\"},\"breadcrumb\":{\"@id\":\"https:\/\/caralticonesa.com\/ca\/sempre-a-prop-teu\/#breadcrumb\"},\"inLanguage\":\"ca\",\"potentialAction\":[{\"@type\":\"ReadAction\",\"target\":[\"https:\/\/caralticonesa.com\/ca\/sempre-a-prop-teu\/\"]}]},{\"@type\":\"ImageObject\",\"inLanguage\":\"ca\",\"@id\":\"https:\/\/caralticonesa.com\/ca\/sempre-a-prop-teu\/#primaryimage\",\"url\":\"https:\/\/caralticonesa.com\/wp-content\/uploads\/2026\/04\/Mano-amiga-en-el-sol-brillante.png\",\"contentUrl\":\"https:\/\/caralticonesa.com\/wp-content\/uploads\/2026\/04\/Mano-amiga-en-el-sol-brillante.png\",\"width\":1536,\"height\":1024},{\"@type\":\"BreadcrumbList\",\"@id\":\"https:\/\/caralticonesa.com\/ca\/sempre-a-prop-teu\/#breadcrumb\",\"itemListElement\":[{\"@type\":\"ListItem\",\"position\":1,\"name\":\"Portada\",\"item\":\"https:\/\/caralticonesa.com\/ca\/\"},{\"@type\":\"ListItem\",\"position\":2,\"name\":\"Sempre a prop teu\"}]},{\"@type\":\"WebSite\",\"@id\":\"https:\/\/caralticonesa.com\/#website\",\"url\":\"https:\/\/caralticonesa.com\/\",\"name\":\"Caralt i Conesa\",\"description\":\"Otro sitio realizado con WordPress\",\"potentialAction\":[{\"@type\":\"SearchAction\",\"target\":{\"@type\":\"EntryPoint\",\"urlTemplate\":\"https:\/\/caralticonesa.com\/?s={search_term_string}\"},\"query-input\":{\"@type\":\"PropertyValueSpecification\",\"valueRequired\":true,\"valueName\":\"search_term_string\"}}],\"inLanguage\":\"ca\"},{\"@type\":\"Person\",\"@id\":\"https:\/\/caralticonesa.com\/#\/schema\/person\/e2a2530ba1848f127c765c6f1a15c57d\",\"name\":\"caralticonesa\",\"image\":{\"@type\":\"ImageObject\",\"inLanguage\":\"ca\",\"@id\":\"https:\/\/caralticonesa.com\/#\/schema\/person\/image\/\",\"url\":\"https:\/\/secure.gravatar.com\/avatar\/2e4a45cf8c1bc95afe79519e4bb42e61?s=96&d=mm&r=g\",\"contentUrl\":\"https:\/\/secure.gravatar.com\/avatar\/2e4a45cf8c1bc95afe79519e4bb42e61?s=96&d=mm&r=g\",\"caption\":\"caralticonesa\"},\"url\":\"https:\/\/caralticonesa.com\/ca\/author\/caralticonesa\/\"}]}<\/script>\n<!-- \/ Yoast SEO plugin. -->","yoast_head_json":{"title":"Sempre a prop teu - Caralt i Conesa","robots":{"index":"index","follow":"follow","max-snippet":"max-snippet:-1","max-image-preview":"max-image-preview:large","max-video-preview":"max-video-preview:-1"},"canonical":"https:\/\/caralticonesa.com\/ca\/sempre-a-prop-teu\/","og_locale":"ca_ES","og_type":"article","og_title":"Sempre a prop teu - Caralt i Conesa","og_description":"A\u00a0Caralt i Conesa\u00a0entenem les assegurances com una relaci\u00f3 de confian\u00e7a. Per aix\u00f2, volem que sempre s\u00e0pigues que\u00a0ens tens a prop i ens pots contactar f\u00e0cilment, [&hellip;]","og_url":"https:\/\/caralticonesa.com\/ca\/sempre-a-prop-teu\/","og_site_name":"Caralt i Conesa","article_published_time":"2026-04-15T09:50:15+00:00","og_image":[{"width":1536,"height":1024,"url":"https:\/\/caralticonesa.com\/wp-content\/uploads\/2026\/04\/Mano-amiga-en-el-sol-brillante.png","type":"image\/png"}],"author":"caralticonesa","twitter_card":"summary_large_image","twitter_misc":{"Escrit per":"caralticonesa","Temps estimat de lectura":"2 minuts"},"schema":{"@context":"https:\/\/schema.org","@graph":[{"@type":"WebPage","@id":"https:\/\/caralticonesa.com\/ca\/sempre-a-prop-teu\/","url":"https:\/\/caralticonesa.com\/ca\/sempre-a-prop-teu\/","name":"Sempre a prop teu - Caralt i Conesa","isPartOf":{"@id":"https:\/\/caralticonesa.com\/#website"},"primaryImageOfPage":{"@id":"https:\/\/caralticonesa.com\/ca\/sempre-a-prop-teu\/#primaryimage"},"image":{"@id":"https:\/\/caralticonesa.com\/ca\/sempre-a-prop-teu\/#primaryimage"},"thumbnailUrl":"https:\/\/caralticonesa.com\/wp-content\/uploads\/2026\/04\/Mano-amiga-en-el-sol-brillante.png","datePublished":"2026-04-15T09:50:15+00:00","dateModified":"2026-04-15T09:50:15+00:00","author":{"@id":"https:\/\/caralticonesa.com\/#\/schema\/person\/e2a2530ba1848f127c765c6f1a15c57d"},"breadcrumb":{"@id":"https:\/\/caralticonesa.com\/ca\/sempre-a-prop-teu\/#breadcrumb"},"inLanguage":"ca","potentialAction":[{"@type":"ReadAction","target":["https:\/\/caralticonesa.com\/ca\/sempre-a-prop-teu\/"]}]},{"@type":"ImageObject","inLanguage":"ca","@id":"https:\/\/caralticonesa.com\/ca\/sempre-a-prop-teu\/#primaryimage","url":"https:\/\/caralticonesa.com\/wp-content\/uploads\/2026\/04\/Mano-amiga-en-el-sol-brillante.png","contentUrl":"https:\/\/caralticonesa.com\/wp-content\/uploads\/2026\/04\/Mano-amiga-en-el-sol-brillante.png","width":1536,"height":1024},{"@type":"BreadcrumbList","@id":"https:\/\/caralticonesa.com\/ca\/sempre-a-prop-teu\/#breadcrumb","itemListElement":[{"@type":"ListItem","position":1,"name":"Portada","item":"https:\/\/caralticonesa.com\/ca\/"},{"@type":"ListItem","position":2,"name":"Sempre a prop teu"}]},{"@type":"WebSite","@id":"https:\/\/caralticonesa.com\/#website","url":"https:\/\/caralticonesa.com\/","name":"Caralt i Conesa","description":"Otro sitio realizado con WordPress","potentialAction":[{"@type":"SearchAction","target":{"@type":"EntryPoint","urlTemplate":"https:\/\/caralticonesa.com\/?s={search_term_string}"},"query-input":{"@type":"PropertyValueSpecification","valueRequired":true,"valueName":"search_term_string"}}],"inLanguage":"ca"},{"@type":"Person","@id":"https:\/\/caralticonesa.com\/#\/schema\/person\/e2a2530ba1848f127c765c6f1a15c57d","name":"caralticonesa","image":{"@type":"ImageObject","inLanguage":"ca","@id":"https:\/\/caralticonesa.com\/#\/schema\/person\/image\/","url":"https:\/\/secure.gravatar.com\/avatar\/2e4a45cf8c1bc95afe79519e4bb42e61?s=96&d=mm&r=g","contentUrl":"https:\/\/secure.gravatar.com\/avatar\/2e4a45cf8c1bc95afe79519e4bb42e61?s=96&d=mm&r=g","caption":"caralticonesa"},"url":"https:\/\/caralticonesa.com\/ca\/author\/caralticonesa\/"}]}},"_links":{"self":[{"href":"https:\/\/caralticonesa.com\/ca\/wp-json\/wp\/v2\/posts\/3090"}],"collection":[{"href":"https:\/\/caralticonesa.com\/ca\/wp-json\/wp\/v2\/posts"}],"about":[{"href":"https:\/\/caralticonesa.com\/ca\/wp-json\/wp\/v2\/types\/post"}],"author":[{"embeddable":true,"href":"https:\/\/caralticonesa.com\/ca\/wp-json\/wp\/v2\/users\/1"}],"replies":[{"embeddable":true,"href":"https:\/\/caralticonesa.com\/ca\/wp-json\/wp\/v2\/comments?post=3090"}],"version-history":[{"count":3,"href":"https:\/\/caralticonesa.com\/ca\/wp-json\/wp\/v2\/posts\/3090\/revisions"}],"predecessor-version":[{"id":3097,"href":"https:\/\/caralticonesa.com\/ca\/wp-json\/wp\/v2\/posts\/3090\/revisions\/3097"}],"wp:featuredmedia":[{"embeddable":true,"href":"https:\/\/caralticonesa.com\/ca\/wp-json\/wp\/v2\/media\/3077"}],"wp:attachment":[{"href":"https:\/\/caralticonesa.com\/ca\/wp-json\/wp\/v2\/media?parent=3090"}],"wp:term":[{"taxonomy":"category","embeddable":true,"href":"https:\/\/caralticonesa.com\/ca\/wp-json\/wp\/v2\/categories?post=3090"},{"taxonomy":"post_tag","embeddable":true,"href":"https:\/\/caralticonesa.com\/ca\/wp-json\/wp\/v2\/tags?post=3090"}],"curies":[{"name":"wp","href":"https:\/\/api.w.org\/{rel}","templated":true}]}}