{"id":3046,"date":"2026-01-13T17:38:55","date_gmt":"2026-01-13T17:38:55","guid":{"rendered":"https:\/\/caralticonesa.com\/?p=3046"},"modified":"2026-01-13T17:38:55","modified_gmt":"2026-01-13T17:38:55","slug":"obligatorietat-dassegurar-la-maquinaria-industrial-autopropulsada","status":"publish","type":"post","link":"https:\/\/caralticonesa.com\/ca\/obligatorietat-dassegurar-la-maquinaria-industrial-autopropulsada\/","title":{"rendered":"Obligatorietat d\u2019assegurar la maquin\u00e0ria industrial autopropulsada"},"content":{"rendered":"<p>Arran de l\u2019entrada en vigor de la <strong>Llei 5\/2025<\/strong>, que modifica la normativa del <strong>segur obligatori de vehicles a motor<\/strong>, volem informar-lo d\u2019un canvi normatiu rellevant que afecta directament moltes empreses: <strong>l\u2019obligaci\u00f3 d\u2019assegurar determinades m\u00e0quines d\u2019\u00fas industrial mitjan\u00e7ant p\u00f2lisses individuals<\/strong>, fins i tot quan s\u2019utilitzen <strong>exclusivament en recintes privats<\/strong>.<br \/>\nLa nova llei amplia el concepte de <em>vehicle a motor<\/em> i de <em>fet de la circulaci\u00f3<\/em>. A partir d\u2019ara, es considera fet de la circulaci\u00f3 <strong>tota utilitzaci\u00f3 d\u2019un vehicle conforme a la seva funci\u00f3 com a mitj\u00e0 de transport<\/strong>, amb independ\u00e8ncia de:<\/p>\n<ul>\n<li>que estigui en moviment o aturat<\/li>\n<li>del tipus de terreny<\/li>\n<li>o que l\u2019\u00fas es faci en espais privats com naus industrials, finques, f\u00e0briques, pol\u00edgons o recintes tancats<\/li>\n<\/ul>\n<h3><strong>Quina maquin\u00e0ria s\u2019ha d\u2019assegurar obligat\u00f2riament?<\/strong><\/h3>\n<p>Han de disposar de <strong><a href=\"https:\/\/caralticonesa.com\/ca\/assegurances-autonoms\/seguros-rc\/\">segur obligatori de responsabilitat civil<\/a> mitjan\u00e7ant una p\u00f2lissa individual<\/strong> les m\u00e0quines industrials <strong>autopropulsades<\/strong> que compleixin algun dels criteris seg\u00fcents:<\/p>\n<ul>\n<li>Velocitat m\u00e0xima de fabricaci\u00f3 superior als <strong>25 km\/h<\/strong><\/li>\n<li>Pes net superior als <strong>25 kg<\/strong> i velocitat m\u00e0xima superior als <strong>14 km\/h<\/strong><\/li>\n<\/ul>\n<p>Aquesta obligaci\u00f3 \u00e9s aplicable <strong>encara que la maquin\u00e0ria no estigui matriculada, no disposi de perm\u00eds de circulaci\u00f3 o no circuli per vies p\u00fabliques<\/strong>.<\/p>\n<h3><strong>Termini per complir amb l\u2019obligaci\u00f3<\/strong><\/h3>\n<p>Les m\u00e0quines que abans de la Llei 5\/2025 no tenien la consideraci\u00f3 de vehicle a motor disposen d\u2019un <strong>termini m\u00e0xim de sis mesos<\/strong> des de la publicaci\u00f3 de la norma per contractar el segur obligatori, fixant-se com a <strong>data l\u00edmit el 26 de gener de 2026<\/strong>.<\/p>\n<h3><strong>Aspecte important a tenir en compte<\/strong><\/h3>\n<p>Aquestes m\u00e0quines <strong>no poden quedar correctament assegurades mitjan\u00e7ant p\u00f2lisses generals o multirisc<\/strong> per complir amb aquesta exig\u00e8ncia legal. Cal contractar <strong>una p\u00f2lissa individual espec\u00edfica de responsabilitat civil de circulaci\u00f3<\/strong> per a cada equip afectat.<br \/>\nDes de la <a href=\"https:\/\/caralticonesa.com\/ca\/\">nostra corredoria<\/a> li recomanem <strong>revisar el seu parc de maquin\u00e0ria<\/strong> com m\u00e9s aviat millor per identificar quins equips estan subjectes a aquesta nova obligaci\u00f3 i evitar possibles sancions o situacions de manca de cobertura davant d\u2019un sinistre.<br \/>\nEl nostre equip queda a la seva disposici\u00f3 per analitzar la seva situaci\u00f3, resoldre dubtes i acompanyar-lo en la correcta adequaci\u00f3 a la normativa vigent.<\/p>\n<h3>V<strong>ol confirmar si la seva maquin\u00e0ria est\u00e0 correctament assegurada?<\/strong><\/h3>\n<p><a href=\"mailto:assegurances@caralticonesa.com?subject=Necesito%20asseguran\u00e7a%20per%20la%20meva%20maquinaria%20indudtrial%20?\">\ud83d\udce9 <strong>Escrigui\u2019ns sense comprom\u00eds<\/strong><\/a> i l\u2019ajudarem a revisar la seva maquin\u00e0ria i a aclarir qualsevol consulta relacionada amb aquesta nova obligaci\u00f3 legal.<\/p>\n","protected":false},"excerpt":{"rendered":"<p>Arran de l\u2019entrada en vigor de la Llei 5\/2025, que modifica la normativa del segur obligatori de vehicles a motor, volem informar-lo d\u2019un canvi normatiu [&hellip;]<\/p>\n","protected":false},"author":1,"featured_media":3047,"comment_status":"closed","ping_status":"closed","sticky":false,"template":"","format":"standard","meta":{"footnotes":""},"categories":[7],"tags":[],"class_list":["post-3046","post","type-post","status-publish","format-standard","has-post-thumbnail","hentry","category-uncategorized-ca"],"yoast_head":"<!-- This site is optimized with the Yoast SEO plugin v24.1 - https:\/\/yoast.com\/wordpress\/plugins\/seo\/ -->\n<title>Obligatorietat d\u2019assegurar la maquin\u00e0ria industrial autopropulsada - Caralt i Conesa<\/title>\n<meta name=\"robots\" content=\"index, follow, max-snippet:-1, max-image-preview:large, max-video-preview:-1\" \/>\n<link rel=\"canonical\" href=\"https:\/\/caralticonesa.com\/ca\/obligatorietat-dassegurar-la-maquinaria-industrial-autopropulsada\/\" \/>\n<meta property=\"og:locale\" content=\"ca_ES\" \/>\n<meta property=\"og:type\" content=\"article\" \/>\n<meta property=\"og:title\" content=\"Obligatorietat d\u2019assegurar la maquin\u00e0ria industrial autopropulsada - Caralt i Conesa\" \/>\n<meta property=\"og:description\" content=\"Arran de l\u2019entrada en vigor de la Llei 5\/2025, que modifica la normativa del segur obligatori de vehicles a motor, volem informar-lo d\u2019un canvi normatiu [&hellip;]\" \/>\n<meta property=\"og:url\" content=\"https:\/\/caralticonesa.com\/ca\/obligatorietat-dassegurar-la-maquinaria-industrial-autopropulsada\/\" \/>\n<meta property=\"og:site_name\" content=\"Caralt i Conesa\" \/>\n<meta property=\"article:published_time\" content=\"2026-01-13T17:38:55+00:00\" \/>\n<meta property=\"og:image\" content=\"https:\/\/caralticonesa.com\/wp-content\/uploads\/2026\/01\/444.png\" \/>\n\t<meta property=\"og:image:width\" content=\"1024\" \/>\n\t<meta property=\"og:image:height\" content=\"1024\" \/>\n\t<meta property=\"og:image:type\" content=\"image\/png\" \/>\n<meta name=\"author\" content=\"caralticonesa\" \/>\n<meta name=\"twitter:card\" content=\"summary_large_image\" \/>\n<meta name=\"twitter:label1\" content=\"Escrit per\" \/>\n\t<meta name=\"twitter:data1\" content=\"caralticonesa\" \/>\n\t<meta name=\"twitter:label2\" content=\"Temps estimat de lectura\" \/>\n\t<meta name=\"twitter:data2\" content=\"2 minuts\" \/>\n<script type=\"application\/ld+json\" class=\"yoast-schema-graph\">{\"@context\":\"https:\/\/schema.org\",\"@graph\":[{\"@type\":\"WebPage\",\"@id\":\"https:\/\/caralticonesa.com\/ca\/obligatorietat-dassegurar-la-maquinaria-industrial-autopropulsada\/\",\"url\":\"https:\/\/caralticonesa.com\/ca\/obligatorietat-dassegurar-la-maquinaria-industrial-autopropulsada\/\",\"name\":\"Obligatorietat d\u2019assegurar la maquin\u00e0ria industrial autopropulsada - Caralt i Conesa\",\"isPartOf\":{\"@id\":\"https:\/\/caralticonesa.com\/#website\"},\"primaryImageOfPage\":{\"@id\":\"https:\/\/caralticonesa.com\/ca\/obligatorietat-dassegurar-la-maquinaria-industrial-autopropulsada\/#primaryimage\"},\"image\":{\"@id\":\"https:\/\/caralticonesa.com\/ca\/obligatorietat-dassegurar-la-maquinaria-industrial-autopropulsada\/#primaryimage\"},\"thumbnailUrl\":\"https:\/\/caralticonesa.com\/wp-content\/uploads\/2026\/01\/444.png\",\"datePublished\":\"2026-01-13T17:38:55+00:00\",\"dateModified\":\"2026-01-13T17:38:55+00:00\",\"author\":{\"@id\":\"https:\/\/caralticonesa.com\/#\/schema\/person\/e2a2530ba1848f127c765c6f1a15c57d\"},\"breadcrumb\":{\"@id\":\"https:\/\/caralticonesa.com\/ca\/obligatorietat-dassegurar-la-maquinaria-industrial-autopropulsada\/#breadcrumb\"},\"inLanguage\":\"ca\",\"potentialAction\":[{\"@type\":\"ReadAction\",\"target\":[\"https:\/\/caralticonesa.com\/ca\/obligatorietat-dassegurar-la-maquinaria-industrial-autopropulsada\/\"]}]},{\"@type\":\"ImageObject\",\"inLanguage\":\"ca\",\"@id\":\"https:\/\/caralticonesa.com\/ca\/obligatorietat-dassegurar-la-maquinaria-industrial-autopropulsada\/#primaryimage\",\"url\":\"https:\/\/caralticonesa.com\/wp-content\/uploads\/2026\/01\/444.png\",\"contentUrl\":\"https:\/\/caralticonesa.com\/wp-content\/uploads\/2026\/01\/444.png\",\"width\":1024,\"height\":1024},{\"@type\":\"BreadcrumbList\",\"@id\":\"https:\/\/caralticonesa.com\/ca\/obligatorietat-dassegurar-la-maquinaria-industrial-autopropulsada\/#breadcrumb\",\"itemListElement\":[{\"@type\":\"ListItem\",\"position\":1,\"name\":\"Portada\",\"item\":\"https:\/\/caralticonesa.com\/ca\/\"},{\"@type\":\"ListItem\",\"position\":2,\"name\":\"Obligatorietat d\u2019assegurar la maquin\u00e0ria industrial autopropulsada\"}]},{\"@type\":\"WebSite\",\"@id\":\"https:\/\/caralticonesa.com\/#website\",\"url\":\"https:\/\/caralticonesa.com\/\",\"name\":\"Caralt i Conesa\",\"description\":\"Otro sitio realizado con WordPress\",\"potentialAction\":[{\"@type\":\"SearchAction\",\"target\":{\"@type\":\"EntryPoint\",\"urlTemplate\":\"https:\/\/caralticonesa.com\/?s={search_term_string}\"},\"query-input\":{\"@type\":\"PropertyValueSpecification\",\"valueRequired\":true,\"valueName\":\"search_term_string\"}}],\"inLanguage\":\"ca\"},{\"@type\":\"Person\",\"@id\":\"https:\/\/caralticonesa.com\/#\/schema\/person\/e2a2530ba1848f127c765c6f1a15c57d\",\"name\":\"caralticonesa\",\"image\":{\"@type\":\"ImageObject\",\"inLanguage\":\"ca\",\"@id\":\"https:\/\/caralticonesa.com\/#\/schema\/person\/image\/\",\"url\":\"https:\/\/secure.gravatar.com\/avatar\/2e4a45cf8c1bc95afe79519e4bb42e61?s=96&d=mm&r=g\",\"contentUrl\":\"https:\/\/secure.gravatar.com\/avatar\/2e4a45cf8c1bc95afe79519e4bb42e61?s=96&d=mm&r=g\",\"caption\":\"caralticonesa\"},\"url\":\"https:\/\/caralticonesa.com\/ca\/author\/caralticonesa\/\"}]}<\/script>\n<!-- \/ Yoast SEO plugin. -->","yoast_head_json":{"title":"Obligatorietat d\u2019assegurar la maquin\u00e0ria industrial autopropulsada - Caralt i Conesa","robots":{"index":"index","follow":"follow","max-snippet":"max-snippet:-1","max-image-preview":"max-image-preview:large","max-video-preview":"max-video-preview:-1"},"canonical":"https:\/\/caralticonesa.com\/ca\/obligatorietat-dassegurar-la-maquinaria-industrial-autopropulsada\/","og_locale":"ca_ES","og_type":"article","og_title":"Obligatorietat d\u2019assegurar la maquin\u00e0ria industrial autopropulsada - Caralt i Conesa","og_description":"Arran de l\u2019entrada en vigor de la Llei 5\/2025, que modifica la normativa del segur obligatori de vehicles a motor, volem informar-lo d\u2019un canvi normatiu [&hellip;]","og_url":"https:\/\/caralticonesa.com\/ca\/obligatorietat-dassegurar-la-maquinaria-industrial-autopropulsada\/","og_site_name":"Caralt i Conesa","article_published_time":"2026-01-13T17:38:55+00:00","og_image":[{"url":"https:\/\/caralticonesa.com\/wp-content\/uploads\/2026\/01\/444.png","width":1024,"height":1024,"type":"image\/png"}],"author":"caralticonesa","twitter_card":"summary_large_image","twitter_misc":{"Escrit per":"caralticonesa","Temps estimat de lectura":"2 minuts"},"schema":{"@context":"https:\/\/schema.org","@graph":[{"@type":"WebPage","@id":"https:\/\/caralticonesa.com\/ca\/obligatorietat-dassegurar-la-maquinaria-industrial-autopropulsada\/","url":"https:\/\/caralticonesa.com\/ca\/obligatorietat-dassegurar-la-maquinaria-industrial-autopropulsada\/","name":"Obligatorietat d\u2019assegurar la maquin\u00e0ria industrial autopropulsada - Caralt i Conesa","isPartOf":{"@id":"https:\/\/caralticonesa.com\/#website"},"primaryImageOfPage":{"@id":"https:\/\/caralticonesa.com\/ca\/obligatorietat-dassegurar-la-maquinaria-industrial-autopropulsada\/#primaryimage"},"image":{"@id":"https:\/\/caralticonesa.com\/ca\/obligatorietat-dassegurar-la-maquinaria-industrial-autopropulsada\/#primaryimage"},"thumbnailUrl":"https:\/\/caralticonesa.com\/wp-content\/uploads\/2026\/01\/444.png","datePublished":"2026-01-13T17:38:55+00:00","dateModified":"2026-01-13T17:38:55+00:00","author":{"@id":"https:\/\/caralticonesa.com\/#\/schema\/person\/e2a2530ba1848f127c765c6f1a15c57d"},"breadcrumb":{"@id":"https:\/\/caralticonesa.com\/ca\/obligatorietat-dassegurar-la-maquinaria-industrial-autopropulsada\/#breadcrumb"},"inLanguage":"ca","potentialAction":[{"@type":"ReadAction","target":["https:\/\/caralticonesa.com\/ca\/obligatorietat-dassegurar-la-maquinaria-industrial-autopropulsada\/"]}]},{"@type":"ImageObject","inLanguage":"ca","@id":"https:\/\/caralticonesa.com\/ca\/obligatorietat-dassegurar-la-maquinaria-industrial-autopropulsada\/#primaryimage","url":"https:\/\/caralticonesa.com\/wp-content\/uploads\/2026\/01\/444.png","contentUrl":"https:\/\/caralticonesa.com\/wp-content\/uploads\/2026\/01\/444.png","width":1024,"height":1024},{"@type":"BreadcrumbList","@id":"https:\/\/caralticonesa.com\/ca\/obligatorietat-dassegurar-la-maquinaria-industrial-autopropulsada\/#breadcrumb","itemListElement":[{"@type":"ListItem","position":1,"name":"Portada","item":"https:\/\/caralticonesa.com\/ca\/"},{"@type":"ListItem","position":2,"name":"Obligatorietat d\u2019assegurar la maquin\u00e0ria industrial autopropulsada"}]},{"@type":"WebSite","@id":"https:\/\/caralticonesa.com\/#website","url":"https:\/\/caralticonesa.com\/","name":"Caralt i Conesa","description":"Otro sitio realizado con WordPress","potentialAction":[{"@type":"SearchAction","target":{"@type":"EntryPoint","urlTemplate":"https:\/\/caralticonesa.com\/?s={search_term_string}"},"query-input":{"@type":"PropertyValueSpecification","valueRequired":true,"valueName":"search_term_string"}}],"inLanguage":"ca"},{"@type":"Person","@id":"https:\/\/caralticonesa.com\/#\/schema\/person\/e2a2530ba1848f127c765c6f1a15c57d","name":"caralticonesa","image":{"@type":"ImageObject","inLanguage":"ca","@id":"https:\/\/caralticonesa.com\/#\/schema\/person\/image\/","url":"https:\/\/secure.gravatar.com\/avatar\/2e4a45cf8c1bc95afe79519e4bb42e61?s=96&d=mm&r=g","contentUrl":"https:\/\/secure.gravatar.com\/avatar\/2e4a45cf8c1bc95afe79519e4bb42e61?s=96&d=mm&r=g","caption":"caralticonesa"},"url":"https:\/\/caralticonesa.com\/ca\/author\/caralticonesa\/"}]}},"_links":{"self":[{"href":"https:\/\/caralticonesa.com\/ca\/wp-json\/wp\/v2\/posts\/3046"}],"collection":[{"href":"https:\/\/caralticonesa.com\/ca\/wp-json\/wp\/v2\/posts"}],"about":[{"href":"https:\/\/caralticonesa.com\/ca\/wp-json\/wp\/v2\/types\/post"}],"author":[{"embeddable":true,"href":"https:\/\/caralticonesa.com\/ca\/wp-json\/wp\/v2\/users\/1"}],"replies":[{"embeddable":true,"href":"https:\/\/caralticonesa.com\/ca\/wp-json\/wp\/v2\/comments?post=3046"}],"version-history":[{"count":1,"href":"https:\/\/caralticonesa.com\/ca\/wp-json\/wp\/v2\/posts\/3046\/revisions"}],"predecessor-version":[{"id":3048,"href":"https:\/\/caralticonesa.com\/ca\/wp-json\/wp\/v2\/posts\/3046\/revisions\/3048"}],"wp:featuredmedia":[{"embeddable":true,"href":"https:\/\/caralticonesa.com\/ca\/wp-json\/wp\/v2\/media\/3047"}],"wp:attachment":[{"href":"https:\/\/caralticonesa.com\/ca\/wp-json\/wp\/v2\/media?parent=3046"}],"wp:term":[{"taxonomy":"category","embeddable":true,"href":"https:\/\/caralticonesa.com\/ca\/wp-json\/wp\/v2\/categories?post=3046"},{"taxonomy":"post_tag","embeddable":true,"href":"https:\/\/caralticonesa.com\/ca\/wp-json\/wp\/v2\/tags?post=3046"}],"curies":[{"name":"wp","href":"https:\/\/api.w.org\/{rel}","templated":true}]}}