{"id":3038,"date":"2025-08-08T15:59:40","date_gmt":"2025-08-08T15:59:40","guid":{"rendered":"https:\/\/caralticonesa.com\/?p=3038"},"modified":"2025-08-08T15:59:40","modified_gmt":"2025-08-08T15:59:40","slug":"vols-llogar-la-teva-embarcacio-d-esbarjo-ara-podras","status":"publish","type":"post","link":"https:\/\/caralticonesa.com\/ca\/vols-llogar-la-teva-embarcacio-d-esbarjo-ara-podras\/","title":{"rendered":"Vols llogar la teva embarcaci\u00f3 d &#8216;esbarjo ?  Ara podras &#8230;"},"content":{"rendered":"<p>El passat 17 de juliol es va aprovar la Resoluci\u00f3 de la Direcci\u00f3 General de la Marina Mercant sobre les condicions que han de complir les embarcacions d\u2019esbarjo per al canvi temporal d\u2019\u00fas privat a comercial, que entrar\u00e0 en vigor el 15 d\u2019agost.<\/p>\n<p>A partir d\u2019aquesta data, les embarcacions d\u2019esbarjo matriculades a la llista 7a (amb bandera i matr\u00edcula espanyola) i destinades exclusivament a l\u2019\u00fas privat, podran dedicar-se a l\u2019\u00fas comercial de lloguer durant un per\u00edode m\u00e0xim de 3 mesos a l\u2019any, havent de comptar amb una autoritzaci\u00f3 pr\u00e8via i expressa de Capitania Mar\u00edtima.<\/p>\n<p>Durant el per\u00edode temporal d\u2019\u00fas comercial, les embarcacions:<\/p>\n<p>Hauran de disposar tamb\u00e9 d\u2019un <strong><a href=\"https:\/\/nauticaprofesional.com\/seguros-barco-alquiler-obligatorio\/\">asseguran\u00e7a obligat\u00f2ria de viatgers (SOVI)<\/a><\/strong>, que s\u2019haur\u00e0 de gestionar a trav\u00e9s del ram d\u2019Accidents Col\u00b7lectius.<\/p>\n<p>Hauran d\u2019estar gestionades per una empresa dedicada a l\u2019arrendament n\u00e0utic, havent d\u2019existir un contracte de gesti\u00f3 naval a aquest efecte. En conseq\u00fc\u00e8ncia, la gesti\u00f3 del lloguer NO podr\u00e0 ser realitzada directament pel propietari de l\u2019embarcaci\u00f3.<\/p>\n<p>L\u2019\u00fas comercial temporal nom\u00e9s podr\u00e0 ser el de lloguer AMB tripulaci\u00f3, ja que a la Resoluci\u00f3 s\u2019indica que \u00e9s obligat\u00f2ria la contractaci\u00f3 del patr\u00f3 i la resta de membres de la tripulaci\u00f3. Durant el per\u00edode d\u2019\u00fas temporal, l\u2019embarcaci\u00f3 mantindr\u00e0 la seva matr\u00edcula de llista 7a, per\u00f2 haur\u00e0 de situar a ambdues amures, i amb la mateixa mida i color, les lletres \u201cCT\u201d.<\/p>\n<p><strong><a href=\"https:\/\/caralticonesa.com\/contacto\/\">Si necessita\u00a0m\u00e9s informaci\u00f3,\u00a0pot\u00a0contactar amb\u00a0Caralt i Conesa.<\/a><\/strong><\/p>\n","protected":false},"excerpt":{"rendered":"<p>El passat 17 de juliol es va aprovar la Resoluci\u00f3 de la Direcci\u00f3 General de la Marina Mercant sobre les condicions que han de complir [&hellip;]<\/p>\n","protected":false},"author":1,"featured_media":3042,"comment_status":"closed","ping_status":"closed","sticky":false,"template":"","format":"standard","meta":{"footnotes":""},"categories":[165],"tags":[],"class_list":["post-3038","post","type-post","status-publish","format-standard","has-post-thumbnail","hentry","category-responsabilitat-civil"],"yoast_head":"<!-- This site is optimized with the Yoast SEO plugin v24.1 - https:\/\/yoast.com\/wordpress\/plugins\/seo\/ -->\n<title>Vols llogar la teva embarcaci\u00f3 d &#039;esbarjo ? Ara podras ... - Caralt i Conesa<\/title>\n<meta name=\"robots\" content=\"index, follow, max-snippet:-1, max-image-preview:large, max-video-preview:-1\" \/>\n<link rel=\"canonical\" href=\"https:\/\/caralticonesa.com\/ca\/vols-llogar-la-teva-embarcacio-d-esbarjo-ara-podras\/\" \/>\n<meta property=\"og:locale\" content=\"ca_ES\" \/>\n<meta property=\"og:type\" content=\"article\" \/>\n<meta property=\"og:title\" content=\"Vols llogar la teva embarcaci\u00f3 d &#039;esbarjo ? Ara podras ... - Caralt i Conesa\" \/>\n<meta property=\"og:description\" content=\"El passat 17 de juliol es va aprovar la Resoluci\u00f3 de la Direcci\u00f3 General de la Marina Mercant sobre les condicions que han de complir [&hellip;]\" \/>\n<meta property=\"og:url\" content=\"https:\/\/caralticonesa.com\/ca\/vols-llogar-la-teva-embarcacio-d-esbarjo-ara-podras\/\" \/>\n<meta property=\"og:site_name\" content=\"Caralt i Conesa\" \/>\n<meta property=\"article:published_time\" content=\"2025-08-08T15:59:40+00:00\" \/>\n<meta property=\"og:image\" content=\"https:\/\/caralticonesa.com\/wp-content\/uploads\/2025\/08\/1.jpg\" \/>\n\t<meta property=\"og:image:width\" content=\"1024\" \/>\n\t<meta property=\"og:image:height\" content=\"683\" \/>\n\t<meta property=\"og:image:type\" content=\"image\/jpeg\" \/>\n<meta name=\"author\" content=\"caralticonesa\" \/>\n<meta name=\"twitter:card\" content=\"summary_large_image\" \/>\n<meta name=\"twitter:label1\" content=\"Escrit per\" \/>\n\t<meta name=\"twitter:data1\" content=\"caralticonesa\" \/>\n\t<meta name=\"twitter:label2\" content=\"Temps estimat de lectura\" \/>\n\t<meta name=\"twitter:data2\" content=\"2 minuts\" \/>\n<script type=\"application\/ld+json\" class=\"yoast-schema-graph\">{\"@context\":\"https:\/\/schema.org\",\"@graph\":[{\"@type\":\"WebPage\",\"@id\":\"https:\/\/caralticonesa.com\/ca\/vols-llogar-la-teva-embarcacio-d-esbarjo-ara-podras\/\",\"url\":\"https:\/\/caralticonesa.com\/ca\/vols-llogar-la-teva-embarcacio-d-esbarjo-ara-podras\/\",\"name\":\"Vols llogar la teva embarcaci\u00f3 d 'esbarjo ? Ara podras ... - Caralt i Conesa\",\"isPartOf\":{\"@id\":\"https:\/\/caralticonesa.com\/#website\"},\"primaryImageOfPage\":{\"@id\":\"https:\/\/caralticonesa.com\/ca\/vols-llogar-la-teva-embarcacio-d-esbarjo-ara-podras\/#primaryimage\"},\"image\":{\"@id\":\"https:\/\/caralticonesa.com\/ca\/vols-llogar-la-teva-embarcacio-d-esbarjo-ara-podras\/#primaryimage\"},\"thumbnailUrl\":\"https:\/\/caralticonesa.com\/wp-content\/uploads\/2025\/08\/1.jpg\",\"datePublished\":\"2025-08-08T15:59:40+00:00\",\"dateModified\":\"2025-08-08T15:59:40+00:00\",\"author\":{\"@id\":\"https:\/\/caralticonesa.com\/#\/schema\/person\/e2a2530ba1848f127c765c6f1a15c57d\"},\"breadcrumb\":{\"@id\":\"https:\/\/caralticonesa.com\/ca\/vols-llogar-la-teva-embarcacio-d-esbarjo-ara-podras\/#breadcrumb\"},\"inLanguage\":\"ca\",\"potentialAction\":[{\"@type\":\"ReadAction\",\"target\":[\"https:\/\/caralticonesa.com\/ca\/vols-llogar-la-teva-embarcacio-d-esbarjo-ara-podras\/\"]}]},{\"@type\":\"ImageObject\",\"inLanguage\":\"ca\",\"@id\":\"https:\/\/caralticonesa.com\/ca\/vols-llogar-la-teva-embarcacio-d-esbarjo-ara-podras\/#primaryimage\",\"url\":\"https:\/\/caralticonesa.com\/wp-content\/uploads\/2025\/08\/1.jpg\",\"contentUrl\":\"https:\/\/caralticonesa.com\/wp-content\/uploads\/2025\/08\/1.jpg\",\"width\":1024,\"height\":683},{\"@type\":\"BreadcrumbList\",\"@id\":\"https:\/\/caralticonesa.com\/ca\/vols-llogar-la-teva-embarcacio-d-esbarjo-ara-podras\/#breadcrumb\",\"itemListElement\":[{\"@type\":\"ListItem\",\"position\":1,\"name\":\"Portada\",\"item\":\"https:\/\/caralticonesa.com\/ca\/\"},{\"@type\":\"ListItem\",\"position\":2,\"name\":\"Vols llogar la teva embarcaci\u00f3 d &#8216;esbarjo ? Ara podras &#8230;\"}]},{\"@type\":\"WebSite\",\"@id\":\"https:\/\/caralticonesa.com\/#website\",\"url\":\"https:\/\/caralticonesa.com\/\",\"name\":\"Caralt i Conesa\",\"description\":\"Otro sitio realizado con WordPress\",\"potentialAction\":[{\"@type\":\"SearchAction\",\"target\":{\"@type\":\"EntryPoint\",\"urlTemplate\":\"https:\/\/caralticonesa.com\/?s={search_term_string}\"},\"query-input\":{\"@type\":\"PropertyValueSpecification\",\"valueRequired\":true,\"valueName\":\"search_term_string\"}}],\"inLanguage\":\"ca\"},{\"@type\":\"Person\",\"@id\":\"https:\/\/caralticonesa.com\/#\/schema\/person\/e2a2530ba1848f127c765c6f1a15c57d\",\"name\":\"caralticonesa\",\"image\":{\"@type\":\"ImageObject\",\"inLanguage\":\"ca\",\"@id\":\"https:\/\/caralticonesa.com\/#\/schema\/person\/image\/\",\"url\":\"https:\/\/secure.gravatar.com\/avatar\/2e4a45cf8c1bc95afe79519e4bb42e61?s=96&d=mm&r=g\",\"contentUrl\":\"https:\/\/secure.gravatar.com\/avatar\/2e4a45cf8c1bc95afe79519e4bb42e61?s=96&d=mm&r=g\",\"caption\":\"caralticonesa\"},\"url\":\"https:\/\/caralticonesa.com\/ca\/author\/caralticonesa\/\"}]}<\/script>\n<!-- \/ Yoast SEO plugin. -->","yoast_head_json":{"title":"Vols llogar la teva embarcaci\u00f3 d 'esbarjo ? Ara podras ... - Caralt i Conesa","robots":{"index":"index","follow":"follow","max-snippet":"max-snippet:-1","max-image-preview":"max-image-preview:large","max-video-preview":"max-video-preview:-1"},"canonical":"https:\/\/caralticonesa.com\/ca\/vols-llogar-la-teva-embarcacio-d-esbarjo-ara-podras\/","og_locale":"ca_ES","og_type":"article","og_title":"Vols llogar la teva embarcaci\u00f3 d 'esbarjo ? Ara podras ... - Caralt i Conesa","og_description":"El passat 17 de juliol es va aprovar la Resoluci\u00f3 de la Direcci\u00f3 General de la Marina Mercant sobre les condicions que han de complir [&hellip;]","og_url":"https:\/\/caralticonesa.com\/ca\/vols-llogar-la-teva-embarcacio-d-esbarjo-ara-podras\/","og_site_name":"Caralt i Conesa","article_published_time":"2025-08-08T15:59:40+00:00","og_image":[{"width":1024,"height":683,"url":"https:\/\/caralticonesa.com\/wp-content\/uploads\/2025\/08\/1.jpg","type":"image\/jpeg"}],"author":"caralticonesa","twitter_card":"summary_large_image","twitter_misc":{"Escrit per":"caralticonesa","Temps estimat de lectura":"2 minuts"},"schema":{"@context":"https:\/\/schema.org","@graph":[{"@type":"WebPage","@id":"https:\/\/caralticonesa.com\/ca\/vols-llogar-la-teva-embarcacio-d-esbarjo-ara-podras\/","url":"https:\/\/caralticonesa.com\/ca\/vols-llogar-la-teva-embarcacio-d-esbarjo-ara-podras\/","name":"Vols llogar la teva embarcaci\u00f3 d 'esbarjo ? Ara podras ... - Caralt i Conesa","isPartOf":{"@id":"https:\/\/caralticonesa.com\/#website"},"primaryImageOfPage":{"@id":"https:\/\/caralticonesa.com\/ca\/vols-llogar-la-teva-embarcacio-d-esbarjo-ara-podras\/#primaryimage"},"image":{"@id":"https:\/\/caralticonesa.com\/ca\/vols-llogar-la-teva-embarcacio-d-esbarjo-ara-podras\/#primaryimage"},"thumbnailUrl":"https:\/\/caralticonesa.com\/wp-content\/uploads\/2025\/08\/1.jpg","datePublished":"2025-08-08T15:59:40+00:00","dateModified":"2025-08-08T15:59:40+00:00","author":{"@id":"https:\/\/caralticonesa.com\/#\/schema\/person\/e2a2530ba1848f127c765c6f1a15c57d"},"breadcrumb":{"@id":"https:\/\/caralticonesa.com\/ca\/vols-llogar-la-teva-embarcacio-d-esbarjo-ara-podras\/#breadcrumb"},"inLanguage":"ca","potentialAction":[{"@type":"ReadAction","target":["https:\/\/caralticonesa.com\/ca\/vols-llogar-la-teva-embarcacio-d-esbarjo-ara-podras\/"]}]},{"@type":"ImageObject","inLanguage":"ca","@id":"https:\/\/caralticonesa.com\/ca\/vols-llogar-la-teva-embarcacio-d-esbarjo-ara-podras\/#primaryimage","url":"https:\/\/caralticonesa.com\/wp-content\/uploads\/2025\/08\/1.jpg","contentUrl":"https:\/\/caralticonesa.com\/wp-content\/uploads\/2025\/08\/1.jpg","width":1024,"height":683},{"@type":"BreadcrumbList","@id":"https:\/\/caralticonesa.com\/ca\/vols-llogar-la-teva-embarcacio-d-esbarjo-ara-podras\/#breadcrumb","itemListElement":[{"@type":"ListItem","position":1,"name":"Portada","item":"https:\/\/caralticonesa.com\/ca\/"},{"@type":"ListItem","position":2,"name":"Vols llogar la teva embarcaci\u00f3 d &#8216;esbarjo ? Ara podras &#8230;"}]},{"@type":"WebSite","@id":"https:\/\/caralticonesa.com\/#website","url":"https:\/\/caralticonesa.com\/","name":"Caralt i Conesa","description":"Otro sitio realizado con WordPress","potentialAction":[{"@type":"SearchAction","target":{"@type":"EntryPoint","urlTemplate":"https:\/\/caralticonesa.com\/?s={search_term_string}"},"query-input":{"@type":"PropertyValueSpecification","valueRequired":true,"valueName":"search_term_string"}}],"inLanguage":"ca"},{"@type":"Person","@id":"https:\/\/caralticonesa.com\/#\/schema\/person\/e2a2530ba1848f127c765c6f1a15c57d","name":"caralticonesa","image":{"@type":"ImageObject","inLanguage":"ca","@id":"https:\/\/caralticonesa.com\/#\/schema\/person\/image\/","url":"https:\/\/secure.gravatar.com\/avatar\/2e4a45cf8c1bc95afe79519e4bb42e61?s=96&d=mm&r=g","contentUrl":"https:\/\/secure.gravatar.com\/avatar\/2e4a45cf8c1bc95afe79519e4bb42e61?s=96&d=mm&r=g","caption":"caralticonesa"},"url":"https:\/\/caralticonesa.com\/ca\/author\/caralticonesa\/"}]}},"_links":{"self":[{"href":"https:\/\/caralticonesa.com\/ca\/wp-json\/wp\/v2\/posts\/3038"}],"collection":[{"href":"https:\/\/caralticonesa.com\/ca\/wp-json\/wp\/v2\/posts"}],"about":[{"href":"https:\/\/caralticonesa.com\/ca\/wp-json\/wp\/v2\/types\/post"}],"author":[{"embeddable":true,"href":"https:\/\/caralticonesa.com\/ca\/wp-json\/wp\/v2\/users\/1"}],"replies":[{"embeddable":true,"href":"https:\/\/caralticonesa.com\/ca\/wp-json\/wp\/v2\/comments?post=3038"}],"version-history":[{"count":3,"href":"https:\/\/caralticonesa.com\/ca\/wp-json\/wp\/v2\/posts\/3038\/revisions"}],"predecessor-version":[{"id":3041,"href":"https:\/\/caralticonesa.com\/ca\/wp-json\/wp\/v2\/posts\/3038\/revisions\/3041"}],"wp:featuredmedia":[{"embeddable":true,"href":"https:\/\/caralticonesa.com\/ca\/wp-json\/wp\/v2\/media\/3042"}],"wp:attachment":[{"href":"https:\/\/caralticonesa.com\/ca\/wp-json\/wp\/v2\/media?parent=3038"}],"wp:term":[{"taxonomy":"category","embeddable":true,"href":"https:\/\/caralticonesa.com\/ca\/wp-json\/wp\/v2\/categories?post=3038"},{"taxonomy":"post_tag","embeddable":true,"href":"https:\/\/caralticonesa.com\/ca\/wp-json\/wp\/v2\/tags?post=3038"}],"curies":[{"name":"wp","href":"https:\/\/api.w.org\/{rel}","templated":true}]}}