{"id":3007,"date":"2025-05-12T15:01:17","date_gmt":"2025-05-12T15:01:17","guid":{"rendered":"https:\/\/caralticonesa.com\/?p=3007"},"modified":"2025-05-12T15:01:17","modified_gmt":"2025-05-12T15:01:17","slug":"ets-autonom-coneixes-que-cobreix-realment-la-teva-asseguranca-de-vida","status":"publish","type":"post","link":"https:\/\/caralticonesa.com\/ca\/ets-autonom-coneixes-que-cobreix-realment-la-teva-asseguranca-de-vida\/","title":{"rendered":"ETS AUT\u00d2NOM? CONEIXES QU\u00c8 COBREIX REALMENT LA TEVA ASSEGURAN\u00c7A DE VIDA?"},"content":{"rendered":"<p>Molts aut\u00f2noms creuen estar protegits amb una asseguran\u00e7a de vida b\u00e0sica, per\u00f2 ignoren un aspecte clau: la cobertura d\u2019invalidesa professional.<\/p>\n<p>Mes del 90 % de les assegurances de vida ofereixen dos capitals :<\/p>\n<p>La <strong>mort per qualsevol causa<\/strong> ,sigui per accident\u00a0 o be enfermetat , i l altre cobertura es la de <strong>invalidessa permanent i absoluta<\/strong>,aquesta haura de ser verificada per un tribunal medic i significa que no es pot desembolupar cap tipus de feina , sigui quina sigui.<\/p>\n<p>&nbsp;<\/p>\n<p>I en la majoria dels casos ( com veurem despres) la Administracio acepta l&#8217;invalidessa sobre la nostre profesio,si esta ben justificat, pero si la invalidessa\u00a0 no imposibilita que\u00a0 es realissi un altre tipus\u00a0 de treball ,nomes\u00a0 otorga la Incapacitat Permanet Total per la professio habitual.<\/p>\n<p>I la polissa d asseguran\u00e7a\u00a0 privada de vida , tampoc indemnitssara el capital de\u00a0 Invalidessa Permanent Absoluta.<\/p>\n<p>I el resultat es que ens\u00a0 quedarem amb una indemnitrssacio per part de l Admionistracio ,molt baixa ( exemples mes\u00a0 abaix) , i la nostre asseguran\u00e7a de vida no haura indemnitssat res , ja que contingencia contractada no s ha produit.<\/p>\n<p>&nbsp;<\/p>\n<h4>RECULL\u00a0 DE PRESTACIONS P\u00daBLIQUES:<\/h4>\n<p>Pensions per incapassitat:<\/p>\n<p>Vegem els imports mensuals per a un aut\u00f2nom que cotitza per la base m\u00ednima:<\/p>\n<p><strong>Gran Invalidesa<\/strong><br \/>\n1.221,23 \u20ac \/ mes<br \/>\nNom\u00e9s s\u2019atorga si no pots fer res sense ajuda d\u2019una tercera persona (menjar, vestir-te, higiene&#8230;).<\/p>\n<p><strong>Incapacitat Permanent Absoluta (IPA)<\/strong><br \/>\n814,15 \u20ac \/ mes<br \/>\nEt declara incapa\u00e7 per a qualsevol treball. Cada vegada \u00e9s m\u00e9s dif\u00edcil que l\u2019INSS la concedeixi.<\/p>\n<p><strong>Incapacitat Permanent Total per a la professi\u00f3 habitual (IPT)<\/strong><br \/>\n447,78 \u20ac \/ mes<br \/>\nNom\u00e9s et reconeixen la impossibilitat de seguir exercint la teva professi\u00f3 habitual, per\u00f2 et consideren apte per a altres feines.<\/p>\n<p>&nbsp;<\/p>\n<h4>Exemple reals :<\/h4>\n<p>.Un fisioterapeuta aut\u00f2nom amb una lesi\u00f3 cr\u00f2nica al canell no pot continuar tractant pacients, per\u00f2 l\u2019INSS li diu que pot treballar com a recepcionista. Resultat: nom\u00e9s 447,78\u202f\u20ac al mes.<\/p>\n<p>.Un mec\u00e0nic amb h\u00e8rnia discal no pot aixecar pesos ni fer postures for\u00e7ades. L\u2019INSS el deriva a una feina d\u2019oficina (encara que mai l\u2019ha exercit). No es reconeix incapacitat absoluta.<\/p>\n<p>.Un dissenyador gr\u00e0fic aut\u00f2nom amb p\u00e8rdua severa de visi\u00f3 no pot seguir treballant davant de pantalles. No se li reconeix invalidesa absoluta perqu\u00e8 \u201cpodria fer altres tasques manuals\u201d.<\/p>\n<p>&nbsp;<\/p>\n<h4>CAMBI DE TENDENCIA EN EL INNS<\/h4>\n<p>A mes s ha de tenir en compte el cambi de tendencia del iNNS ,on ha reduir de una manera molt significativa el numero de les Incapacitats Permanets i absolutes sobre la totalitat d expedients presentats<\/p>\n<p>Fa 25 anys (2002):<\/p>\n<p>Quasi la mitat de les pensions otorgades eran absolutes o Invalidessa Permanet Absoluta, sobre el total d expedients.<\/p>\n<ul>\n<li><strong>381.617<\/strong> pensions per IPA (absoluta)<\/li>\n<li><strong>394.851<\/strong> pensions per IPT (professional)<\/li>\n<\/ul>\n<p>L\u2019any 2023 el Organisme public esta otorgant menys de una quart apart de Invalidessa Permanet Absolutes.<\/p>\n<p>Ara\u00a0 mes del 75 % de l es pensions son nomes professionals i les absolutes\u00a0 \u00a0son molt\u00a0 dificils d otorgar.<\/p>\n<ul>\n<li><strong>222.533<\/strong> pensions per IPA<\/li>\n<li><strong>592.742<\/strong> pensions per IPT<\/li>\n<\/ul>\n<p>Cada vegada es concedeixen menys incapacitats absolutes (amb prestacions m\u00e9s altes) i m\u00e9s incapacitats professionals (amb prestacions molt m\u00e9s baixes). Aix\u00f2 deixa molts aut\u00f2noms desprotegits.<\/p>\n<p>&nbsp;<\/p>\n<h4>LA SOLUCI\u00d3: UNA ASSEGURAN\u00c7A DE VIDA AMB INVALIDESA PROFESSIONAL INCLOSA<\/h4>\n<p>\u00c9s imprescindible que la teva asseguran\u00e7a de vida contempli:<\/p>\n<p>\u2714 Cobertura per invalidesa professional<br \/>\n\u2714 Indemnitzaci\u00f3 per no poder continuar amb la teva activitat habitual<br \/>\n\u2714 Complement a la baixa pensi\u00f3 p\u00fablica<br \/>\n\u2714 Tramitaci\u00f3 \u00e0gil i clara en cas d\u2019accident o malaltia<\/p>\n<p>&nbsp;<\/p>\n<p><strong><em>\u201cUna bona asseguran\u00e7a no nom\u00e9s ha de\u00a0 protegeigir\u00a0 la teva vida, sin\u00f3 tamb\u00e9 la teva capacitat de guanyar-te-la.\u201d<\/em><\/strong><\/p>\n<p>&nbsp;<\/p>\n<p>Des de\u00a0 <a href=\"https:\/\/caralticonesa.com\/seguros-particulares\/vida\/\">Caralt i Conesa<\/a>\u00a0 t\u2019ajudem a revisar la teva p\u00f2lissa actual i et proposem opcions adaptades a la teva professi\u00f3, ingressos i nivell de protecci\u00f3 desitjat, en podeu <a href=\"https:\/\/caralticonesa.com\/contacto\/\">escriure aqui\u00a0<\/a><\/p>\n<p>o be trucar al\u00a0 606174741<\/p>\n<p>&nbsp;<\/p>\n<p><a href=\"https:\/\/www.linkedin.com\/company\/5234955\/admin\/dashboard\/\">Caralt i Conesa\u00a0<\/a><\/p>\n","protected":false},"excerpt":{"rendered":"<p>Molts aut\u00f2noms creuen estar protegits amb una asseguran\u00e7a de vida b\u00e0sica, per\u00f2 ignoren un aspecte clau: la cobertura d\u2019invalidesa professional. Mes del 90 % de [&hellip;]<\/p>\n","protected":false},"author":1,"featured_media":3017,"comment_status":"closed","ping_status":"closed","sticky":false,"template":"","format":"standard","meta":{"footnotes":""},"categories":[7],"tags":[],"class_list":["post-3007","post","type-post","status-publish","format-standard","has-post-thumbnail","hentry","category-uncategorized-ca"],"yoast_head":"<!-- This site is optimized with the Yoast SEO plugin v24.1 - https:\/\/yoast.com\/wordpress\/plugins\/seo\/ -->\n<title>ETS AUT\u00d2NOM? CONEIXES QU\u00c8 COBREIX REALMENT LA TEVA ASSEGURAN\u00c7A DE VIDA? - Caralt i Conesa<\/title>\n<meta name=\"robots\" content=\"index, follow, max-snippet:-1, max-image-preview:large, max-video-preview:-1\" \/>\n<link rel=\"canonical\" href=\"https:\/\/caralticonesa.com\/ca\/ets-autonom-coneixes-que-cobreix-realment-la-teva-asseguranca-de-vida\/\" \/>\n<meta property=\"og:locale\" content=\"ca_ES\" \/>\n<meta property=\"og:type\" content=\"article\" \/>\n<meta property=\"og:title\" content=\"ETS AUT\u00d2NOM? CONEIXES QU\u00c8 COBREIX REALMENT LA TEVA ASSEGURAN\u00c7A DE VIDA? - Caralt i Conesa\" \/>\n<meta property=\"og:description\" content=\"Molts aut\u00f2noms creuen estar protegits amb una asseguran\u00e7a de vida b\u00e0sica, per\u00f2 ignoren un aspecte clau: la cobertura d\u2019invalidesa professional. Mes del 90 % de [&hellip;]\" \/>\n<meta property=\"og:url\" content=\"https:\/\/caralticonesa.com\/ca\/ets-autonom-coneixes-que-cobreix-realment-la-teva-asseguranca-de-vida\/\" \/>\n<meta property=\"og:site_name\" content=\"Caralt i Conesa\" \/>\n<meta property=\"article:published_time\" content=\"2025-05-12T15:01:17+00:00\" \/>\n<meta property=\"og:image\" content=\"https:\/\/caralticonesa.com\/wp-content\/uploads\/2025\/05\/ChatGPT-Image-4-may-2025-11_06_36-683x1024.png\" \/>\n\t<meta property=\"og:image:width\" content=\"683\" \/>\n\t<meta property=\"og:image:height\" content=\"1024\" \/>\n\t<meta property=\"og:image:type\" content=\"image\/png\" \/>\n<meta name=\"author\" content=\"caralticonesa\" \/>\n<meta name=\"twitter:card\" content=\"summary_large_image\" \/>\n<meta name=\"twitter:label1\" content=\"Escrit per\" \/>\n\t<meta name=\"twitter:data1\" content=\"caralticonesa\" \/>\n\t<meta name=\"twitter:label2\" content=\"Temps estimat de lectura\" \/>\n\t<meta name=\"twitter:data2\" content=\"4 minuts\" \/>\n<script type=\"application\/ld+json\" class=\"yoast-schema-graph\">{\"@context\":\"https:\/\/schema.org\",\"@graph\":[{\"@type\":\"WebPage\",\"@id\":\"https:\/\/caralticonesa.com\/ca\/ets-autonom-coneixes-que-cobreix-realment-la-teva-asseguranca-de-vida\/\",\"url\":\"https:\/\/caralticonesa.com\/ca\/ets-autonom-coneixes-que-cobreix-realment-la-teva-asseguranca-de-vida\/\",\"name\":\"ETS AUT\u00d2NOM? CONEIXES QU\u00c8 COBREIX REALMENT LA TEVA ASSEGURAN\u00c7A DE VIDA? - Caralt i Conesa\",\"isPartOf\":{\"@id\":\"https:\/\/caralticonesa.com\/#website\"},\"primaryImageOfPage\":{\"@id\":\"https:\/\/caralticonesa.com\/ca\/ets-autonom-coneixes-que-cobreix-realment-la-teva-asseguranca-de-vida\/#primaryimage\"},\"image\":{\"@id\":\"https:\/\/caralticonesa.com\/ca\/ets-autonom-coneixes-que-cobreix-realment-la-teva-asseguranca-de-vida\/#primaryimage\"},\"thumbnailUrl\":\"https:\/\/caralticonesa.com\/wp-content\/uploads\/2025\/05\/ChatGPT-Image-4-may-2025-11_06_36.png\",\"datePublished\":\"2025-05-12T15:01:17+00:00\",\"dateModified\":\"2025-05-12T15:01:17+00:00\",\"author\":{\"@id\":\"https:\/\/caralticonesa.com\/#\/schema\/person\/e2a2530ba1848f127c765c6f1a15c57d\"},\"breadcrumb\":{\"@id\":\"https:\/\/caralticonesa.com\/ca\/ets-autonom-coneixes-que-cobreix-realment-la-teva-asseguranca-de-vida\/#breadcrumb\"},\"inLanguage\":\"ca\",\"potentialAction\":[{\"@type\":\"ReadAction\",\"target\":[\"https:\/\/caralticonesa.com\/ca\/ets-autonom-coneixes-que-cobreix-realment-la-teva-asseguranca-de-vida\/\"]}]},{\"@type\":\"ImageObject\",\"inLanguage\":\"ca\",\"@id\":\"https:\/\/caralticonesa.com\/ca\/ets-autonom-coneixes-que-cobreix-realment-la-teva-asseguranca-de-vida\/#primaryimage\",\"url\":\"https:\/\/caralticonesa.com\/wp-content\/uploads\/2025\/05\/ChatGPT-Image-4-may-2025-11_06_36.png\",\"contentUrl\":\"https:\/\/caralticonesa.com\/wp-content\/uploads\/2025\/05\/ChatGPT-Image-4-may-2025-11_06_36.png\",\"width\":1024,\"height\":1536},{\"@type\":\"BreadcrumbList\",\"@id\":\"https:\/\/caralticonesa.com\/ca\/ets-autonom-coneixes-que-cobreix-realment-la-teva-asseguranca-de-vida\/#breadcrumb\",\"itemListElement\":[{\"@type\":\"ListItem\",\"position\":1,\"name\":\"Portada\",\"item\":\"https:\/\/caralticonesa.com\/ca\/\"},{\"@type\":\"ListItem\",\"position\":2,\"name\":\"ETS AUT\u00d2NOM? CONEIXES QU\u00c8 COBREIX REALMENT LA TEVA ASSEGURAN\u00c7A DE VIDA?\"}]},{\"@type\":\"WebSite\",\"@id\":\"https:\/\/caralticonesa.com\/#website\",\"url\":\"https:\/\/caralticonesa.com\/\",\"name\":\"Caralt i Conesa\",\"description\":\"Otro sitio realizado con WordPress\",\"potentialAction\":[{\"@type\":\"SearchAction\",\"target\":{\"@type\":\"EntryPoint\",\"urlTemplate\":\"https:\/\/caralticonesa.com\/?s={search_term_string}\"},\"query-input\":{\"@type\":\"PropertyValueSpecification\",\"valueRequired\":true,\"valueName\":\"search_term_string\"}}],\"inLanguage\":\"ca\"},{\"@type\":\"Person\",\"@id\":\"https:\/\/caralticonesa.com\/#\/schema\/person\/e2a2530ba1848f127c765c6f1a15c57d\",\"name\":\"caralticonesa\",\"image\":{\"@type\":\"ImageObject\",\"inLanguage\":\"ca\",\"@id\":\"https:\/\/caralticonesa.com\/#\/schema\/person\/image\/\",\"url\":\"https:\/\/secure.gravatar.com\/avatar\/2e4a45cf8c1bc95afe79519e4bb42e61?s=96&d=mm&r=g\",\"contentUrl\":\"https:\/\/secure.gravatar.com\/avatar\/2e4a45cf8c1bc95afe79519e4bb42e61?s=96&d=mm&r=g\",\"caption\":\"caralticonesa\"},\"url\":\"https:\/\/caralticonesa.com\/ca\/author\/caralticonesa\/\"}]}<\/script>\n<!-- \/ Yoast SEO plugin. -->","yoast_head_json":{"title":"ETS AUT\u00d2NOM? CONEIXES QU\u00c8 COBREIX REALMENT LA TEVA ASSEGURAN\u00c7A DE VIDA? - Caralt i Conesa","robots":{"index":"index","follow":"follow","max-snippet":"max-snippet:-1","max-image-preview":"max-image-preview:large","max-video-preview":"max-video-preview:-1"},"canonical":"https:\/\/caralticonesa.com\/ca\/ets-autonom-coneixes-que-cobreix-realment-la-teva-asseguranca-de-vida\/","og_locale":"ca_ES","og_type":"article","og_title":"ETS AUT\u00d2NOM? CONEIXES QU\u00c8 COBREIX REALMENT LA TEVA ASSEGURAN\u00c7A DE VIDA? - Caralt i Conesa","og_description":"Molts aut\u00f2noms creuen estar protegits amb una asseguran\u00e7a de vida b\u00e0sica, per\u00f2 ignoren un aspecte clau: la cobertura d\u2019invalidesa professional. Mes del 90 % de [&hellip;]","og_url":"https:\/\/caralticonesa.com\/ca\/ets-autonom-coneixes-que-cobreix-realment-la-teva-asseguranca-de-vida\/","og_site_name":"Caralt i Conesa","article_published_time":"2025-05-12T15:01:17+00:00","og_image":[{"width":683,"height":1024,"url":"https:\/\/caralticonesa.com\/wp-content\/uploads\/2025\/05\/ChatGPT-Image-4-may-2025-11_06_36-683x1024.png","type":"image\/png"}],"author":"caralticonesa","twitter_card":"summary_large_image","twitter_misc":{"Escrit per":"caralticonesa","Temps estimat de lectura":"4 minuts"},"schema":{"@context":"https:\/\/schema.org","@graph":[{"@type":"WebPage","@id":"https:\/\/caralticonesa.com\/ca\/ets-autonom-coneixes-que-cobreix-realment-la-teva-asseguranca-de-vida\/","url":"https:\/\/caralticonesa.com\/ca\/ets-autonom-coneixes-que-cobreix-realment-la-teva-asseguranca-de-vida\/","name":"ETS AUT\u00d2NOM? CONEIXES QU\u00c8 COBREIX REALMENT LA TEVA ASSEGURAN\u00c7A DE VIDA? - Caralt i Conesa","isPartOf":{"@id":"https:\/\/caralticonesa.com\/#website"},"primaryImageOfPage":{"@id":"https:\/\/caralticonesa.com\/ca\/ets-autonom-coneixes-que-cobreix-realment-la-teva-asseguranca-de-vida\/#primaryimage"},"image":{"@id":"https:\/\/caralticonesa.com\/ca\/ets-autonom-coneixes-que-cobreix-realment-la-teva-asseguranca-de-vida\/#primaryimage"},"thumbnailUrl":"https:\/\/caralticonesa.com\/wp-content\/uploads\/2025\/05\/ChatGPT-Image-4-may-2025-11_06_36.png","datePublished":"2025-05-12T15:01:17+00:00","dateModified":"2025-05-12T15:01:17+00:00","author":{"@id":"https:\/\/caralticonesa.com\/#\/schema\/person\/e2a2530ba1848f127c765c6f1a15c57d"},"breadcrumb":{"@id":"https:\/\/caralticonesa.com\/ca\/ets-autonom-coneixes-que-cobreix-realment-la-teva-asseguranca-de-vida\/#breadcrumb"},"inLanguage":"ca","potentialAction":[{"@type":"ReadAction","target":["https:\/\/caralticonesa.com\/ca\/ets-autonom-coneixes-que-cobreix-realment-la-teva-asseguranca-de-vida\/"]}]},{"@type":"ImageObject","inLanguage":"ca","@id":"https:\/\/caralticonesa.com\/ca\/ets-autonom-coneixes-que-cobreix-realment-la-teva-asseguranca-de-vida\/#primaryimage","url":"https:\/\/caralticonesa.com\/wp-content\/uploads\/2025\/05\/ChatGPT-Image-4-may-2025-11_06_36.png","contentUrl":"https:\/\/caralticonesa.com\/wp-content\/uploads\/2025\/05\/ChatGPT-Image-4-may-2025-11_06_36.png","width":1024,"height":1536},{"@type":"BreadcrumbList","@id":"https:\/\/caralticonesa.com\/ca\/ets-autonom-coneixes-que-cobreix-realment-la-teva-asseguranca-de-vida\/#breadcrumb","itemListElement":[{"@type":"ListItem","position":1,"name":"Portada","item":"https:\/\/caralticonesa.com\/ca\/"},{"@type":"ListItem","position":2,"name":"ETS AUT\u00d2NOM? CONEIXES QU\u00c8 COBREIX REALMENT LA TEVA ASSEGURAN\u00c7A DE VIDA?"}]},{"@type":"WebSite","@id":"https:\/\/caralticonesa.com\/#website","url":"https:\/\/caralticonesa.com\/","name":"Caralt i Conesa","description":"Otro sitio realizado con WordPress","potentialAction":[{"@type":"SearchAction","target":{"@type":"EntryPoint","urlTemplate":"https:\/\/caralticonesa.com\/?s={search_term_string}"},"query-input":{"@type":"PropertyValueSpecification","valueRequired":true,"valueName":"search_term_string"}}],"inLanguage":"ca"},{"@type":"Person","@id":"https:\/\/caralticonesa.com\/#\/schema\/person\/e2a2530ba1848f127c765c6f1a15c57d","name":"caralticonesa","image":{"@type":"ImageObject","inLanguage":"ca","@id":"https:\/\/caralticonesa.com\/#\/schema\/person\/image\/","url":"https:\/\/secure.gravatar.com\/avatar\/2e4a45cf8c1bc95afe79519e4bb42e61?s=96&d=mm&r=g","contentUrl":"https:\/\/secure.gravatar.com\/avatar\/2e4a45cf8c1bc95afe79519e4bb42e61?s=96&d=mm&r=g","caption":"caralticonesa"},"url":"https:\/\/caralticonesa.com\/ca\/author\/caralticonesa\/"}]}},"_links":{"self":[{"href":"https:\/\/caralticonesa.com\/ca\/wp-json\/wp\/v2\/posts\/3007"}],"collection":[{"href":"https:\/\/caralticonesa.com\/ca\/wp-json\/wp\/v2\/posts"}],"about":[{"href":"https:\/\/caralticonesa.com\/ca\/wp-json\/wp\/v2\/types\/post"}],"author":[{"embeddable":true,"href":"https:\/\/caralticonesa.com\/ca\/wp-json\/wp\/v2\/users\/1"}],"replies":[{"embeddable":true,"href":"https:\/\/caralticonesa.com\/ca\/wp-json\/wp\/v2\/comments?post=3007"}],"version-history":[{"count":15,"href":"https:\/\/caralticonesa.com\/ca\/wp-json\/wp\/v2\/posts\/3007\/revisions"}],"predecessor-version":[{"id":3025,"href":"https:\/\/caralticonesa.com\/ca\/wp-json\/wp\/v2\/posts\/3007\/revisions\/3025"}],"wp:featuredmedia":[{"embeddable":true,"href":"https:\/\/caralticonesa.com\/ca\/wp-json\/wp\/v2\/media\/3017"}],"wp:attachment":[{"href":"https:\/\/caralticonesa.com\/ca\/wp-json\/wp\/v2\/media?parent=3007"}],"wp:term":[{"taxonomy":"category","embeddable":true,"href":"https:\/\/caralticonesa.com\/ca\/wp-json\/wp\/v2\/categories?post=3007"},{"taxonomy":"post_tag","embeddable":true,"href":"https:\/\/caralticonesa.com\/ca\/wp-json\/wp\/v2\/tags?post=3007"}],"curies":[{"name":"wp","href":"https:\/\/api.w.org\/{rel}","templated":true}]}}