{"id":2989,"date":"2025-04-14T16:43:28","date_gmt":"2025-04-14T16:43:28","guid":{"rendered":"https:\/\/caralticonesa.com\/?p=2989"},"modified":"2025-04-14T16:44:52","modified_gmt":"2025-04-14T16:44:52","slug":"per-que-cal-contractar-una-asseguranca-que-protegeixi-contra-limpagament-dinquilins","status":"publish","type":"post","link":"https:\/\/caralticonesa.com\/ca\/per-que-cal-contractar-una-asseguranca-que-protegeixi-contra-limpagament-dinquilins\/","title":{"rendered":"Per qu\u00e8 cal contractar una asseguran\u00e7a que protegeixi contra l&#8217;impagament d&#8217;inquilins?"},"content":{"rendered":"<p>Els propietaris d&#8217;immobles llogats s&#8217;enfronten amb riscos inherents a la relaci\u00f3 amb els llogaters. Un dels m\u00e9s greus \u00e9s l&#8217;impagament de la renda, cosa que pot generar grans inconvenients.<\/p>\n<h5>Assessorament jur\u00eddic<\/h5>\n<p>Sobre tots els dubtes que pugui sorgir a un propietari, davant del seu llogater, de tota mena.<\/p>\n<h5>Desnonament per recuperar la possessi\u00f3 i reclamaci\u00f3 de rendes impagades.<\/h5>\n<p>Cobertura legal per emprendre un desnonament a l&#8217;inquil\u00ed que no paga la renda i no vol abandonar l&#8217;immoble.<\/p>\n<h5>Compensaci\u00f3 del pagament de lloguers.<\/h5>\n<p>Mentre transcorre el temps a seu judicial, la companyia asseguradora anir\u00e0 compensat els lloguers impagats.<\/p>\n<h5>Cobertura de danys a la propietat:<\/h5>\n<h4><span style=\"color: #868686; font-size: 15px;\">A m\u00e9s de l&#8217;impagament, l&#8217;asseguran\u00e7a pot incloure una cobertura per danys de vandalisme sobre l&#8217;immoble que causi l&#8217;inquil\u00ed a l&#8217;immoble, assegurant que el propietari no assumeixi els costos de reparaci\u00f3<\/span><\/h4>\n<h5>Cobertura per impagament de subministraments:<\/h5>\n<h4><span style=\"color: #868686; font-size: 15px;\">De vegades, els llogaters no nom\u00e9s incompleixen el pagament de la renda, sin\u00f3 tamb\u00e9 el dels subministraments (aigua, llum, gas). Aquesta cobertura permet al propietari fer front a aquests impagaments, amb la indemnitzaci\u00f3 de la companyia.<\/span><\/h4>\n<h5>Cobertures addicionals a la protecci\u00f3 per impagament:<\/h5>\n<p>A m\u00e9s de la cobertura b\u00e0sica contra l&#8217;impagament de rendes, \u00e9s recomanable incloure altres cobertures que poden ser de gran utilitat per als propietaris:<\/p>\n<p>Defensa penal de l&#8217;arrendador<\/p>\n<p>Drets del Consumidor<\/p>\n<p>Reclamaci\u00f3 per incompliment d&#8217;altres assegurances.<\/p>\n<p>Reclamaci\u00f3 de danys no contractual causats per tercers<\/p>\n<p>Conflictes relacionats amb la propietat de limmoble.<\/p>\n<p>Assist\u00e8ncia en gesti\u00f3 de documents legals<\/p>\n<p>Gesti\u00f3 del cam\u00ed de subministraments<\/p>\n<p>Compensaci\u00f3 per p\u00e8rdua de lloguers per inhabitabilitat.<\/p>\n<p>&nbsp;<\/p>\n<h5>A m\u00e9s<\/h5>\n<p>Contractar una asseguran\u00e7a d&#8217;impagament de lloguer \u00e9s una mesura intel\u00b7ligent per protegir la teva inversi\u00f3 immobili\u00e0ria. Ja siguis una gran forquilla o no, hi ha solucions adequades per a cada cas. Les cobertures addicionals, com ara els danys a la propietat, la neteja, la serralleria, el vandalisme i l&#8217;assist\u00e8ncia jur\u00eddica, s\u00f3n essencials per oferir una protecci\u00f3 completa i evitar que els impagaments o problemes amb llogaters afectin la teva rendibilitat. A m\u00e9s, aquestes cobertures addicionals asseguren que puguis mantenir l\u00b4immoble en bon estat i en condicions de ser llogat sense contratemps.<\/p>\n<p>Vols fer- nos alguna pregunta m\u00e9s ???<\/p>\n<p>&nbsp;<\/p>\n<p><span style=\"color: #3366ff;\"><a style=\"color: #3366ff;\" href=\"https:\/\/caralticonesa.com\/ca\/contacte\/\">FES CLIK AQUI\u00a0<\/a><\/span><\/p>\n<p>&nbsp;<\/p>\n<p><a href=\"https:\/\/www.linkedin.com\/in\/marc-conesa-caralt-a0069538\/\">Marc Conesa\u00a0<\/a><\/p>\n","protected":false},"excerpt":{"rendered":"<p>Els propietaris d&#8217;immobles llogats s&#8217;enfronten amb riscos inherents a la relaci\u00f3 amb els llogaters. Un dels m\u00e9s greus \u00e9s l&#8217;impagament de la renda, cosa que [&hellip;]<\/p>\n","protected":false},"author":1,"featured_media":2994,"comment_status":"closed","ping_status":"closed","sticky":false,"template":"","format":"standard","meta":{"footnotes":""},"categories":[7],"tags":[],"class_list":["post-2989","post","type-post","status-publish","format-standard","has-post-thumbnail","hentry","category-uncategorized-ca"],"yoast_head":"<!-- This site is optimized with the Yoast SEO plugin v24.1 - https:\/\/yoast.com\/wordpress\/plugins\/seo\/ -->\n<title>Per qu\u00e8 cal contractar una asseguran\u00e7a que protegeixi contra l&#039;impagament d&#039;inquilins? - Caralt i Conesa<\/title>\n<meta name=\"robots\" content=\"index, follow, max-snippet:-1, max-image-preview:large, max-video-preview:-1\" \/>\n<link rel=\"canonical\" href=\"https:\/\/caralticonesa.com\/ca\/per-que-cal-contractar-una-asseguranca-que-protegeixi-contra-limpagament-dinquilins\/\" \/>\n<meta property=\"og:locale\" content=\"ca_ES\" \/>\n<meta property=\"og:type\" content=\"article\" \/>\n<meta property=\"og:title\" content=\"Per qu\u00e8 cal contractar una asseguran\u00e7a que protegeixi contra l&#039;impagament d&#039;inquilins? - Caralt i Conesa\" \/>\n<meta property=\"og:description\" content=\"Els propietaris d&#8217;immobles llogats s&#8217;enfronten amb riscos inherents a la relaci\u00f3 amb els llogaters. Un dels m\u00e9s greus \u00e9s l&#8217;impagament de la renda, cosa que [&hellip;]\" \/>\n<meta property=\"og:url\" content=\"https:\/\/caralticonesa.com\/ca\/per-que-cal-contractar-una-asseguranca-que-protegeixi-contra-limpagament-dinquilins\/\" \/>\n<meta property=\"og:site_name\" content=\"Caralt i Conesa\" \/>\n<meta property=\"article:published_time\" content=\"2025-04-14T16:43:28+00:00\" \/>\n<meta property=\"article:modified_time\" content=\"2025-04-14T16:44:52+00:00\" \/>\n<meta property=\"og:image\" content=\"https:\/\/caralticonesa.com\/wp-content\/uploads\/2025\/04\/ChatGPT-Image-14-abr-2025-18_40_36-1024x683.png\" \/>\n\t<meta property=\"og:image:width\" content=\"1024\" \/>\n\t<meta property=\"og:image:height\" content=\"683\" \/>\n\t<meta property=\"og:image:type\" content=\"image\/png\" \/>\n<meta name=\"author\" content=\"caralticonesa\" \/>\n<meta name=\"twitter:card\" content=\"summary_large_image\" \/>\n<meta name=\"twitter:label1\" content=\"Escrit per\" \/>\n\t<meta name=\"twitter:data1\" content=\"caralticonesa\" \/>\n\t<meta name=\"twitter:label2\" content=\"Temps estimat de lectura\" \/>\n\t<meta name=\"twitter:data2\" content=\"2 minuts\" \/>\n<script type=\"application\/ld+json\" class=\"yoast-schema-graph\">{\"@context\":\"https:\/\/schema.org\",\"@graph\":[{\"@type\":\"WebPage\",\"@id\":\"https:\/\/caralticonesa.com\/ca\/per-que-cal-contractar-una-asseguranca-que-protegeixi-contra-limpagament-dinquilins\/\",\"url\":\"https:\/\/caralticonesa.com\/ca\/per-que-cal-contractar-una-asseguranca-que-protegeixi-contra-limpagament-dinquilins\/\",\"name\":\"Per qu\u00e8 cal contractar una asseguran\u00e7a que protegeixi contra l'impagament d'inquilins? - Caralt i Conesa\",\"isPartOf\":{\"@id\":\"https:\/\/caralticonesa.com\/#website\"},\"primaryImageOfPage\":{\"@id\":\"https:\/\/caralticonesa.com\/ca\/per-que-cal-contractar-una-asseguranca-que-protegeixi-contra-limpagament-dinquilins\/#primaryimage\"},\"image\":{\"@id\":\"https:\/\/caralticonesa.com\/ca\/per-que-cal-contractar-una-asseguranca-que-protegeixi-contra-limpagament-dinquilins\/#primaryimage\"},\"thumbnailUrl\":\"https:\/\/caralticonesa.com\/wp-content\/uploads\/2025\/04\/ChatGPT-Image-14-abr-2025-18_40_36.png\",\"datePublished\":\"2025-04-14T16:43:28+00:00\",\"dateModified\":\"2025-04-14T16:44:52+00:00\",\"author\":{\"@id\":\"https:\/\/caralticonesa.com\/#\/schema\/person\/e2a2530ba1848f127c765c6f1a15c57d\"},\"breadcrumb\":{\"@id\":\"https:\/\/caralticonesa.com\/ca\/per-que-cal-contractar-una-asseguranca-que-protegeixi-contra-limpagament-dinquilins\/#breadcrumb\"},\"inLanguage\":\"ca\",\"potentialAction\":[{\"@type\":\"ReadAction\",\"target\":[\"https:\/\/caralticonesa.com\/ca\/per-que-cal-contractar-una-asseguranca-que-protegeixi-contra-limpagament-dinquilins\/\"]}]},{\"@type\":\"ImageObject\",\"inLanguage\":\"ca\",\"@id\":\"https:\/\/caralticonesa.com\/ca\/per-que-cal-contractar-una-asseguranca-que-protegeixi-contra-limpagament-dinquilins\/#primaryimage\",\"url\":\"https:\/\/caralticonesa.com\/wp-content\/uploads\/2025\/04\/ChatGPT-Image-14-abr-2025-18_40_36.png\",\"contentUrl\":\"https:\/\/caralticonesa.com\/wp-content\/uploads\/2025\/04\/ChatGPT-Image-14-abr-2025-18_40_36.png\",\"width\":1536,\"height\":1024},{\"@type\":\"BreadcrumbList\",\"@id\":\"https:\/\/caralticonesa.com\/ca\/per-que-cal-contractar-una-asseguranca-que-protegeixi-contra-limpagament-dinquilins\/#breadcrumb\",\"itemListElement\":[{\"@type\":\"ListItem\",\"position\":1,\"name\":\"Portada\",\"item\":\"https:\/\/caralticonesa.com\/ca\/\"},{\"@type\":\"ListItem\",\"position\":2,\"name\":\"Per qu\u00e8 cal contractar una asseguran\u00e7a que protegeixi contra l&#8217;impagament d&#8217;inquilins?\"}]},{\"@type\":\"WebSite\",\"@id\":\"https:\/\/caralticonesa.com\/#website\",\"url\":\"https:\/\/caralticonesa.com\/\",\"name\":\"Caralt i Conesa\",\"description\":\"Otro sitio realizado con WordPress\",\"potentialAction\":[{\"@type\":\"SearchAction\",\"target\":{\"@type\":\"EntryPoint\",\"urlTemplate\":\"https:\/\/caralticonesa.com\/?s={search_term_string}\"},\"query-input\":{\"@type\":\"PropertyValueSpecification\",\"valueRequired\":true,\"valueName\":\"search_term_string\"}}],\"inLanguage\":\"ca\"},{\"@type\":\"Person\",\"@id\":\"https:\/\/caralticonesa.com\/#\/schema\/person\/e2a2530ba1848f127c765c6f1a15c57d\",\"name\":\"caralticonesa\",\"image\":{\"@type\":\"ImageObject\",\"inLanguage\":\"ca\",\"@id\":\"https:\/\/caralticonesa.com\/#\/schema\/person\/image\/\",\"url\":\"https:\/\/secure.gravatar.com\/avatar\/2e4a45cf8c1bc95afe79519e4bb42e61?s=96&d=mm&r=g\",\"contentUrl\":\"https:\/\/secure.gravatar.com\/avatar\/2e4a45cf8c1bc95afe79519e4bb42e61?s=96&d=mm&r=g\",\"caption\":\"caralticonesa\"},\"url\":\"https:\/\/caralticonesa.com\/ca\/author\/caralticonesa\/\"}]}<\/script>\n<!-- \/ Yoast SEO plugin. -->","yoast_head_json":{"title":"Per qu\u00e8 cal contractar una asseguran\u00e7a que protegeixi contra l'impagament d'inquilins? - Caralt i Conesa","robots":{"index":"index","follow":"follow","max-snippet":"max-snippet:-1","max-image-preview":"max-image-preview:large","max-video-preview":"max-video-preview:-1"},"canonical":"https:\/\/caralticonesa.com\/ca\/per-que-cal-contractar-una-asseguranca-que-protegeixi-contra-limpagament-dinquilins\/","og_locale":"ca_ES","og_type":"article","og_title":"Per qu\u00e8 cal contractar una asseguran\u00e7a que protegeixi contra l'impagament d'inquilins? - Caralt i Conesa","og_description":"Els propietaris d&#8217;immobles llogats s&#8217;enfronten amb riscos inherents a la relaci\u00f3 amb els llogaters. Un dels m\u00e9s greus \u00e9s l&#8217;impagament de la renda, cosa que [&hellip;]","og_url":"https:\/\/caralticonesa.com\/ca\/per-que-cal-contractar-una-asseguranca-que-protegeixi-contra-limpagament-dinquilins\/","og_site_name":"Caralt i Conesa","article_published_time":"2025-04-14T16:43:28+00:00","article_modified_time":"2025-04-14T16:44:52+00:00","og_image":[{"width":1024,"height":683,"url":"https:\/\/caralticonesa.com\/wp-content\/uploads\/2025\/04\/ChatGPT-Image-14-abr-2025-18_40_36-1024x683.png","type":"image\/png"}],"author":"caralticonesa","twitter_card":"summary_large_image","twitter_misc":{"Escrit per":"caralticonesa","Temps estimat de lectura":"2 minuts"},"schema":{"@context":"https:\/\/schema.org","@graph":[{"@type":"WebPage","@id":"https:\/\/caralticonesa.com\/ca\/per-que-cal-contractar-una-asseguranca-que-protegeixi-contra-limpagament-dinquilins\/","url":"https:\/\/caralticonesa.com\/ca\/per-que-cal-contractar-una-asseguranca-que-protegeixi-contra-limpagament-dinquilins\/","name":"Per qu\u00e8 cal contractar una asseguran\u00e7a que protegeixi contra l'impagament d'inquilins? - Caralt i Conesa","isPartOf":{"@id":"https:\/\/caralticonesa.com\/#website"},"primaryImageOfPage":{"@id":"https:\/\/caralticonesa.com\/ca\/per-que-cal-contractar-una-asseguranca-que-protegeixi-contra-limpagament-dinquilins\/#primaryimage"},"image":{"@id":"https:\/\/caralticonesa.com\/ca\/per-que-cal-contractar-una-asseguranca-que-protegeixi-contra-limpagament-dinquilins\/#primaryimage"},"thumbnailUrl":"https:\/\/caralticonesa.com\/wp-content\/uploads\/2025\/04\/ChatGPT-Image-14-abr-2025-18_40_36.png","datePublished":"2025-04-14T16:43:28+00:00","dateModified":"2025-04-14T16:44:52+00:00","author":{"@id":"https:\/\/caralticonesa.com\/#\/schema\/person\/e2a2530ba1848f127c765c6f1a15c57d"},"breadcrumb":{"@id":"https:\/\/caralticonesa.com\/ca\/per-que-cal-contractar-una-asseguranca-que-protegeixi-contra-limpagament-dinquilins\/#breadcrumb"},"inLanguage":"ca","potentialAction":[{"@type":"ReadAction","target":["https:\/\/caralticonesa.com\/ca\/per-que-cal-contractar-una-asseguranca-que-protegeixi-contra-limpagament-dinquilins\/"]}]},{"@type":"ImageObject","inLanguage":"ca","@id":"https:\/\/caralticonesa.com\/ca\/per-que-cal-contractar-una-asseguranca-que-protegeixi-contra-limpagament-dinquilins\/#primaryimage","url":"https:\/\/caralticonesa.com\/wp-content\/uploads\/2025\/04\/ChatGPT-Image-14-abr-2025-18_40_36.png","contentUrl":"https:\/\/caralticonesa.com\/wp-content\/uploads\/2025\/04\/ChatGPT-Image-14-abr-2025-18_40_36.png","width":1536,"height":1024},{"@type":"BreadcrumbList","@id":"https:\/\/caralticonesa.com\/ca\/per-que-cal-contractar-una-asseguranca-que-protegeixi-contra-limpagament-dinquilins\/#breadcrumb","itemListElement":[{"@type":"ListItem","position":1,"name":"Portada","item":"https:\/\/caralticonesa.com\/ca\/"},{"@type":"ListItem","position":2,"name":"Per qu\u00e8 cal contractar una asseguran\u00e7a que protegeixi contra l&#8217;impagament d&#8217;inquilins?"}]},{"@type":"WebSite","@id":"https:\/\/caralticonesa.com\/#website","url":"https:\/\/caralticonesa.com\/","name":"Caralt i Conesa","description":"Otro sitio realizado con WordPress","potentialAction":[{"@type":"SearchAction","target":{"@type":"EntryPoint","urlTemplate":"https:\/\/caralticonesa.com\/?s={search_term_string}"},"query-input":{"@type":"PropertyValueSpecification","valueRequired":true,"valueName":"search_term_string"}}],"inLanguage":"ca"},{"@type":"Person","@id":"https:\/\/caralticonesa.com\/#\/schema\/person\/e2a2530ba1848f127c765c6f1a15c57d","name":"caralticonesa","image":{"@type":"ImageObject","inLanguage":"ca","@id":"https:\/\/caralticonesa.com\/#\/schema\/person\/image\/","url":"https:\/\/secure.gravatar.com\/avatar\/2e4a45cf8c1bc95afe79519e4bb42e61?s=96&d=mm&r=g","contentUrl":"https:\/\/secure.gravatar.com\/avatar\/2e4a45cf8c1bc95afe79519e4bb42e61?s=96&d=mm&r=g","caption":"caralticonesa"},"url":"https:\/\/caralticonesa.com\/ca\/author\/caralticonesa\/"}]}},"_links":{"self":[{"href":"https:\/\/caralticonesa.com\/ca\/wp-json\/wp\/v2\/posts\/2989"}],"collection":[{"href":"https:\/\/caralticonesa.com\/ca\/wp-json\/wp\/v2\/posts"}],"about":[{"href":"https:\/\/caralticonesa.com\/ca\/wp-json\/wp\/v2\/types\/post"}],"author":[{"embeddable":true,"href":"https:\/\/caralticonesa.com\/ca\/wp-json\/wp\/v2\/users\/1"}],"replies":[{"embeddable":true,"href":"https:\/\/caralticonesa.com\/ca\/wp-json\/wp\/v2\/comments?post=2989"}],"version-history":[{"count":8,"href":"https:\/\/caralticonesa.com\/ca\/wp-json\/wp\/v2\/posts\/2989\/revisions"}],"predecessor-version":[{"id":2998,"href":"https:\/\/caralticonesa.com\/ca\/wp-json\/wp\/v2\/posts\/2989\/revisions\/2998"}],"wp:featuredmedia":[{"embeddable":true,"href":"https:\/\/caralticonesa.com\/ca\/wp-json\/wp\/v2\/media\/2994"}],"wp:attachment":[{"href":"https:\/\/caralticonesa.com\/ca\/wp-json\/wp\/v2\/media?parent=2989"}],"wp:term":[{"taxonomy":"category","embeddable":true,"href":"https:\/\/caralticonesa.com\/ca\/wp-json\/wp\/v2\/categories?post=2989"},{"taxonomy":"post_tag","embeddable":true,"href":"https:\/\/caralticonesa.com\/ca\/wp-json\/wp\/v2\/tags?post=2989"}],"curies":[{"name":"wp","href":"https:\/\/api.w.org\/{rel}","templated":true}]}}