{"id":2952,"date":"2025-02-28T15:00:17","date_gmt":"2025-02-28T15:00:17","guid":{"rendered":"https:\/\/caralticonesa.com\/?p=2952"},"modified":"2025-03-11T07:51:51","modified_gmt":"2025-03-11T07:51:51","slug":"que-es-lasseguranca-daccidents-de-conveni","status":"publish","type":"post","link":"https:\/\/caralticonesa.com\/ca\/que-es-lasseguranca-daccidents-de-conveni\/","title":{"rendered":"Qu\u00e8 \u00e9s l&#8217;asseguran\u00e7a d&#8217;accidents de conveni?"},"content":{"rendered":"<h3><\/h3>\n<p>Al m\u00f3n empresarial, garantir la seguretat i el benestar dels treballadors \u00e9s una prioritat. No nom\u00e9s per un tema de responsabilitat social, sin\u00f3 perqu\u00e8 la normativa laboral estableix l&#8217;obligaci\u00f3 de brindar protecci\u00f3 adequada en cas d&#8217;accidents. Aqu\u00ed \u00e9s on<a href=\"https:\/\/caralticonesa.com\/seguros-empresas\/accidentes-de-convenio\/\"> l&#8217;asseguran\u00e7a d&#8217;accidents de conveni<\/a> t\u00e9 un paper fonamental.<\/p>\n<p>&nbsp;<\/p>\n<p>&nbsp;<\/p>\n<h3>Quines s\u00f3n les cobertures habituals Asseguran\u00e7a d&#8217;Accidents de Conveni,<\/h3>\n<p>Aquesta asseguran\u00e7a \u00e9s una p\u00f2lissa dissenyada per cobrir els accidents laborals dels treballadors, d&#8217;acord amb els convenis col\u00b7lectius de treball. El seu prop\u00f2sit \u00e9s assegurar que, en cas d&#8217;un imprevist, l&#8217;empleat rebi la indemnitzaci\u00f3 adequada, segons estableixi el conveni i l&#8217;empresa compleixi les obligacions sense inc\u00f3rrer en costos inesperats.<\/p>\n<p>Cada conveni col\u00b7lectiu estableix les condicions laborals en mat\u00e8ria de remuneraci\u00f3, vacances, permisos i horaris, a m\u00e9s de regular les indemnitzacions que l\u00b4empresari ha d\u00b4assumir en cas d\u00b4accident laboral. L&#8217;asseguran\u00e7a d&#8217;accidents de conveni permet externalitzar aquests compromisos, brindant seguretat tant a empleats com a ocupadors.<\/p>\n<p>Si b\u00e9 cada conveni col\u00b7lectiu exigeix \u200b\u200bdiferents cobertures i capitals assegurats, les m\u00e9s comunes inclouen:<\/p>\n<p><strong>Mort per accident laboral<\/strong><\/p>\n<p><strong>Defunci\u00f3 per qualsevol causa<\/strong><\/p>\n<p><strong>Incapacitat permanent total<\/strong><\/p>\n<p><strong>Incapacitat absoluta<\/strong><\/p>\n<p><strong>Malaltia professional<\/strong><\/p>\n<p><strong>Gran invalidesa<\/strong><\/p>\n<p>&nbsp;<\/p>\n<h3>Exemples de capitals assegurats per conveni<\/h3>\n<p>Alguns convenis inclouen les seg\u00fcents indemnitzacions:<\/p>\n<p><strong>Conveni siderometal\u00b7l\u00fargic:<\/strong><\/p>\n<p>Mort laboral: 25.000\u20ac<\/p>\n<p>Incapacitat permanent absoluta: 25.000 \u20ac<\/p>\n<p><strong>Conveni de construcci\u00f3 provincial:<\/strong><\/p>\n<p>Mort natural: 2.000\u20ac<\/p>\n<p>Mort laboral: 47.000\u20ac<\/p>\n<p>Incapacitat permanent total per accident laboral: 28.000 \u20ac<\/p>\n<p>Gran invalidesa per malaltia professional: 47.000 \u20ac<\/p>\n<p><strong>Conveni comer\u00e7 al menor:<\/strong><\/p>\n<p>Mort laboral: 30.000\u20ac<\/p>\n<p>Incapacitat permanent absoluta per accident laboral: 30.000 \u20ac<\/p>\n<p>Gran invalidesa per accident laboral: 30.000 \u20ac<\/p>\n<p>Defunci\u00f3 per qualsevol causa a treballadors de m\u00e9s de 45 anys i 10 d&#8217;antiguitat.<\/p>\n<p>&nbsp;<\/p>\n<h3>Qu\u00e8 passa si no\u00a0 ha contractat cap asseguran\u00e7a d&#8217;accidents de conveni?<\/h3>\n<p>En cas de no comptar amb aquesta asseguran\u00e7a, l&#8217;empresari ha d&#8217;indemnitzar directament el treballador o la fam\u00edlia, cosa que pot representar un impacte financer significatiu a l&#8217;empresa. A m\u00e9s, podria enfrontar sancions per incompliment normatiu.<\/p>\n<p>&nbsp;<\/p>\n<h3>La import\u00e0ncia de mantenir l&#8217;asseguran\u00e7a actualitzada<\/h3>\n<p>&nbsp;<\/p>\n<p>Per assegurar que la p\u00f2lissa cobreixi correctament els empleats, \u00e9s important revisar i regularitzar anualment el nombre de treballadors assegurats, basant-se en el TC2 dels darrers 12 mesos. Les asseguradores adapten autom\u00e0ticament els capitals i les garanties quan el conveni col\u00b7lectiu s&#8217;actualitza, sense que l&#8217;empresari hagi de fer gestions addicionals.<\/p>\n<p>&nbsp;<\/p>\n<p>Si lamentablement hi hagu\u00e9s un accident i s&#8217;hagu\u00e9s d&#8217;utilitssar la p\u00f2lissa d&#8217;assegurances i els treballadors no estiguessin actualitzats, l&#8217;asseguradora podria limitar la indemnitzaci\u00f3 en la mateixa proporci\u00f3 dels treballadors assegurats als reals.<\/p>\n<p>&nbsp;<\/p>\n<h3>Com saber si la meva empresa necessita aquesta asseguran\u00e7a?<\/h3>\n<p>&nbsp;<\/p>\n<p>La manera m\u00e9s senzilla i r\u00e0pida \u00e9s contactar amb un assessor especialitzat\u00a0<span style=\"color: #ff0000;\"> \u00a0<\/span><a href=\"https:\/\/caralticonesa.com\/ca\/contacte\/\"><span style=\"color: #ff0000;\">CLICA AQUI\u00a0 <\/span><\/a>\u00a0estem disponibles per brindar-te una soluci\u00f3 adaptada a les teves necessitats.<\/p>\n<p>&nbsp;<\/p>\n<p>Si vols con\u00e8ixer m\u00e9s sobre com contractar aquesta asseguran\u00e7a i les opcions disponibles,<a href=\"https:\/\/caralticonesa.com\/ca\/contacte\/\"> no dubtis a contactar-nos<\/a>. El nostre equip d&#8217;experts est\u00e0 llest per assessorar-te.<\/p>\n<p>&nbsp;<\/p>\n<p><a href=\"https:\/\/www.linkedin.com\/in\/marc-conesa-caralt-a0069538\/\">Marc Conesa\u00a0<\/a><\/p>\n<p>&nbsp;<\/p>\n","protected":false},"excerpt":{"rendered":"<p>Al m\u00f3n empresarial, garantir la seguretat i el benestar dels treballadors \u00e9s una prioritat. No nom\u00e9s per un tema de responsabilitat social, sin\u00f3 perqu\u00e8 la [&hellip;]<\/p>\n","protected":false},"author":1,"featured_media":2954,"comment_status":"closed","ping_status":"closed","sticky":false,"template":"","format":"standard","meta":{"footnotes":""},"categories":[7],"tags":[],"class_list":["post-2952","post","type-post","status-publish","format-standard","has-post-thumbnail","hentry","category-uncategorized-ca"],"yoast_head":"<!-- This site is optimized with the Yoast SEO plugin v24.1 - https:\/\/yoast.com\/wordpress\/plugins\/seo\/ -->\n<title>Qu\u00e8 \u00e9s l&#039;asseguran\u00e7a d&#039;accidents de conveni? - Caralt i Conesa<\/title>\n<meta name=\"robots\" content=\"index, follow, max-snippet:-1, max-image-preview:large, max-video-preview:-1\" \/>\n<link rel=\"canonical\" href=\"https:\/\/caralticonesa.com\/ca\/que-es-lasseguranca-daccidents-de-conveni\/\" \/>\n<meta property=\"og:locale\" content=\"ca_ES\" \/>\n<meta property=\"og:type\" content=\"article\" \/>\n<meta property=\"og:title\" content=\"Qu\u00e8 \u00e9s l&#039;asseguran\u00e7a d&#039;accidents de conveni? - Caralt i Conesa\" \/>\n<meta property=\"og:description\" content=\"Al m\u00f3n empresarial, garantir la seguretat i el benestar dels treballadors \u00e9s una prioritat. No nom\u00e9s per un tema de responsabilitat social, sin\u00f3 perqu\u00e8 la [&hellip;]\" \/>\n<meta property=\"og:url\" content=\"https:\/\/caralticonesa.com\/ca\/que-es-lasseguranca-daccidents-de-conveni\/\" \/>\n<meta property=\"og:site_name\" content=\"Caralt i Conesa\" \/>\n<meta property=\"article:published_time\" content=\"2025-02-28T15:00:17+00:00\" \/>\n<meta property=\"article:modified_time\" content=\"2025-03-11T07:51:51+00:00\" \/>\n<meta property=\"og:image\" content=\"https:\/\/caralticonesa.com\/wp-content\/uploads\/2025\/02\/ac7fd353-aec0-4bb8-b606-b70a19c3244c.webp\" \/>\n\t<meta property=\"og:image:width\" content=\"1792\" \/>\n\t<meta property=\"og:image:height\" content=\"1024\" \/>\n\t<meta property=\"og:image:type\" content=\"image\/webp\" \/>\n<meta name=\"author\" content=\"caralticonesa\" \/>\n<meta name=\"twitter:card\" content=\"summary_large_image\" \/>\n<meta name=\"twitter:label1\" content=\"Escrit per\" \/>\n\t<meta name=\"twitter:data1\" content=\"caralticonesa\" \/>\n\t<meta name=\"twitter:label2\" content=\"Temps estimat de lectura\" \/>\n\t<meta name=\"twitter:data2\" content=\"3 minuts\" \/>\n<script type=\"application\/ld+json\" class=\"yoast-schema-graph\">{\"@context\":\"https:\/\/schema.org\",\"@graph\":[{\"@type\":\"WebPage\",\"@id\":\"https:\/\/caralticonesa.com\/ca\/que-es-lasseguranca-daccidents-de-conveni\/\",\"url\":\"https:\/\/caralticonesa.com\/ca\/que-es-lasseguranca-daccidents-de-conveni\/\",\"name\":\"Qu\u00e8 \u00e9s l'asseguran\u00e7a d'accidents de conveni? - Caralt i Conesa\",\"isPartOf\":{\"@id\":\"https:\/\/caralticonesa.com\/#website\"},\"primaryImageOfPage\":{\"@id\":\"https:\/\/caralticonesa.com\/ca\/que-es-lasseguranca-daccidents-de-conveni\/#primaryimage\"},\"image\":{\"@id\":\"https:\/\/caralticonesa.com\/ca\/que-es-lasseguranca-daccidents-de-conveni\/#primaryimage\"},\"thumbnailUrl\":\"https:\/\/caralticonesa.com\/wp-content\/uploads\/2025\/02\/ac7fd353-aec0-4bb8-b606-b70a19c3244c.webp\",\"datePublished\":\"2025-02-28T15:00:17+00:00\",\"dateModified\":\"2025-03-11T07:51:51+00:00\",\"author\":{\"@id\":\"https:\/\/caralticonesa.com\/#\/schema\/person\/e2a2530ba1848f127c765c6f1a15c57d\"},\"breadcrumb\":{\"@id\":\"https:\/\/caralticonesa.com\/ca\/que-es-lasseguranca-daccidents-de-conveni\/#breadcrumb\"},\"inLanguage\":\"ca\",\"potentialAction\":[{\"@type\":\"ReadAction\",\"target\":[\"https:\/\/caralticonesa.com\/ca\/que-es-lasseguranca-daccidents-de-conveni\/\"]}]},{\"@type\":\"ImageObject\",\"inLanguage\":\"ca\",\"@id\":\"https:\/\/caralticonesa.com\/ca\/que-es-lasseguranca-daccidents-de-conveni\/#primaryimage\",\"url\":\"https:\/\/caralticonesa.com\/wp-content\/uploads\/2025\/02\/ac7fd353-aec0-4bb8-b606-b70a19c3244c.webp\",\"contentUrl\":\"https:\/\/caralticonesa.com\/wp-content\/uploads\/2025\/02\/ac7fd353-aec0-4bb8-b606-b70a19c3244c.webp\",\"width\":1792,\"height\":1024},{\"@type\":\"BreadcrumbList\",\"@id\":\"https:\/\/caralticonesa.com\/ca\/que-es-lasseguranca-daccidents-de-conveni\/#breadcrumb\",\"itemListElement\":[{\"@type\":\"ListItem\",\"position\":1,\"name\":\"Portada\",\"item\":\"https:\/\/caralticonesa.com\/ca\/\"},{\"@type\":\"ListItem\",\"position\":2,\"name\":\"Qu\u00e8 \u00e9s l&#8217;asseguran\u00e7a d&#8217;accidents de conveni?\"}]},{\"@type\":\"WebSite\",\"@id\":\"https:\/\/caralticonesa.com\/#website\",\"url\":\"https:\/\/caralticonesa.com\/\",\"name\":\"Caralt i Conesa\",\"description\":\"Otro sitio realizado con WordPress\",\"potentialAction\":[{\"@type\":\"SearchAction\",\"target\":{\"@type\":\"EntryPoint\",\"urlTemplate\":\"https:\/\/caralticonesa.com\/?s={search_term_string}\"},\"query-input\":{\"@type\":\"PropertyValueSpecification\",\"valueRequired\":true,\"valueName\":\"search_term_string\"}}],\"inLanguage\":\"ca\"},{\"@type\":\"Person\",\"@id\":\"https:\/\/caralticonesa.com\/#\/schema\/person\/e2a2530ba1848f127c765c6f1a15c57d\",\"name\":\"caralticonesa\",\"image\":{\"@type\":\"ImageObject\",\"inLanguage\":\"ca\",\"@id\":\"https:\/\/caralticonesa.com\/#\/schema\/person\/image\/\",\"url\":\"https:\/\/secure.gravatar.com\/avatar\/2e4a45cf8c1bc95afe79519e4bb42e61?s=96&d=mm&r=g\",\"contentUrl\":\"https:\/\/secure.gravatar.com\/avatar\/2e4a45cf8c1bc95afe79519e4bb42e61?s=96&d=mm&r=g\",\"caption\":\"caralticonesa\"},\"url\":\"https:\/\/caralticonesa.com\/ca\/author\/caralticonesa\/\"}]}<\/script>\n<!-- \/ Yoast SEO plugin. -->","yoast_head_json":{"title":"Qu\u00e8 \u00e9s l'asseguran\u00e7a d'accidents de conveni? - Caralt i Conesa","robots":{"index":"index","follow":"follow","max-snippet":"max-snippet:-1","max-image-preview":"max-image-preview:large","max-video-preview":"max-video-preview:-1"},"canonical":"https:\/\/caralticonesa.com\/ca\/que-es-lasseguranca-daccidents-de-conveni\/","og_locale":"ca_ES","og_type":"article","og_title":"Qu\u00e8 \u00e9s l'asseguran\u00e7a d'accidents de conveni? - Caralt i Conesa","og_description":"Al m\u00f3n empresarial, garantir la seguretat i el benestar dels treballadors \u00e9s una prioritat. No nom\u00e9s per un tema de responsabilitat social, sin\u00f3 perqu\u00e8 la [&hellip;]","og_url":"https:\/\/caralticonesa.com\/ca\/que-es-lasseguranca-daccidents-de-conveni\/","og_site_name":"Caralt i Conesa","article_published_time":"2025-02-28T15:00:17+00:00","article_modified_time":"2025-03-11T07:51:51+00:00","og_image":[{"width":1792,"height":1024,"url":"https:\/\/caralticonesa.com\/wp-content\/uploads\/2025\/02\/ac7fd353-aec0-4bb8-b606-b70a19c3244c.webp","type":"image\/webp"}],"author":"caralticonesa","twitter_card":"summary_large_image","twitter_misc":{"Escrit per":"caralticonesa","Temps estimat de lectura":"3 minuts"},"schema":{"@context":"https:\/\/schema.org","@graph":[{"@type":"WebPage","@id":"https:\/\/caralticonesa.com\/ca\/que-es-lasseguranca-daccidents-de-conveni\/","url":"https:\/\/caralticonesa.com\/ca\/que-es-lasseguranca-daccidents-de-conveni\/","name":"Qu\u00e8 \u00e9s l'asseguran\u00e7a d'accidents de conveni? - Caralt i Conesa","isPartOf":{"@id":"https:\/\/caralticonesa.com\/#website"},"primaryImageOfPage":{"@id":"https:\/\/caralticonesa.com\/ca\/que-es-lasseguranca-daccidents-de-conveni\/#primaryimage"},"image":{"@id":"https:\/\/caralticonesa.com\/ca\/que-es-lasseguranca-daccidents-de-conveni\/#primaryimage"},"thumbnailUrl":"https:\/\/caralticonesa.com\/wp-content\/uploads\/2025\/02\/ac7fd353-aec0-4bb8-b606-b70a19c3244c.webp","datePublished":"2025-02-28T15:00:17+00:00","dateModified":"2025-03-11T07:51:51+00:00","author":{"@id":"https:\/\/caralticonesa.com\/#\/schema\/person\/e2a2530ba1848f127c765c6f1a15c57d"},"breadcrumb":{"@id":"https:\/\/caralticonesa.com\/ca\/que-es-lasseguranca-daccidents-de-conveni\/#breadcrumb"},"inLanguage":"ca","potentialAction":[{"@type":"ReadAction","target":["https:\/\/caralticonesa.com\/ca\/que-es-lasseguranca-daccidents-de-conveni\/"]}]},{"@type":"ImageObject","inLanguage":"ca","@id":"https:\/\/caralticonesa.com\/ca\/que-es-lasseguranca-daccidents-de-conveni\/#primaryimage","url":"https:\/\/caralticonesa.com\/wp-content\/uploads\/2025\/02\/ac7fd353-aec0-4bb8-b606-b70a19c3244c.webp","contentUrl":"https:\/\/caralticonesa.com\/wp-content\/uploads\/2025\/02\/ac7fd353-aec0-4bb8-b606-b70a19c3244c.webp","width":1792,"height":1024},{"@type":"BreadcrumbList","@id":"https:\/\/caralticonesa.com\/ca\/que-es-lasseguranca-daccidents-de-conveni\/#breadcrumb","itemListElement":[{"@type":"ListItem","position":1,"name":"Portada","item":"https:\/\/caralticonesa.com\/ca\/"},{"@type":"ListItem","position":2,"name":"Qu\u00e8 \u00e9s l&#8217;asseguran\u00e7a d&#8217;accidents de conveni?"}]},{"@type":"WebSite","@id":"https:\/\/caralticonesa.com\/#website","url":"https:\/\/caralticonesa.com\/","name":"Caralt i Conesa","description":"Otro sitio realizado con WordPress","potentialAction":[{"@type":"SearchAction","target":{"@type":"EntryPoint","urlTemplate":"https:\/\/caralticonesa.com\/?s={search_term_string}"},"query-input":{"@type":"PropertyValueSpecification","valueRequired":true,"valueName":"search_term_string"}}],"inLanguage":"ca"},{"@type":"Person","@id":"https:\/\/caralticonesa.com\/#\/schema\/person\/e2a2530ba1848f127c765c6f1a15c57d","name":"caralticonesa","image":{"@type":"ImageObject","inLanguage":"ca","@id":"https:\/\/caralticonesa.com\/#\/schema\/person\/image\/","url":"https:\/\/secure.gravatar.com\/avatar\/2e4a45cf8c1bc95afe79519e4bb42e61?s=96&d=mm&r=g","contentUrl":"https:\/\/secure.gravatar.com\/avatar\/2e4a45cf8c1bc95afe79519e4bb42e61?s=96&d=mm&r=g","caption":"caralticonesa"},"url":"https:\/\/caralticonesa.com\/ca\/author\/caralticonesa\/"}]}},"_links":{"self":[{"href":"https:\/\/caralticonesa.com\/ca\/wp-json\/wp\/v2\/posts\/2952"}],"collection":[{"href":"https:\/\/caralticonesa.com\/ca\/wp-json\/wp\/v2\/posts"}],"about":[{"href":"https:\/\/caralticonesa.com\/ca\/wp-json\/wp\/v2\/types\/post"}],"author":[{"embeddable":true,"href":"https:\/\/caralticonesa.com\/ca\/wp-json\/wp\/v2\/users\/1"}],"replies":[{"embeddable":true,"href":"https:\/\/caralticonesa.com\/ca\/wp-json\/wp\/v2\/comments?post=2952"}],"version-history":[{"count":13,"href":"https:\/\/caralticonesa.com\/ca\/wp-json\/wp\/v2\/posts\/2952\/revisions"}],"predecessor-version":[{"id":2967,"href":"https:\/\/caralticonesa.com\/ca\/wp-json\/wp\/v2\/posts\/2952\/revisions\/2967"}],"wp:featuredmedia":[{"embeddable":true,"href":"https:\/\/caralticonesa.com\/ca\/wp-json\/wp\/v2\/media\/2954"}],"wp:attachment":[{"href":"https:\/\/caralticonesa.com\/ca\/wp-json\/wp\/v2\/media?parent=2952"}],"wp:term":[{"taxonomy":"category","embeddable":true,"href":"https:\/\/caralticonesa.com\/ca\/wp-json\/wp\/v2\/categories?post=2952"},{"taxonomy":"post_tag","embeddable":true,"href":"https:\/\/caralticonesa.com\/ca\/wp-json\/wp\/v2\/tags?post=2952"}],"curies":[{"name":"wp","href":"https:\/\/api.w.org\/{rel}","templated":true}]}}