{"id":2933,"date":"2025-02-13T18:04:48","date_gmt":"2025-02-13T18:04:48","guid":{"rendered":"https:\/\/caralticonesa.com\/?p=2933"},"modified":"2025-02-13T18:04:48","modified_gmt":"2025-02-13T18:04:48","slug":"que-ha-de-fer-un-empresari-quan-amplia-les-instal%c2%b7lacions-o-fa-reformes-importants","status":"publish","type":"post","link":"https:\/\/caralticonesa.com\/ca\/que-ha-de-fer-un-empresari-quan-amplia-les-instal%c2%b7lacions-o-fa-reformes-importants\/","title":{"rendered":"Qu\u00e8 ha de fer un empresari quan amplia les instal\u00b7lacions o fa reformes importants?"},"content":{"rendered":"<p>Al m\u00f3n empresarial, la millora i ampliaci\u00f3 d&#8217;instal\u00b7lacions \u00e9s una estrat\u00e8gia clau per al creixement i l&#8217;optimitzaci\u00f3 de processos. Tot i aix\u00f2, aquestes obres comporten riscos que poden posar en perill tant la viabilitat del projecte com el patrimoni de l&#8217;empresari. \u00c9s per aix\u00f2 que comptar amb una asseguran\u00e7a de responsabilitat civil de promotor no \u00e9s nom\u00e9s una decisi\u00f3 intel\u00b7ligent, sin\u00f3 una necessitat per protegir la inversi\u00f3 i evitar complicacions legals i econ\u00f2miques.<\/p>\n<p>L&#8217;asseguran\u00e7a de responsabilitat civil protegeix l&#8217;empresari contra els possibles danys a tercers que puguin derivar-se de les obres de millora o ampliaci\u00f3 de les instal\u00b7lacions. Aquest tipus d&#8217;asseguran\u00e7a cobreix, entre d&#8217;altres aspectes:<\/p>\n<p><strong>Danys materials:<\/strong> P\u00e8rdues o desperfectes en propietats confrontants, infraestructures p\u00fabliques o b\u00e9ns de tercers a causa de les obres.<br \/>\n<strong>Lesions a persones:<\/strong> Accidents soferts per treballadors, visitants, clients o qualsevol persona afectada pel desenvolupament de la construcci\u00f3.<br \/>\n<strong>Responsabilitat mediambiental:<\/strong> Danys ocasionats a l&#8217;entorn degut a la construcci\u00f3, com a contaminaci\u00f3 del s\u00f2l o de l&#8217;aigua.<br \/>\nAquesta asseguran\u00e7a no nom\u00e9s cobreix els costos de reparaci\u00f3 o indemnitzaci\u00f3, sin\u00f3 tamb\u00e9<strong> les despeses legals<\/strong> en cas de litigis, brindant a l&#8217;empresari tranquil\u00b7litat i recolzament davant de qualsevol eventualitat.<\/p>\n<p><strong>Els riscos de no assegurar l&#8217;obra:<\/strong><\/p>\n<p>No comptar amb una asseguran\u00e7a de responsabilitat civil de promotor , pot exposar l&#8217;empresari a una s\u00e8rie de conseq\u00fc\u00e8ncies greus que poden comprometre l&#8217;estabilitat financera del negoci. Alguns dels riscos m\u00e9s importants inclouen:<\/p>\n<p><strong>Reclamacions econ\u00f2miques elevades:<\/strong> Si es produeix un accident o dany a tercers, l&#8217;empresari ha d&#8217;assumir els costos d&#8217;indemnitzaci\u00f3, que poden ser considerablement alts i afectar el flux de caixa de l&#8217;empresa.<br \/>\n<strong>Demandes i litigis<\/strong>: Un incident durant l&#8217;obra pot derivar en processos judicials perllongats, amb despeses en advocats i possibles sancions.<br \/>\n<strong>Paralitzaci\u00f3 de l&#8217;obra:<\/strong> Un sinistre greu sense cobertura pot provocar la interrupci\u00f3 dels treballs, endarrerint el projecte i generar p\u00e8rdues econ\u00f2miques.<br \/>\nDany a la reputaci\u00f3: La manca de previsi\u00f3 a la gesti\u00f3 de riscos pot afectar la imatge de l&#8217;empresa, disminuint la confian\u00e7a de clients, inversors i col\u00b7laboradors.<\/p>\n<p><strong>Quin cost t\u00e9 aquesta asseguran\u00e7a?<\/strong><\/p>\n<p>Per con\u00e8ixer el cost d &#8216; aquesta cobertura de RC promotor hi ha diversos elements a examinar , el valor de lobra i el temps dexecuci\u00f3 entre altres.<\/p>\n<p>Tot i que la majoria d&#8217;assegurances de <strong>responsabilitat civil general ja inclouen aquesta cobertura<\/strong> en la garantia d&#8217;explotaci\u00f3, amb uns l\u00edmits en valor d&#8217;execuci\u00f3.<\/p>\n<p>Per con\u00e8ixer l&#8217;abast de la p\u00f2lissa actual de RC i decidir si s&#8217;ha d&#8217;assegurar una responsabilitat civil de promotor, la millor opci\u00f3 \u00e9s:<\/p>\n<p><a href=\"https:\/\/www.linkedin.com\/company\/5234955\/admin\/dashboard\/\">consultar el corredor d&#8217;assegurances.<\/a><\/p>\n<p><a href=\"https:\/\/www.linkedin.com\/in\/marc-conesa-caralt-a0069538\/\">Marc Conesa<\/a><\/p>\n","protected":false},"excerpt":{"rendered":"<p>Al m\u00f3n empresarial, la millora i ampliaci\u00f3 d&#8217;instal\u00b7lacions \u00e9s una estrat\u00e8gia clau per al creixement i l&#8217;optimitzaci\u00f3 de processos. Tot i aix\u00f2, aquestes obres comporten [&hellip;]<\/p>\n","protected":false},"author":1,"featured_media":2934,"comment_status":"closed","ping_status":"closed","sticky":false,"template":"","format":"standard","meta":{"footnotes":""},"categories":[7],"tags":[],"class_list":["post-2933","post","type-post","status-publish","format-standard","has-post-thumbnail","hentry","category-uncategorized-ca"],"yoast_head":"<!-- This site is optimized with the Yoast SEO plugin v24.1 - https:\/\/yoast.com\/wordpress\/plugins\/seo\/ -->\n<title>Qu\u00e8 ha de fer un empresari quan amplia les instal\u00b7lacions o fa reformes importants? - Caralt i Conesa<\/title>\n<meta name=\"robots\" content=\"index, follow, max-snippet:-1, max-image-preview:large, max-video-preview:-1\" \/>\n<link rel=\"canonical\" href=\"https:\/\/caralticonesa.com\/ca\/que-ha-de-fer-un-empresari-quan-amplia-les-instal\u00b7lacions-o-fa-reformes-importants\/\" \/>\n<meta property=\"og:locale\" content=\"ca_ES\" \/>\n<meta property=\"og:type\" content=\"article\" \/>\n<meta property=\"og:title\" content=\"Qu\u00e8 ha de fer un empresari quan amplia les instal\u00b7lacions o fa reformes importants? - Caralt i Conesa\" \/>\n<meta property=\"og:description\" content=\"Al m\u00f3n empresarial, la millora i ampliaci\u00f3 d&#8217;instal\u00b7lacions \u00e9s una estrat\u00e8gia clau per al creixement i l&#8217;optimitzaci\u00f3 de processos. Tot i aix\u00f2, aquestes obres comporten [&hellip;]\" \/>\n<meta property=\"og:url\" content=\"https:\/\/caralticonesa.com\/ca\/que-ha-de-fer-un-empresari-quan-amplia-les-instal\u00b7lacions-o-fa-reformes-importants\/\" \/>\n<meta property=\"og:site_name\" content=\"Caralt i Conesa\" \/>\n<meta property=\"article:published_time\" content=\"2025-02-13T18:04:48+00:00\" \/>\n<meta property=\"og:image\" content=\"https:\/\/caralticonesa.com\/wp-content\/uploads\/2025\/02\/dd59c190-21b1-4995-a679-d4551e44d3d7.webp\" \/>\n\t<meta property=\"og:image:width\" content=\"1024\" \/>\n\t<meta property=\"og:image:height\" content=\"1024\" \/>\n\t<meta property=\"og:image:type\" content=\"image\/webp\" \/>\n<meta name=\"author\" content=\"caralticonesa\" \/>\n<meta name=\"twitter:card\" content=\"summary_large_image\" \/>\n<meta name=\"twitter:label1\" content=\"Escrit per\" \/>\n\t<meta name=\"twitter:data1\" content=\"caralticonesa\" \/>\n\t<meta name=\"twitter:label2\" content=\"Temps estimat de lectura\" \/>\n\t<meta name=\"twitter:data2\" content=\"3 minuts\" \/>\n<script type=\"application\/ld+json\" class=\"yoast-schema-graph\">{\"@context\":\"https:\/\/schema.org\",\"@graph\":[{\"@type\":\"WebPage\",\"@id\":\"https:\/\/caralticonesa.com\/ca\/que-ha-de-fer-un-empresari-quan-amplia-les-instal%c2%b7lacions-o-fa-reformes-importants\/\",\"url\":\"https:\/\/caralticonesa.com\/ca\/que-ha-de-fer-un-empresari-quan-amplia-les-instal%c2%b7lacions-o-fa-reformes-importants\/\",\"name\":\"Qu\u00e8 ha de fer un empresari quan amplia les instal\u00b7lacions o fa reformes importants? - Caralt i Conesa\",\"isPartOf\":{\"@id\":\"https:\/\/caralticonesa.com\/#website\"},\"primaryImageOfPage\":{\"@id\":\"https:\/\/caralticonesa.com\/ca\/que-ha-de-fer-un-empresari-quan-amplia-les-instal%c2%b7lacions-o-fa-reformes-importants\/#primaryimage\"},\"image\":{\"@id\":\"https:\/\/caralticonesa.com\/ca\/que-ha-de-fer-un-empresari-quan-amplia-les-instal%c2%b7lacions-o-fa-reformes-importants\/#primaryimage\"},\"thumbnailUrl\":\"https:\/\/caralticonesa.com\/wp-content\/uploads\/2025\/02\/dd59c190-21b1-4995-a679-d4551e44d3d7.webp\",\"datePublished\":\"2025-02-13T18:04:48+00:00\",\"dateModified\":\"2025-02-13T18:04:48+00:00\",\"author\":{\"@id\":\"https:\/\/caralticonesa.com\/#\/schema\/person\/e2a2530ba1848f127c765c6f1a15c57d\"},\"breadcrumb\":{\"@id\":\"https:\/\/caralticonesa.com\/ca\/que-ha-de-fer-un-empresari-quan-amplia-les-instal%c2%b7lacions-o-fa-reformes-importants\/#breadcrumb\"},\"inLanguage\":\"ca\",\"potentialAction\":[{\"@type\":\"ReadAction\",\"target\":[\"https:\/\/caralticonesa.com\/ca\/que-ha-de-fer-un-empresari-quan-amplia-les-instal%c2%b7lacions-o-fa-reformes-importants\/\"]}]},{\"@type\":\"ImageObject\",\"inLanguage\":\"ca\",\"@id\":\"https:\/\/caralticonesa.com\/ca\/que-ha-de-fer-un-empresari-quan-amplia-les-instal%c2%b7lacions-o-fa-reformes-importants\/#primaryimage\",\"url\":\"https:\/\/caralticonesa.com\/wp-content\/uploads\/2025\/02\/dd59c190-21b1-4995-a679-d4551e44d3d7.webp\",\"contentUrl\":\"https:\/\/caralticonesa.com\/wp-content\/uploads\/2025\/02\/dd59c190-21b1-4995-a679-d4551e44d3d7.webp\",\"width\":1024,\"height\":1024},{\"@type\":\"BreadcrumbList\",\"@id\":\"https:\/\/caralticonesa.com\/ca\/que-ha-de-fer-un-empresari-quan-amplia-les-instal%c2%b7lacions-o-fa-reformes-importants\/#breadcrumb\",\"itemListElement\":[{\"@type\":\"ListItem\",\"position\":1,\"name\":\"Portada\",\"item\":\"https:\/\/caralticonesa.com\/ca\/\"},{\"@type\":\"ListItem\",\"position\":2,\"name\":\"Qu\u00e8 ha de fer un empresari quan amplia les instal\u00b7lacions o fa reformes importants?\"}]},{\"@type\":\"WebSite\",\"@id\":\"https:\/\/caralticonesa.com\/#website\",\"url\":\"https:\/\/caralticonesa.com\/\",\"name\":\"Caralt i Conesa\",\"description\":\"Otro sitio realizado con WordPress\",\"potentialAction\":[{\"@type\":\"SearchAction\",\"target\":{\"@type\":\"EntryPoint\",\"urlTemplate\":\"https:\/\/caralticonesa.com\/?s={search_term_string}\"},\"query-input\":{\"@type\":\"PropertyValueSpecification\",\"valueRequired\":true,\"valueName\":\"search_term_string\"}}],\"inLanguage\":\"ca\"},{\"@type\":\"Person\",\"@id\":\"https:\/\/caralticonesa.com\/#\/schema\/person\/e2a2530ba1848f127c765c6f1a15c57d\",\"name\":\"caralticonesa\",\"image\":{\"@type\":\"ImageObject\",\"inLanguage\":\"ca\",\"@id\":\"https:\/\/caralticonesa.com\/#\/schema\/person\/image\/\",\"url\":\"https:\/\/secure.gravatar.com\/avatar\/2e4a45cf8c1bc95afe79519e4bb42e61?s=96&d=mm&r=g\",\"contentUrl\":\"https:\/\/secure.gravatar.com\/avatar\/2e4a45cf8c1bc95afe79519e4bb42e61?s=96&d=mm&r=g\",\"caption\":\"caralticonesa\"},\"url\":\"https:\/\/caralticonesa.com\/ca\/author\/caralticonesa\/\"}]}<\/script>\n<!-- \/ Yoast SEO plugin. -->","yoast_head_json":{"title":"Qu\u00e8 ha de fer un empresari quan amplia les instal\u00b7lacions o fa reformes importants? - Caralt i Conesa","robots":{"index":"index","follow":"follow","max-snippet":"max-snippet:-1","max-image-preview":"max-image-preview:large","max-video-preview":"max-video-preview:-1"},"canonical":"https:\/\/caralticonesa.com\/ca\/que-ha-de-fer-un-empresari-quan-amplia-les-instal\u00b7lacions-o-fa-reformes-importants\/","og_locale":"ca_ES","og_type":"article","og_title":"Qu\u00e8 ha de fer un empresari quan amplia les instal\u00b7lacions o fa reformes importants? - Caralt i Conesa","og_description":"Al m\u00f3n empresarial, la millora i ampliaci\u00f3 d&#8217;instal\u00b7lacions \u00e9s una estrat\u00e8gia clau per al creixement i l&#8217;optimitzaci\u00f3 de processos. Tot i aix\u00f2, aquestes obres comporten [&hellip;]","og_url":"https:\/\/caralticonesa.com\/ca\/que-ha-de-fer-un-empresari-quan-amplia-les-instal\u00b7lacions-o-fa-reformes-importants\/","og_site_name":"Caralt i Conesa","article_published_time":"2025-02-13T18:04:48+00:00","og_image":[{"width":1024,"height":1024,"url":"https:\/\/caralticonesa.com\/wp-content\/uploads\/2025\/02\/dd59c190-21b1-4995-a679-d4551e44d3d7.webp","type":"image\/webp"}],"author":"caralticonesa","twitter_card":"summary_large_image","twitter_misc":{"Escrit per":"caralticonesa","Temps estimat de lectura":"3 minuts"},"schema":{"@context":"https:\/\/schema.org","@graph":[{"@type":"WebPage","@id":"https:\/\/caralticonesa.com\/ca\/que-ha-de-fer-un-empresari-quan-amplia-les-instal%c2%b7lacions-o-fa-reformes-importants\/","url":"https:\/\/caralticonesa.com\/ca\/que-ha-de-fer-un-empresari-quan-amplia-les-instal%c2%b7lacions-o-fa-reformes-importants\/","name":"Qu\u00e8 ha de fer un empresari quan amplia les instal\u00b7lacions o fa reformes importants? - Caralt i Conesa","isPartOf":{"@id":"https:\/\/caralticonesa.com\/#website"},"primaryImageOfPage":{"@id":"https:\/\/caralticonesa.com\/ca\/que-ha-de-fer-un-empresari-quan-amplia-les-instal%c2%b7lacions-o-fa-reformes-importants\/#primaryimage"},"image":{"@id":"https:\/\/caralticonesa.com\/ca\/que-ha-de-fer-un-empresari-quan-amplia-les-instal%c2%b7lacions-o-fa-reformes-importants\/#primaryimage"},"thumbnailUrl":"https:\/\/caralticonesa.com\/wp-content\/uploads\/2025\/02\/dd59c190-21b1-4995-a679-d4551e44d3d7.webp","datePublished":"2025-02-13T18:04:48+00:00","dateModified":"2025-02-13T18:04:48+00:00","author":{"@id":"https:\/\/caralticonesa.com\/#\/schema\/person\/e2a2530ba1848f127c765c6f1a15c57d"},"breadcrumb":{"@id":"https:\/\/caralticonesa.com\/ca\/que-ha-de-fer-un-empresari-quan-amplia-les-instal%c2%b7lacions-o-fa-reformes-importants\/#breadcrumb"},"inLanguage":"ca","potentialAction":[{"@type":"ReadAction","target":["https:\/\/caralticonesa.com\/ca\/que-ha-de-fer-un-empresari-quan-amplia-les-instal%c2%b7lacions-o-fa-reformes-importants\/"]}]},{"@type":"ImageObject","inLanguage":"ca","@id":"https:\/\/caralticonesa.com\/ca\/que-ha-de-fer-un-empresari-quan-amplia-les-instal%c2%b7lacions-o-fa-reformes-importants\/#primaryimage","url":"https:\/\/caralticonesa.com\/wp-content\/uploads\/2025\/02\/dd59c190-21b1-4995-a679-d4551e44d3d7.webp","contentUrl":"https:\/\/caralticonesa.com\/wp-content\/uploads\/2025\/02\/dd59c190-21b1-4995-a679-d4551e44d3d7.webp","width":1024,"height":1024},{"@type":"BreadcrumbList","@id":"https:\/\/caralticonesa.com\/ca\/que-ha-de-fer-un-empresari-quan-amplia-les-instal%c2%b7lacions-o-fa-reformes-importants\/#breadcrumb","itemListElement":[{"@type":"ListItem","position":1,"name":"Portada","item":"https:\/\/caralticonesa.com\/ca\/"},{"@type":"ListItem","position":2,"name":"Qu\u00e8 ha de fer un empresari quan amplia les instal\u00b7lacions o fa reformes importants?"}]},{"@type":"WebSite","@id":"https:\/\/caralticonesa.com\/#website","url":"https:\/\/caralticonesa.com\/","name":"Caralt i Conesa","description":"Otro sitio realizado con WordPress","potentialAction":[{"@type":"SearchAction","target":{"@type":"EntryPoint","urlTemplate":"https:\/\/caralticonesa.com\/?s={search_term_string}"},"query-input":{"@type":"PropertyValueSpecification","valueRequired":true,"valueName":"search_term_string"}}],"inLanguage":"ca"},{"@type":"Person","@id":"https:\/\/caralticonesa.com\/#\/schema\/person\/e2a2530ba1848f127c765c6f1a15c57d","name":"caralticonesa","image":{"@type":"ImageObject","inLanguage":"ca","@id":"https:\/\/caralticonesa.com\/#\/schema\/person\/image\/","url":"https:\/\/secure.gravatar.com\/avatar\/2e4a45cf8c1bc95afe79519e4bb42e61?s=96&d=mm&r=g","contentUrl":"https:\/\/secure.gravatar.com\/avatar\/2e4a45cf8c1bc95afe79519e4bb42e61?s=96&d=mm&r=g","caption":"caralticonesa"},"url":"https:\/\/caralticonesa.com\/ca\/author\/caralticonesa\/"}]}},"_links":{"self":[{"href":"https:\/\/caralticonesa.com\/ca\/wp-json\/wp\/v2\/posts\/2933"}],"collection":[{"href":"https:\/\/caralticonesa.com\/ca\/wp-json\/wp\/v2\/posts"}],"about":[{"href":"https:\/\/caralticonesa.com\/ca\/wp-json\/wp\/v2\/types\/post"}],"author":[{"embeddable":true,"href":"https:\/\/caralticonesa.com\/ca\/wp-json\/wp\/v2\/users\/1"}],"replies":[{"embeddable":true,"href":"https:\/\/caralticonesa.com\/ca\/wp-json\/wp\/v2\/comments?post=2933"}],"version-history":[{"count":8,"href":"https:\/\/caralticonesa.com\/ca\/wp-json\/wp\/v2\/posts\/2933\/revisions"}],"predecessor-version":[{"id":2942,"href":"https:\/\/caralticonesa.com\/ca\/wp-json\/wp\/v2\/posts\/2933\/revisions\/2942"}],"wp:featuredmedia":[{"embeddable":true,"href":"https:\/\/caralticonesa.com\/ca\/wp-json\/wp\/v2\/media\/2934"}],"wp:attachment":[{"href":"https:\/\/caralticonesa.com\/ca\/wp-json\/wp\/v2\/media?parent=2933"}],"wp:term":[{"taxonomy":"category","embeddable":true,"href":"https:\/\/caralticonesa.com\/ca\/wp-json\/wp\/v2\/categories?post=2933"},{"taxonomy":"post_tag","embeddable":true,"href":"https:\/\/caralticonesa.com\/ca\/wp-json\/wp\/v2\/tags?post=2933"}],"curies":[{"name":"wp","href":"https:\/\/api.w.org\/{rel}","templated":true}]}}