{"id":2916,"date":"2025-01-28T14:08:45","date_gmt":"2025-01-28T14:08:45","guid":{"rendered":"https:\/\/caralticonesa.com\/?p=2916"},"modified":"2025-01-28T14:49:06","modified_gmt":"2025-01-28T14:49:06","slug":"any-nou-propossits-nous-comenca-el-any-amb-una-asseguranca-d-estalvi","status":"publish","type":"post","link":"https:\/\/caralticonesa.com\/ca\/any-nou-propossits-nous-comenca-el-any-amb-una-asseguranca-d-estalvi\/","title":{"rendered":"Any nou , propossits nous , comen\u00e7a el any amb una asseguran\u00e7a d estalvi !!"},"content":{"rendered":"<p>L&#8217;inici d&#8217;un nou any \u00e9s com un full blanc: una oportunitat per replantejar-nos metes i enfocar-nos en all\u00f2 que realment importa. I, si alguna cosa hem apr\u00e8s amb el temps, \u00e9s que tenir un matal\u00e0s financer pot marcar la difer\u00e8ncia, estalviar \u00e9s molt m\u00e9s que estalviar diners; \u00e9s invertir en tranquil\u00b7litat, seguretat i oportunitats. Per aix\u00f2, et vull convidar a considerar aquest prop\u00f2sit: comen\u00e7ar un pla d&#8217;estalvi amb el suport de la nostra corredoria d&#8217;assegurances.<\/p>\n<p>Un pla d&#8217;estalvi no \u00e9s nom\u00e9s un producte financer \u00e9s una eina estrat\u00e8gica que fa que els teus diners creixin de manera ordenada i segura. A m\u00e9s, s&#8217;adapta als vostres objectius: comprar una casa, finan\u00e7ar estudis, emprendre un negoci o simplement viure sense preocupacions econ\u00f2miques.<\/p>\n<p>Hi ha diversos instruments per iniciar el teu estalvi , PPA\u00a0 pla de previsi\u00f3 d&#8217;estalvi , Pla de pensions , IPF imposici\u00f3 a termini fix. Des de <a href=\"https:\/\/caralticonesa.com\/\">Caralt i Conesa<\/a>, t&#8217;ajudarem a escollir el que m\u00e9s et convingui, tenint en compte.<\/p>\n<p>&nbsp;<\/p>\n<h4>Tindrem en compte diversos factors:<\/h4>\n<p>-Temps disponible fins a fer efectiu el reemborsament. Cada tipus d&#8217;inversi\u00f3 o producte porta associat uns temps per maximitzar la rendibilitat.<\/p>\n<p>-La periodicitat ser\u00e0 elegida per l&#8217;estalviador valorant el moment de vital i de capacitat d&#8217;estalvi.<\/p>\n<p>-S&#8217;ha de valorar tamb\u00e9 la possibilitat de\u00a0 poder dispossar de l&#8217;estalvi, per causes no previstes.<\/p>\n<p>-Tamb\u00e9 han d&#8217;escollir amb coneixement els actius vinculats a la inversi\u00f3, buscant un equilibri entre solidesa i rendibilitat.<\/p>\n<p>&nbsp;<\/p>\n<h4>Posposar \u00e9s l&#8217;enemic m\u00e9s gran de l&#8217;estalvi<\/h4>\n<p>\u00c9s f\u00e0cil caure al parany de \u00abho far\u00e9 despr\u00e9s\u00bb. Per\u00f2 cada dia que postergas \u00e9s un dia menys de creixement per als teus diners. En prendre la decisi\u00f3 avui, ets un pas endavant.<\/p>\n<p>&nbsp;<\/p>\n<h4>El moment \u00e9s ara!!<\/h4>\n<p>No deixis que el temps es converteixi en el teu obstacle. Aquest inici\u00a0 d&#8217;Any \u00e9s l&#8217;excusa perfecta per comen\u00e7ar a construir un futur ple d&#8217;oportunitats<\/p>\n<p>Si vols que t&#8217;ajudem\u00a0 \u00a0 <em><strong>TRUCA &#8216; NS\u00a0 \u00a0al\u00a0 606174741.<\/strong><\/em><\/p>\n<p><a href=\"https:\/\/caralticonesa.com\/\">Caralt i Conesa\u00a0<\/a><\/p>\n<p>&nbsp;<\/p>\n","protected":false},"excerpt":{"rendered":"<p>L&#8217;inici d&#8217;un nou any \u00e9s com un full blanc: una oportunitat per replantejar-nos metes i enfocar-nos en all\u00f2 que realment importa. I, si alguna cosa [&hellip;]<\/p>\n","protected":false},"author":1,"featured_media":2917,"comment_status":"closed","ping_status":"closed","sticky":false,"template":"","format":"standard","meta":{"footnotes":""},"categories":[7],"tags":[],"class_list":["post-2916","post","type-post","status-publish","format-standard","has-post-thumbnail","hentry","category-uncategorized-ca"],"yoast_head":"<!-- This site is optimized with the Yoast SEO plugin v24.1 - https:\/\/yoast.com\/wordpress\/plugins\/seo\/ -->\n<title>Any nou , propossits nous , comen\u00e7a el any amb una asseguran\u00e7a d estalvi !! - Caralt i Conesa<\/title>\n<meta name=\"robots\" content=\"index, follow, max-snippet:-1, max-image-preview:large, max-video-preview:-1\" \/>\n<link rel=\"canonical\" href=\"https:\/\/caralticonesa.com\/ca\/any-nou-propossits-nous-comenca-el-any-amb-una-asseguranca-d-estalvi\/\" \/>\n<meta property=\"og:locale\" content=\"ca_ES\" \/>\n<meta property=\"og:type\" content=\"article\" \/>\n<meta property=\"og:title\" content=\"Any nou , propossits nous , comen\u00e7a el any amb una asseguran\u00e7a d estalvi !! - Caralt i Conesa\" \/>\n<meta property=\"og:description\" content=\"L&#8217;inici d&#8217;un nou any \u00e9s com un full blanc: una oportunitat per replantejar-nos metes i enfocar-nos en all\u00f2 que realment importa. I, si alguna cosa [&hellip;]\" \/>\n<meta property=\"og:url\" content=\"https:\/\/caralticonesa.com\/ca\/any-nou-propossits-nous-comenca-el-any-amb-una-asseguranca-d-estalvi\/\" \/>\n<meta property=\"og:site_name\" content=\"Caralt i Conesa\" \/>\n<meta property=\"article:published_time\" content=\"2025-01-28T14:08:45+00:00\" \/>\n<meta property=\"article:modified_time\" content=\"2025-01-28T14:49:06+00:00\" \/>\n<meta property=\"og:image\" content=\"https:\/\/caralticonesa.com\/wp-content\/uploads\/2025\/01\/e61493b2-34c1-4e80-b24c-d7cd446605e2.webp\" \/>\n\t<meta property=\"og:image:width\" content=\"1024\" \/>\n\t<meta property=\"og:image:height\" content=\"1024\" \/>\n\t<meta property=\"og:image:type\" content=\"image\/webp\" \/>\n<meta name=\"author\" content=\"caralticonesa\" \/>\n<meta name=\"twitter:card\" content=\"summary_large_image\" \/>\n<meta name=\"twitter:label1\" content=\"Escrit per\" \/>\n\t<meta name=\"twitter:data1\" content=\"caralticonesa\" \/>\n\t<meta name=\"twitter:label2\" content=\"Temps estimat de lectura\" \/>\n\t<meta name=\"twitter:data2\" content=\"2 minuts\" \/>\n<script type=\"application\/ld+json\" class=\"yoast-schema-graph\">{\"@context\":\"https:\/\/schema.org\",\"@graph\":[{\"@type\":\"WebPage\",\"@id\":\"https:\/\/caralticonesa.com\/ca\/any-nou-propossits-nous-comenca-el-any-amb-una-asseguranca-d-estalvi\/\",\"url\":\"https:\/\/caralticonesa.com\/ca\/any-nou-propossits-nous-comenca-el-any-amb-una-asseguranca-d-estalvi\/\",\"name\":\"Any nou , propossits nous , comen\u00e7a el any amb una asseguran\u00e7a d estalvi !! - Caralt i Conesa\",\"isPartOf\":{\"@id\":\"https:\/\/caralticonesa.com\/#website\"},\"primaryImageOfPage\":{\"@id\":\"https:\/\/caralticonesa.com\/ca\/any-nou-propossits-nous-comenca-el-any-amb-una-asseguranca-d-estalvi\/#primaryimage\"},\"image\":{\"@id\":\"https:\/\/caralticonesa.com\/ca\/any-nou-propossits-nous-comenca-el-any-amb-una-asseguranca-d-estalvi\/#primaryimage\"},\"thumbnailUrl\":\"https:\/\/caralticonesa.com\/wp-content\/uploads\/2025\/01\/e61493b2-34c1-4e80-b24c-d7cd446605e2.webp\",\"datePublished\":\"2025-01-28T14:08:45+00:00\",\"dateModified\":\"2025-01-28T14:49:06+00:00\",\"author\":{\"@id\":\"https:\/\/caralticonesa.com\/#\/schema\/person\/e2a2530ba1848f127c765c6f1a15c57d\"},\"breadcrumb\":{\"@id\":\"https:\/\/caralticonesa.com\/ca\/any-nou-propossits-nous-comenca-el-any-amb-una-asseguranca-d-estalvi\/#breadcrumb\"},\"inLanguage\":\"ca\",\"potentialAction\":[{\"@type\":\"ReadAction\",\"target\":[\"https:\/\/caralticonesa.com\/ca\/any-nou-propossits-nous-comenca-el-any-amb-una-asseguranca-d-estalvi\/\"]}]},{\"@type\":\"ImageObject\",\"inLanguage\":\"ca\",\"@id\":\"https:\/\/caralticonesa.com\/ca\/any-nou-propossits-nous-comenca-el-any-amb-una-asseguranca-d-estalvi\/#primaryimage\",\"url\":\"https:\/\/caralticonesa.com\/wp-content\/uploads\/2025\/01\/e61493b2-34c1-4e80-b24c-d7cd446605e2.webp\",\"contentUrl\":\"https:\/\/caralticonesa.com\/wp-content\/uploads\/2025\/01\/e61493b2-34c1-4e80-b24c-d7cd446605e2.webp\",\"width\":1024,\"height\":1024},{\"@type\":\"BreadcrumbList\",\"@id\":\"https:\/\/caralticonesa.com\/ca\/any-nou-propossits-nous-comenca-el-any-amb-una-asseguranca-d-estalvi\/#breadcrumb\",\"itemListElement\":[{\"@type\":\"ListItem\",\"position\":1,\"name\":\"Portada\",\"item\":\"https:\/\/caralticonesa.com\/ca\/\"},{\"@type\":\"ListItem\",\"position\":2,\"name\":\"Any nou , propossits nous , comen\u00e7a el any amb una asseguran\u00e7a d estalvi !!\"}]},{\"@type\":\"WebSite\",\"@id\":\"https:\/\/caralticonesa.com\/#website\",\"url\":\"https:\/\/caralticonesa.com\/\",\"name\":\"Caralt i Conesa\",\"description\":\"Otro sitio realizado con WordPress\",\"potentialAction\":[{\"@type\":\"SearchAction\",\"target\":{\"@type\":\"EntryPoint\",\"urlTemplate\":\"https:\/\/caralticonesa.com\/?s={search_term_string}\"},\"query-input\":{\"@type\":\"PropertyValueSpecification\",\"valueRequired\":true,\"valueName\":\"search_term_string\"}}],\"inLanguage\":\"ca\"},{\"@type\":\"Person\",\"@id\":\"https:\/\/caralticonesa.com\/#\/schema\/person\/e2a2530ba1848f127c765c6f1a15c57d\",\"name\":\"caralticonesa\",\"image\":{\"@type\":\"ImageObject\",\"inLanguage\":\"ca\",\"@id\":\"https:\/\/caralticonesa.com\/#\/schema\/person\/image\/\",\"url\":\"https:\/\/secure.gravatar.com\/avatar\/2e4a45cf8c1bc95afe79519e4bb42e61?s=96&d=mm&r=g\",\"contentUrl\":\"https:\/\/secure.gravatar.com\/avatar\/2e4a45cf8c1bc95afe79519e4bb42e61?s=96&d=mm&r=g\",\"caption\":\"caralticonesa\"},\"url\":\"https:\/\/caralticonesa.com\/ca\/author\/caralticonesa\/\"}]}<\/script>\n<!-- \/ Yoast SEO plugin. -->","yoast_head_json":{"title":"Any nou , propossits nous , comen\u00e7a el any amb una asseguran\u00e7a d estalvi !! - Caralt i Conesa","robots":{"index":"index","follow":"follow","max-snippet":"max-snippet:-1","max-image-preview":"max-image-preview:large","max-video-preview":"max-video-preview:-1"},"canonical":"https:\/\/caralticonesa.com\/ca\/any-nou-propossits-nous-comenca-el-any-amb-una-asseguranca-d-estalvi\/","og_locale":"ca_ES","og_type":"article","og_title":"Any nou , propossits nous , comen\u00e7a el any amb una asseguran\u00e7a d estalvi !! - Caralt i Conesa","og_description":"L&#8217;inici d&#8217;un nou any \u00e9s com un full blanc: una oportunitat per replantejar-nos metes i enfocar-nos en all\u00f2 que realment importa. I, si alguna cosa [&hellip;]","og_url":"https:\/\/caralticonesa.com\/ca\/any-nou-propossits-nous-comenca-el-any-amb-una-asseguranca-d-estalvi\/","og_site_name":"Caralt i Conesa","article_published_time":"2025-01-28T14:08:45+00:00","article_modified_time":"2025-01-28T14:49:06+00:00","og_image":[{"width":1024,"height":1024,"url":"https:\/\/caralticonesa.com\/wp-content\/uploads\/2025\/01\/e61493b2-34c1-4e80-b24c-d7cd446605e2.webp","type":"image\/webp"}],"author":"caralticonesa","twitter_card":"summary_large_image","twitter_misc":{"Escrit per":"caralticonesa","Temps estimat de lectura":"2 minuts"},"schema":{"@context":"https:\/\/schema.org","@graph":[{"@type":"WebPage","@id":"https:\/\/caralticonesa.com\/ca\/any-nou-propossits-nous-comenca-el-any-amb-una-asseguranca-d-estalvi\/","url":"https:\/\/caralticonesa.com\/ca\/any-nou-propossits-nous-comenca-el-any-amb-una-asseguranca-d-estalvi\/","name":"Any nou , propossits nous , comen\u00e7a el any amb una asseguran\u00e7a d estalvi !! - Caralt i Conesa","isPartOf":{"@id":"https:\/\/caralticonesa.com\/#website"},"primaryImageOfPage":{"@id":"https:\/\/caralticonesa.com\/ca\/any-nou-propossits-nous-comenca-el-any-amb-una-asseguranca-d-estalvi\/#primaryimage"},"image":{"@id":"https:\/\/caralticonesa.com\/ca\/any-nou-propossits-nous-comenca-el-any-amb-una-asseguranca-d-estalvi\/#primaryimage"},"thumbnailUrl":"https:\/\/caralticonesa.com\/wp-content\/uploads\/2025\/01\/e61493b2-34c1-4e80-b24c-d7cd446605e2.webp","datePublished":"2025-01-28T14:08:45+00:00","dateModified":"2025-01-28T14:49:06+00:00","author":{"@id":"https:\/\/caralticonesa.com\/#\/schema\/person\/e2a2530ba1848f127c765c6f1a15c57d"},"breadcrumb":{"@id":"https:\/\/caralticonesa.com\/ca\/any-nou-propossits-nous-comenca-el-any-amb-una-asseguranca-d-estalvi\/#breadcrumb"},"inLanguage":"ca","potentialAction":[{"@type":"ReadAction","target":["https:\/\/caralticonesa.com\/ca\/any-nou-propossits-nous-comenca-el-any-amb-una-asseguranca-d-estalvi\/"]}]},{"@type":"ImageObject","inLanguage":"ca","@id":"https:\/\/caralticonesa.com\/ca\/any-nou-propossits-nous-comenca-el-any-amb-una-asseguranca-d-estalvi\/#primaryimage","url":"https:\/\/caralticonesa.com\/wp-content\/uploads\/2025\/01\/e61493b2-34c1-4e80-b24c-d7cd446605e2.webp","contentUrl":"https:\/\/caralticonesa.com\/wp-content\/uploads\/2025\/01\/e61493b2-34c1-4e80-b24c-d7cd446605e2.webp","width":1024,"height":1024},{"@type":"BreadcrumbList","@id":"https:\/\/caralticonesa.com\/ca\/any-nou-propossits-nous-comenca-el-any-amb-una-asseguranca-d-estalvi\/#breadcrumb","itemListElement":[{"@type":"ListItem","position":1,"name":"Portada","item":"https:\/\/caralticonesa.com\/ca\/"},{"@type":"ListItem","position":2,"name":"Any nou , propossits nous , comen\u00e7a el any amb una asseguran\u00e7a d estalvi !!"}]},{"@type":"WebSite","@id":"https:\/\/caralticonesa.com\/#website","url":"https:\/\/caralticonesa.com\/","name":"Caralt i Conesa","description":"Otro sitio realizado con WordPress","potentialAction":[{"@type":"SearchAction","target":{"@type":"EntryPoint","urlTemplate":"https:\/\/caralticonesa.com\/?s={search_term_string}"},"query-input":{"@type":"PropertyValueSpecification","valueRequired":true,"valueName":"search_term_string"}}],"inLanguage":"ca"},{"@type":"Person","@id":"https:\/\/caralticonesa.com\/#\/schema\/person\/e2a2530ba1848f127c765c6f1a15c57d","name":"caralticonesa","image":{"@type":"ImageObject","inLanguage":"ca","@id":"https:\/\/caralticonesa.com\/#\/schema\/person\/image\/","url":"https:\/\/secure.gravatar.com\/avatar\/2e4a45cf8c1bc95afe79519e4bb42e61?s=96&d=mm&r=g","contentUrl":"https:\/\/secure.gravatar.com\/avatar\/2e4a45cf8c1bc95afe79519e4bb42e61?s=96&d=mm&r=g","caption":"caralticonesa"},"url":"https:\/\/caralticonesa.com\/ca\/author\/caralticonesa\/"}]}},"_links":{"self":[{"href":"https:\/\/caralticonesa.com\/ca\/wp-json\/wp\/v2\/posts\/2916"}],"collection":[{"href":"https:\/\/caralticonesa.com\/ca\/wp-json\/wp\/v2\/posts"}],"about":[{"href":"https:\/\/caralticonesa.com\/ca\/wp-json\/wp\/v2\/types\/post"}],"author":[{"embeddable":true,"href":"https:\/\/caralticonesa.com\/ca\/wp-json\/wp\/v2\/users\/1"}],"replies":[{"embeddable":true,"href":"https:\/\/caralticonesa.com\/ca\/wp-json\/wp\/v2\/comments?post=2916"}],"version-history":[{"count":6,"href":"https:\/\/caralticonesa.com\/ca\/wp-json\/wp\/v2\/posts\/2916\/revisions"}],"predecessor-version":[{"id":2924,"href":"https:\/\/caralticonesa.com\/ca\/wp-json\/wp\/v2\/posts\/2916\/revisions\/2924"}],"wp:featuredmedia":[{"embeddable":true,"href":"https:\/\/caralticonesa.com\/ca\/wp-json\/wp\/v2\/media\/2917"}],"wp:attachment":[{"href":"https:\/\/caralticonesa.com\/ca\/wp-json\/wp\/v2\/media?parent=2916"}],"wp:term":[{"taxonomy":"category","embeddable":true,"href":"https:\/\/caralticonesa.com\/ca\/wp-json\/wp\/v2\/categories?post=2916"},{"taxonomy":"post_tag","embeddable":true,"href":"https:\/\/caralticonesa.com\/ca\/wp-json\/wp\/v2\/tags?post=2916"}],"curies":[{"name":"wp","href":"https:\/\/api.w.org\/{rel}","templated":true}]}}