{"id":2900,"date":"2025-01-10T17:26:40","date_gmt":"2025-01-10T17:26:40","guid":{"rendered":"https:\/\/caralticonesa.com\/?p=2900"},"modified":"2025-01-17T09:06:03","modified_gmt":"2025-01-17T09:06:03","slug":"no-beguis-si-has-de-conduir","status":"publish","type":"post","link":"https:\/\/caralticonesa.com\/ca\/no-beguis-si-has-de-conduir\/","title":{"rendered":"No beguis si has de conduir"},"content":{"rendered":"<p>&nbsp;<\/p>\n<h4><em>Si condueixes i has begut<\/em><br \/>\n<em>Si has begut i condueixes<\/em><br \/>\n<em>Si has pres subst\u00e0ncies estupefaents<\/em><br \/>\n<em>Siguis el propietari o el conductor<\/em><br \/>\n<em>t&#8217;exposes a rebre un burofax de la teva companyia d&#8217;assegurances com aquest:<\/em><\/h4>\n<h3>EN RELACI\u00d3 A L&#8217;ACCIDENT DE CIRCULACI\u00d3 LES DADES DEL qual FIGUREN AL MARGE , I HAVENT TINGUT CONEIXEMENT DEL RESULTAT POSITIU DE LA PROVA D&#8217;ALCOHOLEMIA QUE LI VA SER PRACTICADA.<\/h3>\n<h3>HEM DE INFORMAR-LO QUE PROCEDIM A APLICAR L&#8217;ARTICLE 10 DE LLEI SOBRE RESPONSABILITAT CIVIL I ASSEGURAN\u00c7A EN LA CIRCULACI\u00d3 DE VEHICLES A MOTOR.<\/h3>\n<h3>DIU EL SEG\u00dcENT:<\/h3>\n<h3>L&#8217;ASSEGURADOR UNA VEGADA EFECTUAT EL PAGAMENT DE LA INDEMNITZACI\u00d3 , PODRA REPETIR:<\/h3>\n<h3>CONTRA EL CONDUCTOR, EL PROPIETARI DEL VEHICLE CAUSANT I L&#8217;ASSEGURAT , EL DANY CAUSAT PER\u00a0 CONDUCTA DOLOSA DE QUALSEVOL D&#8217;ELLS, O A LA CONDUCCI\u00d3 SOTA LA INFLU\u00c8NCIA DE BEGUDES ALCOH\u00d2LIQUES O O SUSTANCIES ESTUPEFAENTS.<\/h3>\n<h3>\u00c9S PER TOT AIX\u00d2 QUE REBUTZEM LES CONSEQ\u00dc\u00c8NCIES DERIVADES DEL PRESENT SINISTRE I LI ACONSELLEM DESIGNE ADVOCAT PARTICULAR PER A LA SEVA DEFENSA.<\/h3>\n<h4><\/h4>\n<h4><strong>Per aix\u00f2, et demanem , que no cometis aquest error.<\/strong><br \/>\n<strong>Moltes gr\u00e0cies<\/strong><\/h4>\n<h4><strong><a href=\"https:\/\/caralticonesa.com\/ca\/\">Caralt i Conesa\u00a0<\/a><\/strong><\/h4>\n","protected":false},"excerpt":{"rendered":"<p>&nbsp; Si condueixes i has begut Si has begut i condueixes Si has pres subst\u00e0ncies estupefaents Siguis el propietari o el conductor t&#8217;exposes a rebre [&hellip;]<\/p>\n","protected":false},"author":1,"featured_media":2901,"comment_status":"closed","ping_status":"closed","sticky":false,"template":"","format":"standard","meta":{"footnotes":""},"categories":[7],"tags":[],"class_list":["post-2900","post","type-post","status-publish","format-standard","has-post-thumbnail","hentry","category-uncategorized-ca"],"yoast_head":"<!-- This site is optimized with the Yoast SEO plugin v24.1 - https:\/\/yoast.com\/wordpress\/plugins\/seo\/ -->\n<title>No beguis si has de conduir - Caralt i Conesa<\/title>\n<meta name=\"robots\" content=\"index, follow, max-snippet:-1, max-image-preview:large, max-video-preview:-1\" \/>\n<link rel=\"canonical\" href=\"https:\/\/caralticonesa.com\/ca\/no-beguis-si-has-de-conduir\/\" \/>\n<meta property=\"og:locale\" content=\"ca_ES\" \/>\n<meta property=\"og:type\" content=\"article\" \/>\n<meta property=\"og:title\" content=\"No beguis si has de conduir - Caralt i Conesa\" \/>\n<meta property=\"og:description\" content=\"&nbsp; Si condueixes i has begut Si has begut i condueixes Si has pres subst\u00e0ncies estupefaents Siguis el propietari o el conductor t&#8217;exposes a rebre [&hellip;]\" \/>\n<meta property=\"og:url\" content=\"https:\/\/caralticonesa.com\/ca\/no-beguis-si-has-de-conduir\/\" \/>\n<meta property=\"og:site_name\" content=\"Caralt i Conesa\" \/>\n<meta property=\"article:published_time\" content=\"2025-01-10T17:26:40+00:00\" \/>\n<meta property=\"article:modified_time\" content=\"2025-01-17T09:06:03+00:00\" \/>\n<meta property=\"og:image\" content=\"https:\/\/caralticonesa.com\/wp-content\/uploads\/2025\/01\/download-1.jpg\" \/>\n\t<meta property=\"og:image:width\" content=\"300\" \/>\n\t<meta property=\"og:image:height\" content=\"168\" \/>\n\t<meta property=\"og:image:type\" content=\"image\/jpeg\" \/>\n<meta name=\"author\" content=\"caralticonesa\" \/>\n<meta name=\"twitter:card\" content=\"summary_large_image\" \/>\n<meta name=\"twitter:label1\" content=\"Escrit per\" \/>\n\t<meta name=\"twitter:data1\" content=\"caralticonesa\" \/>\n\t<meta name=\"twitter:label2\" content=\"Temps estimat de lectura\" \/>\n\t<meta name=\"twitter:data2\" content=\"1 minut\" \/>\n<script type=\"application\/ld+json\" class=\"yoast-schema-graph\">{\"@context\":\"https:\/\/schema.org\",\"@graph\":[{\"@type\":\"WebPage\",\"@id\":\"https:\/\/caralticonesa.com\/ca\/no-beguis-si-has-de-conduir\/\",\"url\":\"https:\/\/caralticonesa.com\/ca\/no-beguis-si-has-de-conduir\/\",\"name\":\"No beguis si has de conduir - Caralt i Conesa\",\"isPartOf\":{\"@id\":\"https:\/\/caralticonesa.com\/#website\"},\"primaryImageOfPage\":{\"@id\":\"https:\/\/caralticonesa.com\/ca\/no-beguis-si-has-de-conduir\/#primaryimage\"},\"image\":{\"@id\":\"https:\/\/caralticonesa.com\/ca\/no-beguis-si-has-de-conduir\/#primaryimage\"},\"thumbnailUrl\":\"https:\/\/caralticonesa.com\/wp-content\/uploads\/2025\/01\/download-1.jpg\",\"datePublished\":\"2025-01-10T17:26:40+00:00\",\"dateModified\":\"2025-01-17T09:06:03+00:00\",\"author\":{\"@id\":\"https:\/\/caralticonesa.com\/#\/schema\/person\/e2a2530ba1848f127c765c6f1a15c57d\"},\"breadcrumb\":{\"@id\":\"https:\/\/caralticonesa.com\/ca\/no-beguis-si-has-de-conduir\/#breadcrumb\"},\"inLanguage\":\"ca\",\"potentialAction\":[{\"@type\":\"ReadAction\",\"target\":[\"https:\/\/caralticonesa.com\/ca\/no-beguis-si-has-de-conduir\/\"]}]},{\"@type\":\"ImageObject\",\"inLanguage\":\"ca\",\"@id\":\"https:\/\/caralticonesa.com\/ca\/no-beguis-si-has-de-conduir\/#primaryimage\",\"url\":\"https:\/\/caralticonesa.com\/wp-content\/uploads\/2025\/01\/download-1.jpg\",\"contentUrl\":\"https:\/\/caralticonesa.com\/wp-content\/uploads\/2025\/01\/download-1.jpg\",\"width\":300,\"height\":168},{\"@type\":\"BreadcrumbList\",\"@id\":\"https:\/\/caralticonesa.com\/ca\/no-beguis-si-has-de-conduir\/#breadcrumb\",\"itemListElement\":[{\"@type\":\"ListItem\",\"position\":1,\"name\":\"Portada\",\"item\":\"https:\/\/caralticonesa.com\/ca\/\"},{\"@type\":\"ListItem\",\"position\":2,\"name\":\"No beguis si has de conduir\"}]},{\"@type\":\"WebSite\",\"@id\":\"https:\/\/caralticonesa.com\/#website\",\"url\":\"https:\/\/caralticonesa.com\/\",\"name\":\"Caralt i Conesa\",\"description\":\"Otro sitio realizado con WordPress\",\"potentialAction\":[{\"@type\":\"SearchAction\",\"target\":{\"@type\":\"EntryPoint\",\"urlTemplate\":\"https:\/\/caralticonesa.com\/?s={search_term_string}\"},\"query-input\":{\"@type\":\"PropertyValueSpecification\",\"valueRequired\":true,\"valueName\":\"search_term_string\"}}],\"inLanguage\":\"ca\"},{\"@type\":\"Person\",\"@id\":\"https:\/\/caralticonesa.com\/#\/schema\/person\/e2a2530ba1848f127c765c6f1a15c57d\",\"name\":\"caralticonesa\",\"image\":{\"@type\":\"ImageObject\",\"inLanguage\":\"ca\",\"@id\":\"https:\/\/caralticonesa.com\/#\/schema\/person\/image\/\",\"url\":\"https:\/\/secure.gravatar.com\/avatar\/2e4a45cf8c1bc95afe79519e4bb42e61?s=96&d=mm&r=g\",\"contentUrl\":\"https:\/\/secure.gravatar.com\/avatar\/2e4a45cf8c1bc95afe79519e4bb42e61?s=96&d=mm&r=g\",\"caption\":\"caralticonesa\"},\"url\":\"https:\/\/caralticonesa.com\/ca\/author\/caralticonesa\/\"}]}<\/script>\n<!-- \/ Yoast SEO plugin. -->","yoast_head_json":{"title":"No beguis si has de conduir - Caralt i Conesa","robots":{"index":"index","follow":"follow","max-snippet":"max-snippet:-1","max-image-preview":"max-image-preview:large","max-video-preview":"max-video-preview:-1"},"canonical":"https:\/\/caralticonesa.com\/ca\/no-beguis-si-has-de-conduir\/","og_locale":"ca_ES","og_type":"article","og_title":"No beguis si has de conduir - Caralt i Conesa","og_description":"&nbsp; Si condueixes i has begut Si has begut i condueixes Si has pres subst\u00e0ncies estupefaents Siguis el propietari o el conductor t&#8217;exposes a rebre [&hellip;]","og_url":"https:\/\/caralticonesa.com\/ca\/no-beguis-si-has-de-conduir\/","og_site_name":"Caralt i Conesa","article_published_time":"2025-01-10T17:26:40+00:00","article_modified_time":"2025-01-17T09:06:03+00:00","og_image":[{"width":300,"height":168,"url":"https:\/\/caralticonesa.com\/wp-content\/uploads\/2025\/01\/download-1.jpg","type":"image\/jpeg"}],"author":"caralticonesa","twitter_card":"summary_large_image","twitter_misc":{"Escrit per":"caralticonesa","Temps estimat de lectura":"1 minut"},"schema":{"@context":"https:\/\/schema.org","@graph":[{"@type":"WebPage","@id":"https:\/\/caralticonesa.com\/ca\/no-beguis-si-has-de-conduir\/","url":"https:\/\/caralticonesa.com\/ca\/no-beguis-si-has-de-conduir\/","name":"No beguis si has de conduir - Caralt i Conesa","isPartOf":{"@id":"https:\/\/caralticonesa.com\/#website"},"primaryImageOfPage":{"@id":"https:\/\/caralticonesa.com\/ca\/no-beguis-si-has-de-conduir\/#primaryimage"},"image":{"@id":"https:\/\/caralticonesa.com\/ca\/no-beguis-si-has-de-conduir\/#primaryimage"},"thumbnailUrl":"https:\/\/caralticonesa.com\/wp-content\/uploads\/2025\/01\/download-1.jpg","datePublished":"2025-01-10T17:26:40+00:00","dateModified":"2025-01-17T09:06:03+00:00","author":{"@id":"https:\/\/caralticonesa.com\/#\/schema\/person\/e2a2530ba1848f127c765c6f1a15c57d"},"breadcrumb":{"@id":"https:\/\/caralticonesa.com\/ca\/no-beguis-si-has-de-conduir\/#breadcrumb"},"inLanguage":"ca","potentialAction":[{"@type":"ReadAction","target":["https:\/\/caralticonesa.com\/ca\/no-beguis-si-has-de-conduir\/"]}]},{"@type":"ImageObject","inLanguage":"ca","@id":"https:\/\/caralticonesa.com\/ca\/no-beguis-si-has-de-conduir\/#primaryimage","url":"https:\/\/caralticonesa.com\/wp-content\/uploads\/2025\/01\/download-1.jpg","contentUrl":"https:\/\/caralticonesa.com\/wp-content\/uploads\/2025\/01\/download-1.jpg","width":300,"height":168},{"@type":"BreadcrumbList","@id":"https:\/\/caralticonesa.com\/ca\/no-beguis-si-has-de-conduir\/#breadcrumb","itemListElement":[{"@type":"ListItem","position":1,"name":"Portada","item":"https:\/\/caralticonesa.com\/ca\/"},{"@type":"ListItem","position":2,"name":"No beguis si has de conduir"}]},{"@type":"WebSite","@id":"https:\/\/caralticonesa.com\/#website","url":"https:\/\/caralticonesa.com\/","name":"Caralt i Conesa","description":"Otro sitio realizado con WordPress","potentialAction":[{"@type":"SearchAction","target":{"@type":"EntryPoint","urlTemplate":"https:\/\/caralticonesa.com\/?s={search_term_string}"},"query-input":{"@type":"PropertyValueSpecification","valueRequired":true,"valueName":"search_term_string"}}],"inLanguage":"ca"},{"@type":"Person","@id":"https:\/\/caralticonesa.com\/#\/schema\/person\/e2a2530ba1848f127c765c6f1a15c57d","name":"caralticonesa","image":{"@type":"ImageObject","inLanguage":"ca","@id":"https:\/\/caralticonesa.com\/#\/schema\/person\/image\/","url":"https:\/\/secure.gravatar.com\/avatar\/2e4a45cf8c1bc95afe79519e4bb42e61?s=96&d=mm&r=g","contentUrl":"https:\/\/secure.gravatar.com\/avatar\/2e4a45cf8c1bc95afe79519e4bb42e61?s=96&d=mm&r=g","caption":"caralticonesa"},"url":"https:\/\/caralticonesa.com\/ca\/author\/caralticonesa\/"}]}},"_links":{"self":[{"href":"https:\/\/caralticonesa.com\/ca\/wp-json\/wp\/v2\/posts\/2900"}],"collection":[{"href":"https:\/\/caralticonesa.com\/ca\/wp-json\/wp\/v2\/posts"}],"about":[{"href":"https:\/\/caralticonesa.com\/ca\/wp-json\/wp\/v2\/types\/post"}],"author":[{"embeddable":true,"href":"https:\/\/caralticonesa.com\/ca\/wp-json\/wp\/v2\/users\/1"}],"replies":[{"embeddable":true,"href":"https:\/\/caralticonesa.com\/ca\/wp-json\/wp\/v2\/comments?post=2900"}],"version-history":[{"count":6,"href":"https:\/\/caralticonesa.com\/ca\/wp-json\/wp\/v2\/posts\/2900\/revisions"}],"predecessor-version":[{"id":2907,"href":"https:\/\/caralticonesa.com\/ca\/wp-json\/wp\/v2\/posts\/2900\/revisions\/2907"}],"wp:featuredmedia":[{"embeddable":true,"href":"https:\/\/caralticonesa.com\/ca\/wp-json\/wp\/v2\/media\/2901"}],"wp:attachment":[{"href":"https:\/\/caralticonesa.com\/ca\/wp-json\/wp\/v2\/media?parent=2900"}],"wp:term":[{"taxonomy":"category","embeddable":true,"href":"https:\/\/caralticonesa.com\/ca\/wp-json\/wp\/v2\/categories?post=2900"},{"taxonomy":"post_tag","embeddable":true,"href":"https:\/\/caralticonesa.com\/ca\/wp-json\/wp\/v2\/tags?post=2900"}],"curies":[{"name":"wp","href":"https:\/\/api.w.org\/{rel}","templated":true}]}}