{"id":2816,"date":"2024-08-05T13:25:02","date_gmt":"2024-08-05T13:25:02","guid":{"rendered":"https:\/\/caralticonesa.com\/?p=2816"},"modified":"2024-08-05T13:25:02","modified_gmt":"2024-08-05T13:25:02","slug":"l-asseguranca-d-asistencia-en-viatge-es-clau","status":"publish","type":"post","link":"https:\/\/caralticonesa.com\/ca\/l-asseguranca-d-asistencia-en-viatge-es-clau\/","title":{"rendered":"L asseguran\u00e7a d  asistencia en viatge es clau"},"content":{"rendered":"<p>&nbsp;<\/p>\n<p>Una de les activitats m\u00e9s beneficiosa \u00e9s viatjar.<\/p>\n<p>Quan viatgem el nostre objectiu, \u00e9s gaudir de llocs, gent i experi\u00e8ncies enriquidores, per aix\u00f2 sortim de la nostra zona de confort i anem a llocs m\u00e9s o menys llunyans. Per aix\u00f2 hem de cuidar tots els detalls. I un d&#8217;aquests detalls \u00e9s estar protegit durant aquesta activitat en llocs fora del nostre entorn habitual.<\/p>\n<p>Us relacionem incidents\u00a0 REALS de families durant els seus viatges.<\/p>\n<h4>Emerg\u00e8ncia M\u00e8dica a l&#8217;Estranger<\/h4>\n<p>Un turista a Tail\u00e0ndia va patir un accident de motocicleta i va necessitar atenci\u00f3 m\u00e8dica d?emerg\u00e8ncia, incloent-hi cirurgia i hospitalitzaci\u00f3.<\/p>\n<p>Cost sense asseguran\u00e7a: $30,000 USD<\/p>\n<p>Cost amb asseguran\u00e7a: $0 USD (cobertura total per l&#8217;asseguran\u00e7a de viatge)<\/p>\n<p>&#8211; Font: [BBC](https:\/\/www.bbc.com\/news)<\/p>\n<h4>Cancel\u00b7laci\u00f3 de Viatge per Malaltia<\/h4>\n<p>Cas: Una fam\u00edlia va haver de cancel\u00b7lar les vacances a causa d&#8217;una malaltia greu d&#8217;un dels seus membres. Havien reservat vols i un hotel no reemborsable.<\/p>\n<p>Cost sense asseguran\u00e7a $5,000 USD (vols i allotjament perduts)<\/p>\n<p>Cost amb asseguran\u00e7a $0 USD (reemborsament complet)<\/p>\n<p>\u2013 Font: [El Pa\u00eds](https:\/\/elpais.com\/)<\/p>\n<p>&nbsp;<\/p>\n<h4>P\u00e8rdua d&#8217;Equipatge<\/h4>\n<p>Un viatger va perdre l&#8217;equipatge en un vol internacional i va necessitar comprar articles essencials fins que la maleta va ser localitzada, cosa que va prendre una setmana.<\/p>\n<p>Cost sense asseguran\u00e7a $1,200 USD (roba, articles de tocador i altres essencials)<\/p>\n<p>Cost amb asseguran\u00e7a $0 USD (reemborsament per compres d&#8217;emerg\u00e8ncia)<\/p>\n<p>\u2013 Font: [CNN](https:\/\/edition.cnn.com\/)<\/p>\n<p>&nbsp;<\/p>\n<h4>Augment d&#8217;Incidents M\u00e8dics entre Turistes<\/h4>\n<p>\u2013 Un informe recent de l&#8217;Organitzaci\u00f3 Mundial del Turisme (OMT) va indicar un augment en els incidents m\u00e8dics entre els turistes en destinacions internacionals. Els costos m\u00e8dics a pa\u00efsos com els Estats Units poden ser extremadament alts.<\/p>\n<p>\u2013 Exemple de costos als EUA: Tractament d&#8217;apendicitis \u2013 $50,000 USD<\/p>\n<p>\u2013 Font: [OMT](https:\/\/www.unwto.org\/)<\/p>\n<p>&nbsp;<\/p>\n<h4>Impacte de la Pand\u00e8mia al Turisme i Assegurances de Viatge<\/h4>\n<p>\u2013 La pand\u00e8mia de COVID-19 ha ressaltat la necessitat d&#8217;assegurances de viatge que cobreixin cancel\u00b7lacions i emerg\u00e8ncies m\u00e8diques relacionades amb el virus. Moltes asseguradores han actualitzat les pol\u00edtiques per incloure cobertura COVID-19.<\/p>\n<p>&#8211; Cost d&#8217;hospitalitzaci\u00f3 per COVID-19 sense asseguran\u00e7a: $70,000 USD<\/p>\n<p>\u2013 Font: [Forbes](https:\/\/www.forbes.com\/)<\/p>\n<h4>Costos Metges Exorbitants a l&#8217;Estranger<\/h4>\n<p>\u2013 Un estudi recent va revelar que els costos m\u00e8dics a pa\u00efsos estrangers poden ser astron\u00f2mics, especialment en llocs com els Estats Units. Sense una asseguran\u00e7a de viatge, els turistes poden enfrontar-se a deutes significatius.<\/p>\n<p>Exemple de costos als EUA: Cirurgia de fractura de cama \u2013 $25,000 USD<\/p>\n<p>\u2013 Font: [The Guardian](https:\/\/www.theguardian.com\/international)<\/p>\n<p>&nbsp;<\/p>\n<h4>Recomanacions<\/h4>\n<p>&nbsp;<\/p>\n<p>La millor manera de viatjar \u00e9s contractar una asseguran\u00e7a d&#8217;assist\u00e8ncia en viatge. El cost \u00e9s rid\u00edcul si el comparem a les despeses que es poden generar en cas de no disposar del seu suport. Con\u00e8ixer els costos potencials que poden enfrontar sense asseguran\u00e7a els proporcionar\u00e0 una perspectiva clara sobre la tranquil\u00b7litat i la seguretat que proporciona estar assegurat durant un viatge. Des de <a href=\"https:\/\/caralticonesa.com\/\">Caralt i Conesa<\/a><\/p>\n<p>us ajudarem a escollir a totes les opcions del mercat assegurador.<\/p>\n<p><a href=\"https:\/\/www.linkedin.com\/in\/marc-conesa-caralt-a0069538\/\">Marc Conesa<\/a><\/p>\n","protected":false},"excerpt":{"rendered":"<p>&nbsp; Una de les activitats m\u00e9s beneficiosa \u00e9s viatjar. Quan viatgem el nostre objectiu, \u00e9s gaudir de llocs, gent i experi\u00e8ncies enriquidores, per aix\u00f2 sortim [&hellip;]<\/p>\n","protected":false},"author":1,"featured_media":2817,"comment_status":"open","ping_status":"open","sticky":false,"template":"","format":"standard","meta":{"footnotes":""},"categories":[7],"tags":[],"class_list":["post-2816","post","type-post","status-publish","format-standard","has-post-thumbnail","hentry","category-uncategorized-ca"],"yoast_head":"<!-- This site is optimized with the Yoast SEO plugin v24.1 - https:\/\/yoast.com\/wordpress\/plugins\/seo\/ -->\n<title>L asseguran\u00e7a d asistencia en viatge es clau - Caralt i Conesa<\/title>\n<meta name=\"robots\" content=\"index, follow, max-snippet:-1, max-image-preview:large, max-video-preview:-1\" \/>\n<link rel=\"canonical\" href=\"https:\/\/caralticonesa.com\/ca\/l-asseguranca-d-asistencia-en-viatge-es-clau\/\" \/>\n<meta property=\"og:locale\" content=\"ca_ES\" \/>\n<meta property=\"og:type\" content=\"article\" \/>\n<meta property=\"og:title\" content=\"L asseguran\u00e7a d asistencia en viatge es clau - Caralt i Conesa\" \/>\n<meta property=\"og:description\" content=\"&nbsp; Una de les activitats m\u00e9s beneficiosa \u00e9s viatjar. Quan viatgem el nostre objectiu, \u00e9s gaudir de llocs, gent i experi\u00e8ncies enriquidores, per aix\u00f2 sortim [&hellip;]\" \/>\n<meta property=\"og:url\" content=\"https:\/\/caralticonesa.com\/ca\/l-asseguranca-d-asistencia-en-viatge-es-clau\/\" \/>\n<meta property=\"og:site_name\" content=\"Caralt i Conesa\" \/>\n<meta property=\"article:published_time\" content=\"2024-08-05T13:25:02+00:00\" \/>\n<meta property=\"og:image\" content=\"https:\/\/caralticonesa.com\/wp-content\/uploads\/2024\/08\/DALL\u00b7E-2024-07-17-08.36.54-A-scene-showing-a-tourist-injured-from-a-bicycle-accident-being-attended-to-by-an-ambulance-and-medical-personnel.-The-tourist-is-on-the-ground-with-a.webp\" \/>\n\t<meta property=\"og:image:width\" content=\"1792\" \/>\n\t<meta property=\"og:image:height\" content=\"1024\" \/>\n\t<meta property=\"og:image:type\" content=\"image\/webp\" \/>\n<meta name=\"author\" content=\"caralticonesa\" \/>\n<meta name=\"twitter:card\" content=\"summary_large_image\" \/>\n<meta name=\"twitter:label1\" content=\"Escrit per\" \/>\n\t<meta name=\"twitter:data1\" content=\"caralticonesa\" \/>\n\t<meta name=\"twitter:label2\" content=\"Temps estimat de lectura\" \/>\n\t<meta name=\"twitter:data2\" content=\"3 minuts\" \/>\n<script type=\"application\/ld+json\" class=\"yoast-schema-graph\">{\"@context\":\"https:\/\/schema.org\",\"@graph\":[{\"@type\":\"WebPage\",\"@id\":\"https:\/\/caralticonesa.com\/ca\/l-asseguranca-d-asistencia-en-viatge-es-clau\/\",\"url\":\"https:\/\/caralticonesa.com\/ca\/l-asseguranca-d-asistencia-en-viatge-es-clau\/\",\"name\":\"L asseguran\u00e7a d asistencia en viatge es clau - Caralt i Conesa\",\"isPartOf\":{\"@id\":\"https:\/\/caralticonesa.com\/#website\"},\"primaryImageOfPage\":{\"@id\":\"https:\/\/caralticonesa.com\/ca\/l-asseguranca-d-asistencia-en-viatge-es-clau\/#primaryimage\"},\"image\":{\"@id\":\"https:\/\/caralticonesa.com\/ca\/l-asseguranca-d-asistencia-en-viatge-es-clau\/#primaryimage\"},\"thumbnailUrl\":\"https:\/\/caralticonesa.com\/wp-content\/uploads\/2024\/08\/DALL\u00b7E-2024-07-17-08.36.54-A-scene-showing-a-tourist-injured-from-a-bicycle-accident-being-attended-to-by-an-ambulance-and-medical-personnel.-The-tourist-is-on-the-ground-with-a.webp\",\"datePublished\":\"2024-08-05T13:25:02+00:00\",\"dateModified\":\"2024-08-05T13:25:02+00:00\",\"author\":{\"@id\":\"https:\/\/caralticonesa.com\/#\/schema\/person\/e2a2530ba1848f127c765c6f1a15c57d\"},\"breadcrumb\":{\"@id\":\"https:\/\/caralticonesa.com\/ca\/l-asseguranca-d-asistencia-en-viatge-es-clau\/#breadcrumb\"},\"inLanguage\":\"ca\",\"potentialAction\":[{\"@type\":\"ReadAction\",\"target\":[\"https:\/\/caralticonesa.com\/ca\/l-asseguranca-d-asistencia-en-viatge-es-clau\/\"]}]},{\"@type\":\"ImageObject\",\"inLanguage\":\"ca\",\"@id\":\"https:\/\/caralticonesa.com\/ca\/l-asseguranca-d-asistencia-en-viatge-es-clau\/#primaryimage\",\"url\":\"https:\/\/caralticonesa.com\/wp-content\/uploads\/2024\/08\/DALL\u00b7E-2024-07-17-08.36.54-A-scene-showing-a-tourist-injured-from-a-bicycle-accident-being-attended-to-by-an-ambulance-and-medical-personnel.-The-tourist-is-on-the-ground-with-a.webp\",\"contentUrl\":\"https:\/\/caralticonesa.com\/wp-content\/uploads\/2024\/08\/DALL\u00b7E-2024-07-17-08.36.54-A-scene-showing-a-tourist-injured-from-a-bicycle-accident-being-attended-to-by-an-ambulance-and-medical-personnel.-The-tourist-is-on-the-ground-with-a.webp\",\"width\":1792,\"height\":1024},{\"@type\":\"BreadcrumbList\",\"@id\":\"https:\/\/caralticonesa.com\/ca\/l-asseguranca-d-asistencia-en-viatge-es-clau\/#breadcrumb\",\"itemListElement\":[{\"@type\":\"ListItem\",\"position\":1,\"name\":\"Portada\",\"item\":\"https:\/\/caralticonesa.com\/ca\/\"},{\"@type\":\"ListItem\",\"position\":2,\"name\":\"L asseguran\u00e7a d asistencia en viatge es clau\"}]},{\"@type\":\"WebSite\",\"@id\":\"https:\/\/caralticonesa.com\/#website\",\"url\":\"https:\/\/caralticonesa.com\/\",\"name\":\"Caralt i Conesa\",\"description\":\"Otro sitio realizado con WordPress\",\"potentialAction\":[{\"@type\":\"SearchAction\",\"target\":{\"@type\":\"EntryPoint\",\"urlTemplate\":\"https:\/\/caralticonesa.com\/?s={search_term_string}\"},\"query-input\":{\"@type\":\"PropertyValueSpecification\",\"valueRequired\":true,\"valueName\":\"search_term_string\"}}],\"inLanguage\":\"ca\"},{\"@type\":\"Person\",\"@id\":\"https:\/\/caralticonesa.com\/#\/schema\/person\/e2a2530ba1848f127c765c6f1a15c57d\",\"name\":\"caralticonesa\",\"image\":{\"@type\":\"ImageObject\",\"inLanguage\":\"ca\",\"@id\":\"https:\/\/caralticonesa.com\/#\/schema\/person\/image\/\",\"url\":\"https:\/\/secure.gravatar.com\/avatar\/2e4a45cf8c1bc95afe79519e4bb42e61?s=96&d=mm&r=g\",\"contentUrl\":\"https:\/\/secure.gravatar.com\/avatar\/2e4a45cf8c1bc95afe79519e4bb42e61?s=96&d=mm&r=g\",\"caption\":\"caralticonesa\"},\"url\":\"https:\/\/caralticonesa.com\/ca\/author\/caralticonesa\/\"}]}<\/script>\n<!-- \/ Yoast SEO plugin. -->","yoast_head_json":{"title":"L asseguran\u00e7a d asistencia en viatge es clau - Caralt i Conesa","robots":{"index":"index","follow":"follow","max-snippet":"max-snippet:-1","max-image-preview":"max-image-preview:large","max-video-preview":"max-video-preview:-1"},"canonical":"https:\/\/caralticonesa.com\/ca\/l-asseguranca-d-asistencia-en-viatge-es-clau\/","og_locale":"ca_ES","og_type":"article","og_title":"L asseguran\u00e7a d asistencia en viatge es clau - Caralt i Conesa","og_description":"&nbsp; Una de les activitats m\u00e9s beneficiosa \u00e9s viatjar. Quan viatgem el nostre objectiu, \u00e9s gaudir de llocs, gent i experi\u00e8ncies enriquidores, per aix\u00f2 sortim [&hellip;]","og_url":"https:\/\/caralticonesa.com\/ca\/l-asseguranca-d-asistencia-en-viatge-es-clau\/","og_site_name":"Caralt i Conesa","article_published_time":"2024-08-05T13:25:02+00:00","og_image":[{"width":1792,"height":1024,"url":"https:\/\/caralticonesa.com\/wp-content\/uploads\/2024\/08\/DALL\u00b7E-2024-07-17-08.36.54-A-scene-showing-a-tourist-injured-from-a-bicycle-accident-being-attended-to-by-an-ambulance-and-medical-personnel.-The-tourist-is-on-the-ground-with-a.webp","type":"image\/webp"}],"author":"caralticonesa","twitter_card":"summary_large_image","twitter_misc":{"Escrit per":"caralticonesa","Temps estimat de lectura":"3 minuts"},"schema":{"@context":"https:\/\/schema.org","@graph":[{"@type":"WebPage","@id":"https:\/\/caralticonesa.com\/ca\/l-asseguranca-d-asistencia-en-viatge-es-clau\/","url":"https:\/\/caralticonesa.com\/ca\/l-asseguranca-d-asistencia-en-viatge-es-clau\/","name":"L asseguran\u00e7a d asistencia en viatge es clau - Caralt i Conesa","isPartOf":{"@id":"https:\/\/caralticonesa.com\/#website"},"primaryImageOfPage":{"@id":"https:\/\/caralticonesa.com\/ca\/l-asseguranca-d-asistencia-en-viatge-es-clau\/#primaryimage"},"image":{"@id":"https:\/\/caralticonesa.com\/ca\/l-asseguranca-d-asistencia-en-viatge-es-clau\/#primaryimage"},"thumbnailUrl":"https:\/\/caralticonesa.com\/wp-content\/uploads\/2024\/08\/DALL\u00b7E-2024-07-17-08.36.54-A-scene-showing-a-tourist-injured-from-a-bicycle-accident-being-attended-to-by-an-ambulance-and-medical-personnel.-The-tourist-is-on-the-ground-with-a.webp","datePublished":"2024-08-05T13:25:02+00:00","dateModified":"2024-08-05T13:25:02+00:00","author":{"@id":"https:\/\/caralticonesa.com\/#\/schema\/person\/e2a2530ba1848f127c765c6f1a15c57d"},"breadcrumb":{"@id":"https:\/\/caralticonesa.com\/ca\/l-asseguranca-d-asistencia-en-viatge-es-clau\/#breadcrumb"},"inLanguage":"ca","potentialAction":[{"@type":"ReadAction","target":["https:\/\/caralticonesa.com\/ca\/l-asseguranca-d-asistencia-en-viatge-es-clau\/"]}]},{"@type":"ImageObject","inLanguage":"ca","@id":"https:\/\/caralticonesa.com\/ca\/l-asseguranca-d-asistencia-en-viatge-es-clau\/#primaryimage","url":"https:\/\/caralticonesa.com\/wp-content\/uploads\/2024\/08\/DALL\u00b7E-2024-07-17-08.36.54-A-scene-showing-a-tourist-injured-from-a-bicycle-accident-being-attended-to-by-an-ambulance-and-medical-personnel.-The-tourist-is-on-the-ground-with-a.webp","contentUrl":"https:\/\/caralticonesa.com\/wp-content\/uploads\/2024\/08\/DALL\u00b7E-2024-07-17-08.36.54-A-scene-showing-a-tourist-injured-from-a-bicycle-accident-being-attended-to-by-an-ambulance-and-medical-personnel.-The-tourist-is-on-the-ground-with-a.webp","width":1792,"height":1024},{"@type":"BreadcrumbList","@id":"https:\/\/caralticonesa.com\/ca\/l-asseguranca-d-asistencia-en-viatge-es-clau\/#breadcrumb","itemListElement":[{"@type":"ListItem","position":1,"name":"Portada","item":"https:\/\/caralticonesa.com\/ca\/"},{"@type":"ListItem","position":2,"name":"L asseguran\u00e7a d asistencia en viatge es clau"}]},{"@type":"WebSite","@id":"https:\/\/caralticonesa.com\/#website","url":"https:\/\/caralticonesa.com\/","name":"Caralt i Conesa","description":"Otro sitio realizado con WordPress","potentialAction":[{"@type":"SearchAction","target":{"@type":"EntryPoint","urlTemplate":"https:\/\/caralticonesa.com\/?s={search_term_string}"},"query-input":{"@type":"PropertyValueSpecification","valueRequired":true,"valueName":"search_term_string"}}],"inLanguage":"ca"},{"@type":"Person","@id":"https:\/\/caralticonesa.com\/#\/schema\/person\/e2a2530ba1848f127c765c6f1a15c57d","name":"caralticonesa","image":{"@type":"ImageObject","inLanguage":"ca","@id":"https:\/\/caralticonesa.com\/#\/schema\/person\/image\/","url":"https:\/\/secure.gravatar.com\/avatar\/2e4a45cf8c1bc95afe79519e4bb42e61?s=96&d=mm&r=g","contentUrl":"https:\/\/secure.gravatar.com\/avatar\/2e4a45cf8c1bc95afe79519e4bb42e61?s=96&d=mm&r=g","caption":"caralticonesa"},"url":"https:\/\/caralticonesa.com\/ca\/author\/caralticonesa\/"}]}},"_links":{"self":[{"href":"https:\/\/caralticonesa.com\/ca\/wp-json\/wp\/v2\/posts\/2816"}],"collection":[{"href":"https:\/\/caralticonesa.com\/ca\/wp-json\/wp\/v2\/posts"}],"about":[{"href":"https:\/\/caralticonesa.com\/ca\/wp-json\/wp\/v2\/types\/post"}],"author":[{"embeddable":true,"href":"https:\/\/caralticonesa.com\/ca\/wp-json\/wp\/v2\/users\/1"}],"replies":[{"embeddable":true,"href":"https:\/\/caralticonesa.com\/ca\/wp-json\/wp\/v2\/comments?post=2816"}],"version-history":[{"count":0,"href":"https:\/\/caralticonesa.com\/ca\/wp-json\/wp\/v2\/posts\/2816\/revisions"}],"wp:featuredmedia":[{"embeddable":true,"href":"https:\/\/caralticonesa.com\/ca\/wp-json\/wp\/v2\/media\/2817"}],"wp:attachment":[{"href":"https:\/\/caralticonesa.com\/ca\/wp-json\/wp\/v2\/media?parent=2816"}],"wp:term":[{"taxonomy":"category","embeddable":true,"href":"https:\/\/caralticonesa.com\/ca\/wp-json\/wp\/v2\/categories?post=2816"},{"taxonomy":"post_tag","embeddable":true,"href":"https:\/\/caralticonesa.com\/ca\/wp-json\/wp\/v2\/tags?post=2816"}],"curies":[{"name":"wp","href":"https:\/\/api.w.org\/{rel}","templated":true}]}}