{"id":2801,"date":"2024-07-05T14:57:30","date_gmt":"2024-07-05T14:57:30","guid":{"rendered":"https:\/\/caralticonesa.com\/?p=2801"},"modified":"2024-07-05T14:57:30","modified_gmt":"2024-07-05T14:57:30","slug":"responsabilitat-civil-per-a-associacions-culturals","status":"publish","type":"post","link":"https:\/\/caralticonesa.com\/ca\/responsabilitat-civil-per-a-associacions-culturals\/","title":{"rendered":"Responsabilitat Civil per a Associacions Culturals"},"content":{"rendered":"<p><strong> Protecci\u00f3 Patrimonial<\/strong><\/p>\n<ul>\n<li>Responsabilitat Personal<strong>:<\/strong> En abs\u00e8ncia d&#8217;una asseguran\u00e7a de responsabilitat civil, qualsevol incident o dany causat durant les activitats de l&#8217;associaci\u00f3 podria fer-vos responsables a vosaltres, com a membres de l&#8217;\u00f2rgan de govern, de respondre amb els vostres b\u00e9ns personals. Aix\u00f2 significa que en cas d&#8217;una reclamaci\u00f3, tant vosaltres com a individus com l&#8217;associaci\u00f3 en el seu conjunt podr\u00edeu enfrontar serioses dificultats financeres.<\/li>\n<li>Cobertura Integral: Una asseguran\u00e7a de responsabilitat civil proporciona una cobertura que protegeix no nom\u00e9s l&#8217;associaci\u00f3, sin\u00f3 tamb\u00e9 els seus membres i voluntaris, salvaguardant el patrimoni personal de tots els implicats.<\/li>\n<\/ul>\n<p><strong> Seguretat i Confian\u00e7a<\/strong><\/p>\n<ul>\n<li>Tranquil\u00b7litat Operativa: Comptar amb una asseguran\u00e7a adequada permet que l&#8217;associaci\u00f3 operi amb la tranquil\u00b7litat de saber que qualsevol eventualitat que impliqui danys a tercers est\u00e0 coberta, evitant preocupacions constants sobre possibles reclamacions.<\/li>\n<li>Reputaci\u00f3: La capacitat de gestionar adequadament incidents imprevistos refor\u00e7a la reputaci\u00f3 de l&#8217;associaci\u00f3, mostrant responsabilitat i professionalitat en la gesti\u00f3 de riscos.<\/li>\n<\/ul>\n<p><strong> Compliment Legal i Contractual<\/strong><\/p>\n<ul>\n<li>Obligacions Legals<strong>:<\/strong> Depenent de la legislaci\u00f3 vigent, algunes activitats culturals poden requerir per llei comptar amb una asseguran\u00e7a de responsabilitat civil. Estar assegurats assegura el compliment d&#8217;aquestes normatives, evitant sancions.<\/li>\n<li>Requisits Contractuals: Moltes vegades, la celebraci\u00f3 d&#8217;esdeveniments en certs llocs o la col\u00b7laboraci\u00f3 amb altres entitats pot requerir la presentaci\u00f3 d&#8217;una asseguran\u00e7a de responsabilitat civil. Tenir una p\u00f2lissa vigent facilita aquestes negociacions i col\u00b7laboracions.<\/li>\n<\/ul>\n<p><strong> Mitigaci\u00f3 de Riscos<\/strong><\/p>\n<ul>\n<li>Prevenci\u00f3 de P\u00e8rdues: Les activitats culturals, tot i que generalment segures, no estan exemptes de riscos com accidents, danys a la propietat, o fins i tot reclamacions per neglig\u00e8ncia. Una asseguran\u00e7a de responsabilitat civil actua com un mecanisme de prevenci\u00f3 davant possibles p\u00e8rdues financeres significatives.<\/li>\n<li>Cobertura de Despeses Legals: En cas de litigi, l&#8217;asseguran\u00e7a cobreix les despeses legals associades, incloent honoraris d&#8217;advocats i costos judicials, que poden ser considerablement alts.<\/li>\n<\/ul>\n<p><strong>Advert\u00e8ncia: Responsabilitat dels Membres de la Junta<\/strong><\/p>\n<p>\u00c9s important destacar que, en abs\u00e8ncia d&#8217;una asseguran\u00e7a de responsabilitat civil, vosaltres, com a membres de la junta, podeu ser considerats personalment responsables per qualsevol dany o incident que es produeixi durant les activitats de l&#8217;associaci\u00f3. Aquesta responsabilitat pot implicar haver de respondre amb els vostres b\u00e9ns personals, posant en risc el vostre patrimoni. Per aix\u00f2, \u00e9s fonamental assegurar-se adequadament per protegir tant l&#8217;associaci\u00f3 com els vostres interessos personals.<\/p>\n<p><strong>Conclusi\u00f3<\/strong><\/p>\n<p>L&#8217;asseguran\u00e7a de responsabilitat civil no nom\u00e9s protegeix els actius de l&#8217;associaci\u00f3, sin\u00f3 que tamb\u00e9 proporciona una capa de seguretat per als membres de la junta i tots els implicats en les seves activitats. Invertir en aquesta protecci\u00f3 \u00e9s essencial per assegurar el futur i la continu\u00eftat de les nostres activitats culturals, garantint que puguem seguir contribuint a la vida cultural de la nostra comunitat amb confian\u00e7a i seguretat.<\/p>\n<p>Estem a la vostra disposici\u00f3 per a qualsevol consulta addicional i per ajudar-vos a trobar la millor opci\u00f3 d&#8217;asseguran\u00e7a que s&#8217;adapti a les necessitats espec\u00edfiques de la vostra associaci\u00f3.<\/p>\n<p>Atentament,<\/p>\n<p>&nbsp;<\/p>\n<p><a href=\"https:\/\/www.caralticonesa.com\/\">Marc Conesa\u00a0<\/a><\/p>\n","protected":false},"excerpt":{"rendered":"<p>Protecci\u00f3 Patrimonial Responsabilitat Personal: En abs\u00e8ncia d&#8217;una asseguran\u00e7a de responsabilitat civil, qualsevol incident o dany causat durant les activitats de l&#8217;associaci\u00f3 podria fer-vos responsables a [&hellip;]<\/p>\n","protected":false},"author":1,"featured_media":2802,"comment_status":"open","ping_status":"open","sticky":false,"template":"","format":"standard","meta":{"footnotes":""},"categories":[7],"tags":[],"class_list":["post-2801","post","type-post","status-publish","format-standard","has-post-thumbnail","hentry","category-uncategorized-ca"],"yoast_head":"<!-- This site is optimized with the Yoast SEO plugin v24.1 - https:\/\/yoast.com\/wordpress\/plugins\/seo\/ -->\n<title>Responsabilitat Civil per a Associacions Culturals - Caralt i Conesa<\/title>\n<meta name=\"robots\" content=\"index, follow, max-snippet:-1, max-image-preview:large, max-video-preview:-1\" \/>\n<link rel=\"canonical\" href=\"https:\/\/caralticonesa.com\/ca\/responsabilitat-civil-per-a-associacions-culturals\/\" \/>\n<meta property=\"og:locale\" content=\"ca_ES\" \/>\n<meta property=\"og:type\" content=\"article\" \/>\n<meta property=\"og:title\" content=\"Responsabilitat Civil per a Associacions Culturals - Caralt i Conesa\" \/>\n<meta property=\"og:description\" content=\"Protecci\u00f3 Patrimonial Responsabilitat Personal: En abs\u00e8ncia d&#8217;una asseguran\u00e7a de responsabilitat civil, qualsevol incident o dany causat durant les activitats de l&#8217;associaci\u00f3 podria fer-vos responsables a [&hellip;]\" \/>\n<meta property=\"og:url\" content=\"https:\/\/caralticonesa.com\/ca\/responsabilitat-civil-per-a-associacions-culturals\/\" \/>\n<meta property=\"og:site_name\" content=\"Caralt i Conesa\" \/>\n<meta property=\"article:published_time\" content=\"2024-07-05T14:57:30+00:00\" \/>\n<meta property=\"og:image\" content=\"https:\/\/caralticonesa.com\/wp-content\/uploads\/2024\/07\/DALL\u00b7E-2024-07-05-16.19.56-A-lively-village-square-at-night-packed-with-people-dancing-and-an-orchestra-playing-music.-The-scene-is-festive-with-strings-of-lights-hanging-aroun.webp\" \/>\n\t<meta property=\"og:image:width\" content=\"1792\" \/>\n\t<meta property=\"og:image:height\" content=\"1024\" \/>\n\t<meta property=\"og:image:type\" content=\"image\/webp\" \/>\n<meta name=\"author\" content=\"caralticonesa\" \/>\n<meta name=\"twitter:card\" content=\"summary_large_image\" \/>\n<meta name=\"twitter:label1\" content=\"Escrit per\" \/>\n\t<meta name=\"twitter:data1\" content=\"caralticonesa\" \/>\n\t<meta name=\"twitter:label2\" content=\"Temps estimat de lectura\" \/>\n\t<meta name=\"twitter:data2\" content=\"3 minuts\" \/>\n<script type=\"application\/ld+json\" class=\"yoast-schema-graph\">{\"@context\":\"https:\/\/schema.org\",\"@graph\":[{\"@type\":\"WebPage\",\"@id\":\"https:\/\/caralticonesa.com\/ca\/responsabilitat-civil-per-a-associacions-culturals\/\",\"url\":\"https:\/\/caralticonesa.com\/ca\/responsabilitat-civil-per-a-associacions-culturals\/\",\"name\":\"Responsabilitat Civil per a Associacions Culturals - Caralt i Conesa\",\"isPartOf\":{\"@id\":\"https:\/\/caralticonesa.com\/#website\"},\"primaryImageOfPage\":{\"@id\":\"https:\/\/caralticonesa.com\/ca\/responsabilitat-civil-per-a-associacions-culturals\/#primaryimage\"},\"image\":{\"@id\":\"https:\/\/caralticonesa.com\/ca\/responsabilitat-civil-per-a-associacions-culturals\/#primaryimage\"},\"thumbnailUrl\":\"https:\/\/caralticonesa.com\/wp-content\/uploads\/2024\/07\/DALL\u00b7E-2024-07-05-16.19.56-A-lively-village-square-at-night-packed-with-people-dancing-and-an-orchestra-playing-music.-The-scene-is-festive-with-strings-of-lights-hanging-aroun.webp\",\"datePublished\":\"2024-07-05T14:57:30+00:00\",\"dateModified\":\"2024-07-05T14:57:30+00:00\",\"author\":{\"@id\":\"https:\/\/caralticonesa.com\/#\/schema\/person\/e2a2530ba1848f127c765c6f1a15c57d\"},\"breadcrumb\":{\"@id\":\"https:\/\/caralticonesa.com\/ca\/responsabilitat-civil-per-a-associacions-culturals\/#breadcrumb\"},\"inLanguage\":\"ca\",\"potentialAction\":[{\"@type\":\"ReadAction\",\"target\":[\"https:\/\/caralticonesa.com\/ca\/responsabilitat-civil-per-a-associacions-culturals\/\"]}]},{\"@type\":\"ImageObject\",\"inLanguage\":\"ca\",\"@id\":\"https:\/\/caralticonesa.com\/ca\/responsabilitat-civil-per-a-associacions-culturals\/#primaryimage\",\"url\":\"https:\/\/caralticonesa.com\/wp-content\/uploads\/2024\/07\/DALL\u00b7E-2024-07-05-16.19.56-A-lively-village-square-at-night-packed-with-people-dancing-and-an-orchestra-playing-music.-The-scene-is-festive-with-strings-of-lights-hanging-aroun.webp\",\"contentUrl\":\"https:\/\/caralticonesa.com\/wp-content\/uploads\/2024\/07\/DALL\u00b7E-2024-07-05-16.19.56-A-lively-village-square-at-night-packed-with-people-dancing-and-an-orchestra-playing-music.-The-scene-is-festive-with-strings-of-lights-hanging-aroun.webp\",\"width\":1792,\"height\":1024},{\"@type\":\"BreadcrumbList\",\"@id\":\"https:\/\/caralticonesa.com\/ca\/responsabilitat-civil-per-a-associacions-culturals\/#breadcrumb\",\"itemListElement\":[{\"@type\":\"ListItem\",\"position\":1,\"name\":\"Portada\",\"item\":\"https:\/\/caralticonesa.com\/ca\/\"},{\"@type\":\"ListItem\",\"position\":2,\"name\":\"Responsabilitat Civil per a Associacions Culturals\"}]},{\"@type\":\"WebSite\",\"@id\":\"https:\/\/caralticonesa.com\/#website\",\"url\":\"https:\/\/caralticonesa.com\/\",\"name\":\"Caralt i Conesa\",\"description\":\"Otro sitio realizado con WordPress\",\"potentialAction\":[{\"@type\":\"SearchAction\",\"target\":{\"@type\":\"EntryPoint\",\"urlTemplate\":\"https:\/\/caralticonesa.com\/?s={search_term_string}\"},\"query-input\":{\"@type\":\"PropertyValueSpecification\",\"valueRequired\":true,\"valueName\":\"search_term_string\"}}],\"inLanguage\":\"ca\"},{\"@type\":\"Person\",\"@id\":\"https:\/\/caralticonesa.com\/#\/schema\/person\/e2a2530ba1848f127c765c6f1a15c57d\",\"name\":\"caralticonesa\",\"image\":{\"@type\":\"ImageObject\",\"inLanguage\":\"ca\",\"@id\":\"https:\/\/caralticonesa.com\/#\/schema\/person\/image\/\",\"url\":\"https:\/\/secure.gravatar.com\/avatar\/2e4a45cf8c1bc95afe79519e4bb42e61?s=96&d=mm&r=g\",\"contentUrl\":\"https:\/\/secure.gravatar.com\/avatar\/2e4a45cf8c1bc95afe79519e4bb42e61?s=96&d=mm&r=g\",\"caption\":\"caralticonesa\"},\"url\":\"https:\/\/caralticonesa.com\/ca\/author\/caralticonesa\/\"}]}<\/script>\n<!-- \/ Yoast SEO plugin. -->","yoast_head_json":{"title":"Responsabilitat Civil per a Associacions Culturals - Caralt i Conesa","robots":{"index":"index","follow":"follow","max-snippet":"max-snippet:-1","max-image-preview":"max-image-preview:large","max-video-preview":"max-video-preview:-1"},"canonical":"https:\/\/caralticonesa.com\/ca\/responsabilitat-civil-per-a-associacions-culturals\/","og_locale":"ca_ES","og_type":"article","og_title":"Responsabilitat Civil per a Associacions Culturals - Caralt i Conesa","og_description":"Protecci\u00f3 Patrimonial Responsabilitat Personal: En abs\u00e8ncia d&#8217;una asseguran\u00e7a de responsabilitat civil, qualsevol incident o dany causat durant les activitats de l&#8217;associaci\u00f3 podria fer-vos responsables a [&hellip;]","og_url":"https:\/\/caralticonesa.com\/ca\/responsabilitat-civil-per-a-associacions-culturals\/","og_site_name":"Caralt i Conesa","article_published_time":"2024-07-05T14:57:30+00:00","og_image":[{"width":1792,"height":1024,"url":"https:\/\/caralticonesa.com\/wp-content\/uploads\/2024\/07\/DALL\u00b7E-2024-07-05-16.19.56-A-lively-village-square-at-night-packed-with-people-dancing-and-an-orchestra-playing-music.-The-scene-is-festive-with-strings-of-lights-hanging-aroun.webp","type":"image\/webp"}],"author":"caralticonesa","twitter_card":"summary_large_image","twitter_misc":{"Escrit per":"caralticonesa","Temps estimat de lectura":"3 minuts"},"schema":{"@context":"https:\/\/schema.org","@graph":[{"@type":"WebPage","@id":"https:\/\/caralticonesa.com\/ca\/responsabilitat-civil-per-a-associacions-culturals\/","url":"https:\/\/caralticonesa.com\/ca\/responsabilitat-civil-per-a-associacions-culturals\/","name":"Responsabilitat Civil per a Associacions Culturals - Caralt i Conesa","isPartOf":{"@id":"https:\/\/caralticonesa.com\/#website"},"primaryImageOfPage":{"@id":"https:\/\/caralticonesa.com\/ca\/responsabilitat-civil-per-a-associacions-culturals\/#primaryimage"},"image":{"@id":"https:\/\/caralticonesa.com\/ca\/responsabilitat-civil-per-a-associacions-culturals\/#primaryimage"},"thumbnailUrl":"https:\/\/caralticonesa.com\/wp-content\/uploads\/2024\/07\/DALL\u00b7E-2024-07-05-16.19.56-A-lively-village-square-at-night-packed-with-people-dancing-and-an-orchestra-playing-music.-The-scene-is-festive-with-strings-of-lights-hanging-aroun.webp","datePublished":"2024-07-05T14:57:30+00:00","dateModified":"2024-07-05T14:57:30+00:00","author":{"@id":"https:\/\/caralticonesa.com\/#\/schema\/person\/e2a2530ba1848f127c765c6f1a15c57d"},"breadcrumb":{"@id":"https:\/\/caralticonesa.com\/ca\/responsabilitat-civil-per-a-associacions-culturals\/#breadcrumb"},"inLanguage":"ca","potentialAction":[{"@type":"ReadAction","target":["https:\/\/caralticonesa.com\/ca\/responsabilitat-civil-per-a-associacions-culturals\/"]}]},{"@type":"ImageObject","inLanguage":"ca","@id":"https:\/\/caralticonesa.com\/ca\/responsabilitat-civil-per-a-associacions-culturals\/#primaryimage","url":"https:\/\/caralticonesa.com\/wp-content\/uploads\/2024\/07\/DALL\u00b7E-2024-07-05-16.19.56-A-lively-village-square-at-night-packed-with-people-dancing-and-an-orchestra-playing-music.-The-scene-is-festive-with-strings-of-lights-hanging-aroun.webp","contentUrl":"https:\/\/caralticonesa.com\/wp-content\/uploads\/2024\/07\/DALL\u00b7E-2024-07-05-16.19.56-A-lively-village-square-at-night-packed-with-people-dancing-and-an-orchestra-playing-music.-The-scene-is-festive-with-strings-of-lights-hanging-aroun.webp","width":1792,"height":1024},{"@type":"BreadcrumbList","@id":"https:\/\/caralticonesa.com\/ca\/responsabilitat-civil-per-a-associacions-culturals\/#breadcrumb","itemListElement":[{"@type":"ListItem","position":1,"name":"Portada","item":"https:\/\/caralticonesa.com\/ca\/"},{"@type":"ListItem","position":2,"name":"Responsabilitat Civil per a Associacions Culturals"}]},{"@type":"WebSite","@id":"https:\/\/caralticonesa.com\/#website","url":"https:\/\/caralticonesa.com\/","name":"Caralt i Conesa","description":"Otro sitio realizado con WordPress","potentialAction":[{"@type":"SearchAction","target":{"@type":"EntryPoint","urlTemplate":"https:\/\/caralticonesa.com\/?s={search_term_string}"},"query-input":{"@type":"PropertyValueSpecification","valueRequired":true,"valueName":"search_term_string"}}],"inLanguage":"ca"},{"@type":"Person","@id":"https:\/\/caralticonesa.com\/#\/schema\/person\/e2a2530ba1848f127c765c6f1a15c57d","name":"caralticonesa","image":{"@type":"ImageObject","inLanguage":"ca","@id":"https:\/\/caralticonesa.com\/#\/schema\/person\/image\/","url":"https:\/\/secure.gravatar.com\/avatar\/2e4a45cf8c1bc95afe79519e4bb42e61?s=96&d=mm&r=g","contentUrl":"https:\/\/secure.gravatar.com\/avatar\/2e4a45cf8c1bc95afe79519e4bb42e61?s=96&d=mm&r=g","caption":"caralticonesa"},"url":"https:\/\/caralticonesa.com\/ca\/author\/caralticonesa\/"}]}},"_links":{"self":[{"href":"https:\/\/caralticonesa.com\/ca\/wp-json\/wp\/v2\/posts\/2801"}],"collection":[{"href":"https:\/\/caralticonesa.com\/ca\/wp-json\/wp\/v2\/posts"}],"about":[{"href":"https:\/\/caralticonesa.com\/ca\/wp-json\/wp\/v2\/types\/post"}],"author":[{"embeddable":true,"href":"https:\/\/caralticonesa.com\/ca\/wp-json\/wp\/v2\/users\/1"}],"replies":[{"embeddable":true,"href":"https:\/\/caralticonesa.com\/ca\/wp-json\/wp\/v2\/comments?post=2801"}],"version-history":[{"count":0,"href":"https:\/\/caralticonesa.com\/ca\/wp-json\/wp\/v2\/posts\/2801\/revisions"}],"wp:featuredmedia":[{"embeddable":true,"href":"https:\/\/caralticonesa.com\/ca\/wp-json\/wp\/v2\/media\/2802"}],"wp:attachment":[{"href":"https:\/\/caralticonesa.com\/ca\/wp-json\/wp\/v2\/media?parent=2801"}],"wp:term":[{"taxonomy":"category","embeddable":true,"href":"https:\/\/caralticonesa.com\/ca\/wp-json\/wp\/v2\/categories?post=2801"},{"taxonomy":"post_tag","embeddable":true,"href":"https:\/\/caralticonesa.com\/ca\/wp-json\/wp\/v2\/tags?post=2801"}],"curies":[{"name":"wp","href":"https:\/\/api.w.org\/{rel}","templated":true}]}}