{"id":2786,"date":"2024-05-28T16:59:53","date_gmt":"2024-05-28T16:59:53","guid":{"rendered":"https:\/\/caralticonesa.com\/?p=2786"},"modified":"2024-05-28T16:59:53","modified_gmt":"2024-05-28T16:59:53","slug":"la-importancia-de-les-assegurances-de-vida-per-a-administradors-i-directius-una-inversio-empresarial-clau","status":"publish","type":"post","link":"https:\/\/caralticonesa.com\/ca\/la-importancia-de-les-assegurances-de-vida-per-a-administradors-i-directius-una-inversio-empresarial-clau\/","title":{"rendered":"La Import\u00e0ncia de les Assegurances de Vida per a Administradors i Directius: Una Inversi\u00f3 Empresarial Clau"},"content":{"rendered":"<p>En l&#8217;entorn empresarial actual, assegurar l&#8217;estabilitat i continu\u00eftat de l&#8217;empresa \u00e9s fonamental. Per a les empreses mitjanes i petites, protegir els seus administradors i directius clau a trav\u00e9s d&#8217;assegurances de vida no nom\u00e9s \u00e9s una estrat\u00e8gia de gesti\u00f3 de riscos intel\u00b7ligent, sin\u00f3 tamb\u00e9 una inversi\u00f3 crucial per a la salut financera de l&#8217;organitzaci\u00f3. En aquest context, comptar amb l&#8217;an\u00e0lisi i acompanyament d&#8217;una corredoria d&#8217;assegurances de confian\u00e7a pot marcar la difer\u00e8ncia.<\/p>\n<p>&nbsp;<\/p>\n<h2>\u00a0Per Qu\u00e8 els Administradors i Directius Necessiten una Asseguran\u00e7a de Vida?<\/h2>\n<p>&nbsp;<\/p>\n<p>&nbsp;<\/p>\n<h3>\u00a0Protecci\u00f3 Financera i Benestar Familiar<\/h3>\n<p>Els administradors i directius s\u00f3n fonamentals per a l&#8217;\u00e8xit de l&#8217;empresa. Una asseguran\u00e7a de vida ofereix la tranquil\u00b7litat de saber que, en cas de defunci\u00f3, les seves fam\u00edlies estaran protegides financerament, cobrint despeses immediates i proporcionant un suport econ\u00f2mic continu.<\/p>\n<p>&nbsp;<\/p>\n<h3>\u00a0Continu\u00eftat del Negoci<\/h3>\n<p>La p\u00e8rdua d&#8217;un administrador o directiu pot causar interrupcions significatives en les operacions de l&#8217;empresa. Els beneficis de l&#8217;asseguran\u00e7a de vida poden ser utilitzats per mantenir l&#8217;empresa operativa, cobrir costos de cerca i contractaci\u00f3 de substituts, i garantir que les funcions cr\u00edtiques continu\u00efn sense interrupcions.<\/p>\n<p>&nbsp;<\/p>\n<h3>Planificaci\u00f3 de Successi\u00f3 i Estabilitat Empresarial<\/h3>\n<p>Una asseguran\u00e7a de vida pot ser una eina vital en la planificaci\u00f3 de successi\u00f3. En cas de defunci\u00f3 d&#8217;un directiu clau, els fons de l&#8217;asseguran\u00e7a poden facilitar la compra de les accions del difunt, assegurant que l&#8217;empresa romangui en mans dels socis o hereus designats i mantenint l&#8217;estabilitat i direcci\u00f3 estrat\u00e8gica del negoci.<\/p>\n<p>&nbsp;<\/p>\n<h2>Tipus d&#8217;Assegurances de Vida per a Administradors i Directius<\/h2>\n<p>&nbsp;<\/p>\n<h3>\u00a0Asseguran\u00e7a de Vida Temporal<\/h3>\n<p>Proporciona cobertura per un per\u00edode espec\u00edfic, com 10, 20 o 30 anys. \u00c9s una opci\u00f3 rendible per cobrir necessitats financeres temporals, oferint protecci\u00f3 durant els anys m\u00e9s crucials del directiu a l&#8217;empresa.<\/p>\n<p>&nbsp;<\/p>\n<h3>\u00a0Asseguran\u00e7a de Vida Permanent<\/h3>\n<p>Ofereix cobertura de per vida i pot incloure components d&#8217;estalvi o inversi\u00f3. Tot i que \u00e9s m\u00e9s costosa, ofereix beneficis addicionals com l&#8217;acumulaci\u00f3 de valor en efectiu que pot ser utilitzada per l&#8217;empresa en el futur.<\/p>\n<p>&nbsp;<\/p>\n<h3>\u00a0Asseguran\u00e7a de Vida per a Executius Claus<\/h3>\n<p>Aquesta asseguran\u00e7a est\u00e0 dissenyada espec\u00edficament per protegir l&#8217;empresa en cas de defunci\u00f3 d&#8217;un membre clau de l&#8217;administraci\u00f3 o directiu. Els beneficis es paguen directament a l&#8217;empresa, permetent cobrir la p\u00e8rdua financera i facilitar la transici\u00f3 o contractaci\u00f3 d&#8217;un nou l\u00edder.<\/p>\n<p>&nbsp;<\/p>\n<h2>El Paper de la Corredoria d&#8217;Assegurances<\/h2>\n<p>&nbsp;<\/p>\n<h3>\u00a0An\u00e0lisi Personalitzat de Necessitats<\/h3>\n<p>La nostra corredoria d&#8217;assegurances es especialitza a realitzar una an\u00e0lisi exhaustiva i personalitzada de les necessitats de la teva empresa i dels teus directius. Entenem que cada negoci \u00e9s \u00fanic i, per tant, oferim solucions adaptades a les circumst\u00e0ncies espec\u00edfiques de cada client.<\/p>\n<p>&nbsp;<\/p>\n<h3>\u00a0Acompanyament en l&#8217;Elecci\u00f3 de Cobertura<\/h3>\n<p>Comptar amb l&#8217;acompanyament de la nostra corredoria et permet prendre decisions informades. T&#8217;assessorem en la selecci\u00f3 del tipus i quantitat de cobertura adequada, assegurant que tant l&#8217;empresa com els directius estiguin degudament protegits.<\/p>\n<p>&nbsp;<\/p>\n<h3>\u00a0Gesti\u00f3 i Revisi\u00f3 de P\u00f2lisses<\/h3>\n<p>La nostra corredoria no nom\u00e9s t&#8217;ajuda a triar la millor p\u00f2lissa, sin\u00f3 que tamb\u00e9 gestionem i revisem regularment les cobertures per garantir que continu\u00efn sent adequades a mesura que les necessitats de la teva empresa evolucionen.<\/p>\n<h2><\/h2>\n<h2>\u00a0Beneficis de que l&#8217;Empresa Assumeixi el Cost de l&#8217;Asseguran\u00e7a<\/h2>\n<p>&nbsp;<\/p>\n<h3>\u00a0Incentiu per a la Retenci\u00f3 de Talent<\/h3>\n<p>Oferir assegurances de vida finan\u00e7ades per l&#8217;empresa pot ser un gran incentiu per atraure i retenir administradors i directius talentosos. Aquest avantatge addicional demostra el comprom\u00eds de l&#8217;empresa amb el benestar dels seus empleats clau.<\/p>\n<p>&nbsp;<\/p>\n<h3>Beneficis Fiscals<\/h3>\n<p>En molts casos, els pagaments de les primes d&#8217;assegurances de vida empresarials poden ser dedu\u00efbles d&#8217;impostos, oferint un benefici fiscal addicional per a l&#8217;empresa.<\/p>\n<p>&nbsp;<\/p>\n<h3>\u00a0Refor\u00e7 de la Cultura Corporativa<\/h3>\n<p>Assumint el cost de l&#8217;asseguran\u00e7a de vida per als directius, l&#8217;empresa subratlla la import\u00e0ncia de la seguretat i benestar dels seus empleats, enfortint aix\u00ed la cultura corporativa i fomentant un ambient de treball positiu i comprom\u00e8s.<\/p>\n<p>&nbsp;<\/p>\n<p>La inversi\u00f3 en assegurances de vida per a administradors i directius, costeada per l&#8217;empresa i amb el suport d&#8217;una corredoria d&#8217;assegurances de confian\u00e7a, \u00e9s una decisi\u00f3 estrat\u00e8gica que protegeix tant la fam\u00edlia de l&#8217;empleat com la pr\u00f2pia empresa. Garanteix la continu\u00eftat operativa, facilita la planificaci\u00f3 de successi\u00f3 i actua com un valu\u00f3s incentiu per a la retenci\u00f3 de talent. Si desitges obtenir m\u00e9s informaci\u00f3 sobre com una asseguran\u00e7a de vida pot beneficiar la teva empresa i els teus directius, no dubtis en contactar-nos per a un an\u00e0lisi i acompanyament personalitzats.<\/p>\n<p>&nbsp;<\/p>\n<p>&nbsp;<\/p>\n","protected":false},"excerpt":{"rendered":"<p>En l&#8217;entorn empresarial actual, assegurar l&#8217;estabilitat i continu\u00eftat de l&#8217;empresa \u00e9s fonamental. Per a les empreses mitjanes i petites, protegir els seus administradors i directius [&hellip;]<\/p>\n","protected":false},"author":1,"featured_media":2787,"comment_status":"open","ping_status":"open","sticky":false,"template":"","format":"standard","meta":{"footnotes":""},"categories":[7],"tags":[],"class_list":["post-2786","post","type-post","status-publish","format-standard","has-post-thumbnail","hentry","category-uncategorized-ca"],"yoast_head":"<!-- This site is optimized with the Yoast SEO plugin v24.1 - https:\/\/yoast.com\/wordpress\/plugins\/seo\/ -->\n<title>La Import\u00e0ncia de les Assegurances de Vida per a Administradors i Directius: Una Inversi\u00f3 Empresarial Clau - Caralt i Conesa<\/title>\n<meta name=\"robots\" content=\"index, follow, max-snippet:-1, max-image-preview:large, max-video-preview:-1\" \/>\n<link rel=\"canonical\" href=\"https:\/\/caralticonesa.com\/ca\/la-importancia-de-les-assegurances-de-vida-per-a-administradors-i-directius-una-inversio-empresarial-clau\/\" \/>\n<meta property=\"og:locale\" content=\"ca_ES\" \/>\n<meta property=\"og:type\" content=\"article\" \/>\n<meta property=\"og:title\" content=\"La Import\u00e0ncia de les Assegurances de Vida per a Administradors i Directius: Una Inversi\u00f3 Empresarial Clau - Caralt i Conesa\" \/>\n<meta property=\"og:description\" content=\"En l&#8217;entorn empresarial actual, assegurar l&#8217;estabilitat i continu\u00eftat de l&#8217;empresa \u00e9s fonamental. Per a les empreses mitjanes i petites, protegir els seus administradors i directius [&hellip;]\" \/>\n<meta property=\"og:url\" content=\"https:\/\/caralticonesa.com\/ca\/la-importancia-de-les-assegurances-de-vida-per-a-administradors-i-directius-una-inversio-empresarial-clau\/\" \/>\n<meta property=\"og:site_name\" content=\"Caralt i Conesa\" \/>\n<meta property=\"article:published_time\" content=\"2024-05-28T16:59:53+00:00\" \/>\n<meta property=\"og:image\" content=\"https:\/\/caralticonesa.com\/wp-content\/uploads\/2024\/05\/DALL\u00b7E-2024-05-28-18.17.46-A-modern-office-space-bathed-in-natural-light.-The-office-features-large-windows-with-stunning-views-of-a-cityscape.-The-interior-is-sleek-and-minimal.webp\" \/>\n\t<meta property=\"og:image:width\" content=\"1792\" \/>\n\t<meta property=\"og:image:height\" content=\"1024\" \/>\n\t<meta property=\"og:image:type\" content=\"image\/webp\" \/>\n<meta name=\"author\" content=\"caralticonesa\" \/>\n<meta name=\"twitter:card\" content=\"summary_large_image\" \/>\n<meta name=\"twitter:label1\" content=\"Escrit per\" \/>\n\t<meta name=\"twitter:data1\" content=\"caralticonesa\" \/>\n\t<meta name=\"twitter:label2\" content=\"Temps estimat de lectura\" \/>\n\t<meta name=\"twitter:data2\" content=\"4 minuts\" \/>\n<script type=\"application\/ld+json\" class=\"yoast-schema-graph\">{\"@context\":\"https:\/\/schema.org\",\"@graph\":[{\"@type\":\"WebPage\",\"@id\":\"https:\/\/caralticonesa.com\/ca\/la-importancia-de-les-assegurances-de-vida-per-a-administradors-i-directius-una-inversio-empresarial-clau\/\",\"url\":\"https:\/\/caralticonesa.com\/ca\/la-importancia-de-les-assegurances-de-vida-per-a-administradors-i-directius-una-inversio-empresarial-clau\/\",\"name\":\"La Import\u00e0ncia de les Assegurances de Vida per a Administradors i Directius: Una Inversi\u00f3 Empresarial Clau - Caralt i Conesa\",\"isPartOf\":{\"@id\":\"https:\/\/caralticonesa.com\/#website\"},\"primaryImageOfPage\":{\"@id\":\"https:\/\/caralticonesa.com\/ca\/la-importancia-de-les-assegurances-de-vida-per-a-administradors-i-directius-una-inversio-empresarial-clau\/#primaryimage\"},\"image\":{\"@id\":\"https:\/\/caralticonesa.com\/ca\/la-importancia-de-les-assegurances-de-vida-per-a-administradors-i-directius-una-inversio-empresarial-clau\/#primaryimage\"},\"thumbnailUrl\":\"https:\/\/caralticonesa.com\/wp-content\/uploads\/2024\/05\/DALL\u00b7E-2024-05-28-18.17.46-A-modern-office-space-bathed-in-natural-light.-The-office-features-large-windows-with-stunning-views-of-a-cityscape.-The-interior-is-sleek-and-minimal.webp\",\"datePublished\":\"2024-05-28T16:59:53+00:00\",\"dateModified\":\"2024-05-28T16:59:53+00:00\",\"author\":{\"@id\":\"https:\/\/caralticonesa.com\/#\/schema\/person\/e2a2530ba1848f127c765c6f1a15c57d\"},\"breadcrumb\":{\"@id\":\"https:\/\/caralticonesa.com\/ca\/la-importancia-de-les-assegurances-de-vida-per-a-administradors-i-directius-una-inversio-empresarial-clau\/#breadcrumb\"},\"inLanguage\":\"ca\",\"potentialAction\":[{\"@type\":\"ReadAction\",\"target\":[\"https:\/\/caralticonesa.com\/ca\/la-importancia-de-les-assegurances-de-vida-per-a-administradors-i-directius-una-inversio-empresarial-clau\/\"]}]},{\"@type\":\"ImageObject\",\"inLanguage\":\"ca\",\"@id\":\"https:\/\/caralticonesa.com\/ca\/la-importancia-de-les-assegurances-de-vida-per-a-administradors-i-directius-una-inversio-empresarial-clau\/#primaryimage\",\"url\":\"https:\/\/caralticonesa.com\/wp-content\/uploads\/2024\/05\/DALL\u00b7E-2024-05-28-18.17.46-A-modern-office-space-bathed-in-natural-light.-The-office-features-large-windows-with-stunning-views-of-a-cityscape.-The-interior-is-sleek-and-minimal.webp\",\"contentUrl\":\"https:\/\/caralticonesa.com\/wp-content\/uploads\/2024\/05\/DALL\u00b7E-2024-05-28-18.17.46-A-modern-office-space-bathed-in-natural-light.-The-office-features-large-windows-with-stunning-views-of-a-cityscape.-The-interior-is-sleek-and-minimal.webp\",\"width\":1792,\"height\":1024},{\"@type\":\"BreadcrumbList\",\"@id\":\"https:\/\/caralticonesa.com\/ca\/la-importancia-de-les-assegurances-de-vida-per-a-administradors-i-directius-una-inversio-empresarial-clau\/#breadcrumb\",\"itemListElement\":[{\"@type\":\"ListItem\",\"position\":1,\"name\":\"Portada\",\"item\":\"https:\/\/caralticonesa.com\/ca\/\"},{\"@type\":\"ListItem\",\"position\":2,\"name\":\"La Import\u00e0ncia de les Assegurances de Vida per a Administradors i Directius: Una Inversi\u00f3 Empresarial Clau\"}]},{\"@type\":\"WebSite\",\"@id\":\"https:\/\/caralticonesa.com\/#website\",\"url\":\"https:\/\/caralticonesa.com\/\",\"name\":\"Caralt i Conesa\",\"description\":\"Otro sitio realizado con WordPress\",\"potentialAction\":[{\"@type\":\"SearchAction\",\"target\":{\"@type\":\"EntryPoint\",\"urlTemplate\":\"https:\/\/caralticonesa.com\/?s={search_term_string}\"},\"query-input\":{\"@type\":\"PropertyValueSpecification\",\"valueRequired\":true,\"valueName\":\"search_term_string\"}}],\"inLanguage\":\"ca\"},{\"@type\":\"Person\",\"@id\":\"https:\/\/caralticonesa.com\/#\/schema\/person\/e2a2530ba1848f127c765c6f1a15c57d\",\"name\":\"caralticonesa\",\"image\":{\"@type\":\"ImageObject\",\"inLanguage\":\"ca\",\"@id\":\"https:\/\/caralticonesa.com\/#\/schema\/person\/image\/\",\"url\":\"https:\/\/secure.gravatar.com\/avatar\/2e4a45cf8c1bc95afe79519e4bb42e61?s=96&d=mm&r=g\",\"contentUrl\":\"https:\/\/secure.gravatar.com\/avatar\/2e4a45cf8c1bc95afe79519e4bb42e61?s=96&d=mm&r=g\",\"caption\":\"caralticonesa\"},\"url\":\"https:\/\/caralticonesa.com\/ca\/author\/caralticonesa\/\"}]}<\/script>\n<!-- \/ Yoast SEO plugin. -->","yoast_head_json":{"title":"La Import\u00e0ncia de les Assegurances de Vida per a Administradors i Directius: Una Inversi\u00f3 Empresarial Clau - Caralt i Conesa","robots":{"index":"index","follow":"follow","max-snippet":"max-snippet:-1","max-image-preview":"max-image-preview:large","max-video-preview":"max-video-preview:-1"},"canonical":"https:\/\/caralticonesa.com\/ca\/la-importancia-de-les-assegurances-de-vida-per-a-administradors-i-directius-una-inversio-empresarial-clau\/","og_locale":"ca_ES","og_type":"article","og_title":"La Import\u00e0ncia de les Assegurances de Vida per a Administradors i Directius: Una Inversi\u00f3 Empresarial Clau - Caralt i Conesa","og_description":"En l&#8217;entorn empresarial actual, assegurar l&#8217;estabilitat i continu\u00eftat de l&#8217;empresa \u00e9s fonamental. Per a les empreses mitjanes i petites, protegir els seus administradors i directius [&hellip;]","og_url":"https:\/\/caralticonesa.com\/ca\/la-importancia-de-les-assegurances-de-vida-per-a-administradors-i-directius-una-inversio-empresarial-clau\/","og_site_name":"Caralt i Conesa","article_published_time":"2024-05-28T16:59:53+00:00","og_image":[{"width":1792,"height":1024,"url":"https:\/\/caralticonesa.com\/wp-content\/uploads\/2024\/05\/DALL\u00b7E-2024-05-28-18.17.46-A-modern-office-space-bathed-in-natural-light.-The-office-features-large-windows-with-stunning-views-of-a-cityscape.-The-interior-is-sleek-and-minimal.webp","type":"image\/webp"}],"author":"caralticonesa","twitter_card":"summary_large_image","twitter_misc":{"Escrit per":"caralticonesa","Temps estimat de lectura":"4 minuts"},"schema":{"@context":"https:\/\/schema.org","@graph":[{"@type":"WebPage","@id":"https:\/\/caralticonesa.com\/ca\/la-importancia-de-les-assegurances-de-vida-per-a-administradors-i-directius-una-inversio-empresarial-clau\/","url":"https:\/\/caralticonesa.com\/ca\/la-importancia-de-les-assegurances-de-vida-per-a-administradors-i-directius-una-inversio-empresarial-clau\/","name":"La Import\u00e0ncia de les Assegurances de Vida per a Administradors i Directius: Una Inversi\u00f3 Empresarial Clau - Caralt i Conesa","isPartOf":{"@id":"https:\/\/caralticonesa.com\/#website"},"primaryImageOfPage":{"@id":"https:\/\/caralticonesa.com\/ca\/la-importancia-de-les-assegurances-de-vida-per-a-administradors-i-directius-una-inversio-empresarial-clau\/#primaryimage"},"image":{"@id":"https:\/\/caralticonesa.com\/ca\/la-importancia-de-les-assegurances-de-vida-per-a-administradors-i-directius-una-inversio-empresarial-clau\/#primaryimage"},"thumbnailUrl":"https:\/\/caralticonesa.com\/wp-content\/uploads\/2024\/05\/DALL\u00b7E-2024-05-28-18.17.46-A-modern-office-space-bathed-in-natural-light.-The-office-features-large-windows-with-stunning-views-of-a-cityscape.-The-interior-is-sleek-and-minimal.webp","datePublished":"2024-05-28T16:59:53+00:00","dateModified":"2024-05-28T16:59:53+00:00","author":{"@id":"https:\/\/caralticonesa.com\/#\/schema\/person\/e2a2530ba1848f127c765c6f1a15c57d"},"breadcrumb":{"@id":"https:\/\/caralticonesa.com\/ca\/la-importancia-de-les-assegurances-de-vida-per-a-administradors-i-directius-una-inversio-empresarial-clau\/#breadcrumb"},"inLanguage":"ca","potentialAction":[{"@type":"ReadAction","target":["https:\/\/caralticonesa.com\/ca\/la-importancia-de-les-assegurances-de-vida-per-a-administradors-i-directius-una-inversio-empresarial-clau\/"]}]},{"@type":"ImageObject","inLanguage":"ca","@id":"https:\/\/caralticonesa.com\/ca\/la-importancia-de-les-assegurances-de-vida-per-a-administradors-i-directius-una-inversio-empresarial-clau\/#primaryimage","url":"https:\/\/caralticonesa.com\/wp-content\/uploads\/2024\/05\/DALL\u00b7E-2024-05-28-18.17.46-A-modern-office-space-bathed-in-natural-light.-The-office-features-large-windows-with-stunning-views-of-a-cityscape.-The-interior-is-sleek-and-minimal.webp","contentUrl":"https:\/\/caralticonesa.com\/wp-content\/uploads\/2024\/05\/DALL\u00b7E-2024-05-28-18.17.46-A-modern-office-space-bathed-in-natural-light.-The-office-features-large-windows-with-stunning-views-of-a-cityscape.-The-interior-is-sleek-and-minimal.webp","width":1792,"height":1024},{"@type":"BreadcrumbList","@id":"https:\/\/caralticonesa.com\/ca\/la-importancia-de-les-assegurances-de-vida-per-a-administradors-i-directius-una-inversio-empresarial-clau\/#breadcrumb","itemListElement":[{"@type":"ListItem","position":1,"name":"Portada","item":"https:\/\/caralticonesa.com\/ca\/"},{"@type":"ListItem","position":2,"name":"La Import\u00e0ncia de les Assegurances de Vida per a Administradors i Directius: Una Inversi\u00f3 Empresarial Clau"}]},{"@type":"WebSite","@id":"https:\/\/caralticonesa.com\/#website","url":"https:\/\/caralticonesa.com\/","name":"Caralt i Conesa","description":"Otro sitio realizado con WordPress","potentialAction":[{"@type":"SearchAction","target":{"@type":"EntryPoint","urlTemplate":"https:\/\/caralticonesa.com\/?s={search_term_string}"},"query-input":{"@type":"PropertyValueSpecification","valueRequired":true,"valueName":"search_term_string"}}],"inLanguage":"ca"},{"@type":"Person","@id":"https:\/\/caralticonesa.com\/#\/schema\/person\/e2a2530ba1848f127c765c6f1a15c57d","name":"caralticonesa","image":{"@type":"ImageObject","inLanguage":"ca","@id":"https:\/\/caralticonesa.com\/#\/schema\/person\/image\/","url":"https:\/\/secure.gravatar.com\/avatar\/2e4a45cf8c1bc95afe79519e4bb42e61?s=96&d=mm&r=g","contentUrl":"https:\/\/secure.gravatar.com\/avatar\/2e4a45cf8c1bc95afe79519e4bb42e61?s=96&d=mm&r=g","caption":"caralticonesa"},"url":"https:\/\/caralticonesa.com\/ca\/author\/caralticonesa\/"}]}},"_links":{"self":[{"href":"https:\/\/caralticonesa.com\/ca\/wp-json\/wp\/v2\/posts\/2786"}],"collection":[{"href":"https:\/\/caralticonesa.com\/ca\/wp-json\/wp\/v2\/posts"}],"about":[{"href":"https:\/\/caralticonesa.com\/ca\/wp-json\/wp\/v2\/types\/post"}],"author":[{"embeddable":true,"href":"https:\/\/caralticonesa.com\/ca\/wp-json\/wp\/v2\/users\/1"}],"replies":[{"embeddable":true,"href":"https:\/\/caralticonesa.com\/ca\/wp-json\/wp\/v2\/comments?post=2786"}],"version-history":[{"count":0,"href":"https:\/\/caralticonesa.com\/ca\/wp-json\/wp\/v2\/posts\/2786\/revisions"}],"wp:featuredmedia":[{"embeddable":true,"href":"https:\/\/caralticonesa.com\/ca\/wp-json\/wp\/v2\/media\/2787"}],"wp:attachment":[{"href":"https:\/\/caralticonesa.com\/ca\/wp-json\/wp\/v2\/media?parent=2786"}],"wp:term":[{"taxonomy":"category","embeddable":true,"href":"https:\/\/caralticonesa.com\/ca\/wp-json\/wp\/v2\/categories?post=2786"},{"taxonomy":"post_tag","embeddable":true,"href":"https:\/\/caralticonesa.com\/ca\/wp-json\/wp\/v2\/tags?post=2786"}],"curies":[{"name":"wp","href":"https:\/\/api.w.org\/{rel}","templated":true}]}}