{"id":2763,"date":"2024-03-28T07:54:53","date_gmt":"2024-03-28T07:54:53","guid":{"rendered":"https:\/\/caralticonesa.com\/?p=2763"},"modified":"2024-03-28T07:54:53","modified_gmt":"2024-03-28T07:54:53","slug":"perque-hauria-de-contractar-una-asseguranca-de-salut-pels-meus-treballadors","status":"publish","type":"post","link":"https:\/\/caralticonesa.com\/ca\/perque-hauria-de-contractar-una-asseguranca-de-salut-pels-meus-treballadors\/","title":{"rendered":"Perqu\u00e8 hauria de contractar una asseguran\u00e7a de salut pels meus treballadors?"},"content":{"rendered":"<p>Contractar una asseguran\u00e7a de salut per als teus treballadors pot oferir una s\u00e8rie de beneficis tant per a l&#8217;empresa com per als empleats. Aqu\u00ed tens alguns arguments per considerar:<\/p>\n<p>&nbsp;<\/p>\n<h3>1. Retenci\u00f3 i atracci\u00f3 de talent:<\/h3>\n<p>Oferir beneficis de salut, com una asseguran\u00e7a m\u00e8dica, pot ser un factor important per retenir els empleats actuals i atraure nous talents. En un mercat laboral competitiu, els paquets de beneficis s\u00f2lids poden marcar la difer\u00e8ncia per als empleats potencials.<\/p>\n<h3>2. Millora del benestar i la moral:<\/h3>\n<p>Tenir acc\u00e9s a atenci\u00f3 m\u00e8dica pot millorar significativament el benestar dels empleats. Quan els treballadors saben que estan coberts en cas de malaltia o lesi\u00f3, poden sentir-se m\u00e9s segurs i valorats per l&#8217;empresa, cosa que alhora pot augmentar la moral i la satisfacci\u00f3 laboral.<\/p>\n<h3>3. Reducci\u00f3 de l&#8217;absentisme:<\/h3>\n<p>Una asseguran\u00e7a de salut pot ajudar a reduir l&#8217;absentisme laboral a causa de malalties o lesions. En proporcionar als empleats acc\u00e9s oport\u00fa a l atenci\u00f3 m\u00e8dica, \u00e9s menys probable que es perdin dies de treball a causa de problemes de salut no tractats.<\/p>\n<h3>4. Augment de la productivitat:<\/h3>\n<p>Els empleats que estan sans i se senten b\u00e9 tenen m\u00e9s probabilitats de ser productius a la feina. En reduir les preocupacions sobre l&#8217;acc\u00e9s a l&#8217;atenci\u00f3 m\u00e8dica, els empleats es poden concentrar millor en les responsabilitats laborals.<\/p>\n<h3>5. Cura preventiva:<\/h3>\n<p>Els plans d&#8217;asseguran\u00e7a de salut solen incloure beneficis per a l&#8217;atenci\u00f3 preventiva, com ara ex\u00e0mens m\u00e8dics regulars, vacunes i detecci\u00f3 primerenca de malalties. Aix\u00f2 pot ajudar a identificar problemes de salut abans que es converteixin en problemes greus, cosa que alhora pot estalviar diners a llarg termini tant a l&#8217;empresa com als empleats.<\/p>\n<h3>6. Compliment normatiu:<\/h3>\n<p>Depenent de la jurisdicci\u00f3 i de la mida de la teva empresa, \u00e9s possible que estiguis obligat legalment a proporcionar certs beneficis de salut als teus empleats. Contractar una asseguran\u00e7a de salut adequada pot ajudar-te a complir aquestes regulacions i evitar possibles sancions.<\/p>\n<h3>7. Imatge de marca i responsabilitat social corporativa:<\/h3>\n<p>Oferir beneficis de salut s\u00f2lids no sols pot millorar la percepci\u00f3 de la teva empresa entre els empleats, sin\u00f3 tamb\u00e9 entre clients, socis comercials i la comunitat en general. Demostrar un comprom\u00eds amb el benestar dels empleats pot enfortir la imatge de marca i la responsabilitat social corporativa de l empresa.<\/p>\n<p>En resum, contractar una asseguran\u00e7a de salut per als teus treballadors pot ser una inversi\u00f3 valuosa que pot tenir un impacte positiu en la retenci\u00f3 d&#8217;empleats, la productivitat i la reputaci\u00f3 de la teva empresa, a m\u00e9s de brindar seguretat i tranquil\u00b7litat als empleats.<\/p>\n<p>&nbsp;<\/p>\n<p>I com sempre recomanem consultar el vostre <a href=\"https:\/\/www.caralticonesa.com\/\">corredor d&#8217;assegurances.<\/a><\/p>\n<p><a href=\"https:\/\/www.linkedin.com\/in\/marc-conesa-caralt-a0069538\/\">Marc<\/a><\/p>\n","protected":false},"excerpt":{"rendered":"<p>Contractar una asseguran\u00e7a de salut per als teus treballadors pot oferir una s\u00e8rie de beneficis tant per a l&#8217;empresa com per als empleats. Aqu\u00ed tens [&hellip;]<\/p>\n","protected":false},"author":1,"featured_media":2765,"comment_status":"open","ping_status":"open","sticky":false,"template":"","format":"standard","meta":{"footnotes":""},"categories":[7],"tags":[],"class_list":["post-2763","post","type-post","status-publish","format-standard","has-post-thumbnail","hentry","category-uncategorized-ca"],"yoast_head":"<!-- This site is optimized with the Yoast SEO plugin v24.1 - https:\/\/yoast.com\/wordpress\/plugins\/seo\/ -->\n<title>Perqu\u00e8 hauria de contractar una asseguran\u00e7a de salut pels meus treballadors? - Caralt i Conesa<\/title>\n<meta name=\"robots\" content=\"index, follow, max-snippet:-1, max-image-preview:large, max-video-preview:-1\" \/>\n<link rel=\"canonical\" href=\"https:\/\/caralticonesa.com\/ca\/perque-hauria-de-contractar-una-asseguranca-de-salut-pels-meus-treballadors\/\" \/>\n<meta property=\"og:locale\" content=\"ca_ES\" \/>\n<meta property=\"og:type\" content=\"article\" \/>\n<meta property=\"og:title\" content=\"Perqu\u00e8 hauria de contractar una asseguran\u00e7a de salut pels meus treballadors? - Caralt i Conesa\" \/>\n<meta property=\"og:description\" content=\"Contractar una asseguran\u00e7a de salut per als teus treballadors pot oferir una s\u00e8rie de beneficis tant per a l&#8217;empresa com per als empleats. Aqu\u00ed tens [&hellip;]\" \/>\n<meta property=\"og:url\" content=\"https:\/\/caralticonesa.com\/ca\/perque-hauria-de-contractar-una-asseguranca-de-salut-pels-meus-treballadors\/\" \/>\n<meta property=\"og:site_name\" content=\"Caralt i Conesa\" \/>\n<meta property=\"article:published_time\" content=\"2024-03-28T07:54:53+00:00\" \/>\n<meta property=\"og:image\" content=\"https:\/\/caralticonesa.com\/wp-content\/uploads\/2024\/03\/images.jpg\" \/>\n\t<meta property=\"og:image:width\" content=\"302\" \/>\n\t<meta property=\"og:image:height\" content=\"167\" \/>\n\t<meta property=\"og:image:type\" content=\"image\/jpeg\" \/>\n<meta name=\"author\" content=\"caralticonesa\" \/>\n<meta name=\"twitter:card\" content=\"summary_large_image\" \/>\n<meta name=\"twitter:label1\" content=\"Escrit per\" \/>\n\t<meta name=\"twitter:data1\" content=\"caralticonesa\" \/>\n\t<meta name=\"twitter:label2\" content=\"Temps estimat de lectura\" \/>\n\t<meta name=\"twitter:data2\" content=\"3 minuts\" \/>\n<script type=\"application\/ld+json\" class=\"yoast-schema-graph\">{\"@context\":\"https:\/\/schema.org\",\"@graph\":[{\"@type\":\"WebPage\",\"@id\":\"https:\/\/caralticonesa.com\/ca\/perque-hauria-de-contractar-una-asseguranca-de-salut-pels-meus-treballadors\/\",\"url\":\"https:\/\/caralticonesa.com\/ca\/perque-hauria-de-contractar-una-asseguranca-de-salut-pels-meus-treballadors\/\",\"name\":\"Perqu\u00e8 hauria de contractar una asseguran\u00e7a de salut pels meus treballadors? - Caralt i Conesa\",\"isPartOf\":{\"@id\":\"https:\/\/caralticonesa.com\/#website\"},\"primaryImageOfPage\":{\"@id\":\"https:\/\/caralticonesa.com\/ca\/perque-hauria-de-contractar-una-asseguranca-de-salut-pels-meus-treballadors\/#primaryimage\"},\"image\":{\"@id\":\"https:\/\/caralticonesa.com\/ca\/perque-hauria-de-contractar-una-asseguranca-de-salut-pels-meus-treballadors\/#primaryimage\"},\"thumbnailUrl\":\"https:\/\/caralticonesa.com\/wp-content\/uploads\/2024\/03\/images.jpg\",\"datePublished\":\"2024-03-28T07:54:53+00:00\",\"dateModified\":\"2024-03-28T07:54:53+00:00\",\"author\":{\"@id\":\"https:\/\/caralticonesa.com\/#\/schema\/person\/e2a2530ba1848f127c765c6f1a15c57d\"},\"breadcrumb\":{\"@id\":\"https:\/\/caralticonesa.com\/ca\/perque-hauria-de-contractar-una-asseguranca-de-salut-pels-meus-treballadors\/#breadcrumb\"},\"inLanguage\":\"ca\",\"potentialAction\":[{\"@type\":\"ReadAction\",\"target\":[\"https:\/\/caralticonesa.com\/ca\/perque-hauria-de-contractar-una-asseguranca-de-salut-pels-meus-treballadors\/\"]}]},{\"@type\":\"ImageObject\",\"inLanguage\":\"ca\",\"@id\":\"https:\/\/caralticonesa.com\/ca\/perque-hauria-de-contractar-una-asseguranca-de-salut-pels-meus-treballadors\/#primaryimage\",\"url\":\"https:\/\/caralticonesa.com\/wp-content\/uploads\/2024\/03\/images.jpg\",\"contentUrl\":\"https:\/\/caralticonesa.com\/wp-content\/uploads\/2024\/03\/images.jpg\",\"width\":302,\"height\":167},{\"@type\":\"BreadcrumbList\",\"@id\":\"https:\/\/caralticonesa.com\/ca\/perque-hauria-de-contractar-una-asseguranca-de-salut-pels-meus-treballadors\/#breadcrumb\",\"itemListElement\":[{\"@type\":\"ListItem\",\"position\":1,\"name\":\"Portada\",\"item\":\"https:\/\/caralticonesa.com\/ca\/\"},{\"@type\":\"ListItem\",\"position\":2,\"name\":\"Perqu\u00e8 hauria de contractar una asseguran\u00e7a de salut pels meus treballadors?\"}]},{\"@type\":\"WebSite\",\"@id\":\"https:\/\/caralticonesa.com\/#website\",\"url\":\"https:\/\/caralticonesa.com\/\",\"name\":\"Caralt i Conesa\",\"description\":\"Otro sitio realizado con WordPress\",\"potentialAction\":[{\"@type\":\"SearchAction\",\"target\":{\"@type\":\"EntryPoint\",\"urlTemplate\":\"https:\/\/caralticonesa.com\/?s={search_term_string}\"},\"query-input\":{\"@type\":\"PropertyValueSpecification\",\"valueRequired\":true,\"valueName\":\"search_term_string\"}}],\"inLanguage\":\"ca\"},{\"@type\":\"Person\",\"@id\":\"https:\/\/caralticonesa.com\/#\/schema\/person\/e2a2530ba1848f127c765c6f1a15c57d\",\"name\":\"caralticonesa\",\"image\":{\"@type\":\"ImageObject\",\"inLanguage\":\"ca\",\"@id\":\"https:\/\/caralticonesa.com\/#\/schema\/person\/image\/\",\"url\":\"https:\/\/secure.gravatar.com\/avatar\/2e4a45cf8c1bc95afe79519e4bb42e61?s=96&d=mm&r=g\",\"contentUrl\":\"https:\/\/secure.gravatar.com\/avatar\/2e4a45cf8c1bc95afe79519e4bb42e61?s=96&d=mm&r=g\",\"caption\":\"caralticonesa\"},\"url\":\"https:\/\/caralticonesa.com\/ca\/author\/caralticonesa\/\"}]}<\/script>\n<!-- \/ Yoast SEO plugin. -->","yoast_head_json":{"title":"Perqu\u00e8 hauria de contractar una asseguran\u00e7a de salut pels meus treballadors? - Caralt i Conesa","robots":{"index":"index","follow":"follow","max-snippet":"max-snippet:-1","max-image-preview":"max-image-preview:large","max-video-preview":"max-video-preview:-1"},"canonical":"https:\/\/caralticonesa.com\/ca\/perque-hauria-de-contractar-una-asseguranca-de-salut-pels-meus-treballadors\/","og_locale":"ca_ES","og_type":"article","og_title":"Perqu\u00e8 hauria de contractar una asseguran\u00e7a de salut pels meus treballadors? - Caralt i Conesa","og_description":"Contractar una asseguran\u00e7a de salut per als teus treballadors pot oferir una s\u00e8rie de beneficis tant per a l&#8217;empresa com per als empleats. Aqu\u00ed tens [&hellip;]","og_url":"https:\/\/caralticonesa.com\/ca\/perque-hauria-de-contractar-una-asseguranca-de-salut-pels-meus-treballadors\/","og_site_name":"Caralt i Conesa","article_published_time":"2024-03-28T07:54:53+00:00","og_image":[{"width":302,"height":167,"url":"https:\/\/caralticonesa.com\/wp-content\/uploads\/2024\/03\/images.jpg","type":"image\/jpeg"}],"author":"caralticonesa","twitter_card":"summary_large_image","twitter_misc":{"Escrit per":"caralticonesa","Temps estimat de lectura":"3 minuts"},"schema":{"@context":"https:\/\/schema.org","@graph":[{"@type":"WebPage","@id":"https:\/\/caralticonesa.com\/ca\/perque-hauria-de-contractar-una-asseguranca-de-salut-pels-meus-treballadors\/","url":"https:\/\/caralticonesa.com\/ca\/perque-hauria-de-contractar-una-asseguranca-de-salut-pels-meus-treballadors\/","name":"Perqu\u00e8 hauria de contractar una asseguran\u00e7a de salut pels meus treballadors? - Caralt i Conesa","isPartOf":{"@id":"https:\/\/caralticonesa.com\/#website"},"primaryImageOfPage":{"@id":"https:\/\/caralticonesa.com\/ca\/perque-hauria-de-contractar-una-asseguranca-de-salut-pels-meus-treballadors\/#primaryimage"},"image":{"@id":"https:\/\/caralticonesa.com\/ca\/perque-hauria-de-contractar-una-asseguranca-de-salut-pels-meus-treballadors\/#primaryimage"},"thumbnailUrl":"https:\/\/caralticonesa.com\/wp-content\/uploads\/2024\/03\/images.jpg","datePublished":"2024-03-28T07:54:53+00:00","dateModified":"2024-03-28T07:54:53+00:00","author":{"@id":"https:\/\/caralticonesa.com\/#\/schema\/person\/e2a2530ba1848f127c765c6f1a15c57d"},"breadcrumb":{"@id":"https:\/\/caralticonesa.com\/ca\/perque-hauria-de-contractar-una-asseguranca-de-salut-pels-meus-treballadors\/#breadcrumb"},"inLanguage":"ca","potentialAction":[{"@type":"ReadAction","target":["https:\/\/caralticonesa.com\/ca\/perque-hauria-de-contractar-una-asseguranca-de-salut-pels-meus-treballadors\/"]}]},{"@type":"ImageObject","inLanguage":"ca","@id":"https:\/\/caralticonesa.com\/ca\/perque-hauria-de-contractar-una-asseguranca-de-salut-pels-meus-treballadors\/#primaryimage","url":"https:\/\/caralticonesa.com\/wp-content\/uploads\/2024\/03\/images.jpg","contentUrl":"https:\/\/caralticonesa.com\/wp-content\/uploads\/2024\/03\/images.jpg","width":302,"height":167},{"@type":"BreadcrumbList","@id":"https:\/\/caralticonesa.com\/ca\/perque-hauria-de-contractar-una-asseguranca-de-salut-pels-meus-treballadors\/#breadcrumb","itemListElement":[{"@type":"ListItem","position":1,"name":"Portada","item":"https:\/\/caralticonesa.com\/ca\/"},{"@type":"ListItem","position":2,"name":"Perqu\u00e8 hauria de contractar una asseguran\u00e7a de salut pels meus treballadors?"}]},{"@type":"WebSite","@id":"https:\/\/caralticonesa.com\/#website","url":"https:\/\/caralticonesa.com\/","name":"Caralt i Conesa","description":"Otro sitio realizado con WordPress","potentialAction":[{"@type":"SearchAction","target":{"@type":"EntryPoint","urlTemplate":"https:\/\/caralticonesa.com\/?s={search_term_string}"},"query-input":{"@type":"PropertyValueSpecification","valueRequired":true,"valueName":"search_term_string"}}],"inLanguage":"ca"},{"@type":"Person","@id":"https:\/\/caralticonesa.com\/#\/schema\/person\/e2a2530ba1848f127c765c6f1a15c57d","name":"caralticonesa","image":{"@type":"ImageObject","inLanguage":"ca","@id":"https:\/\/caralticonesa.com\/#\/schema\/person\/image\/","url":"https:\/\/secure.gravatar.com\/avatar\/2e4a45cf8c1bc95afe79519e4bb42e61?s=96&d=mm&r=g","contentUrl":"https:\/\/secure.gravatar.com\/avatar\/2e4a45cf8c1bc95afe79519e4bb42e61?s=96&d=mm&r=g","caption":"caralticonesa"},"url":"https:\/\/caralticonesa.com\/ca\/author\/caralticonesa\/"}]}},"_links":{"self":[{"href":"https:\/\/caralticonesa.com\/ca\/wp-json\/wp\/v2\/posts\/2763"}],"collection":[{"href":"https:\/\/caralticonesa.com\/ca\/wp-json\/wp\/v2\/posts"}],"about":[{"href":"https:\/\/caralticonesa.com\/ca\/wp-json\/wp\/v2\/types\/post"}],"author":[{"embeddable":true,"href":"https:\/\/caralticonesa.com\/ca\/wp-json\/wp\/v2\/users\/1"}],"replies":[{"embeddable":true,"href":"https:\/\/caralticonesa.com\/ca\/wp-json\/wp\/v2\/comments?post=2763"}],"version-history":[{"count":0,"href":"https:\/\/caralticonesa.com\/ca\/wp-json\/wp\/v2\/posts\/2763\/revisions"}],"wp:featuredmedia":[{"embeddable":true,"href":"https:\/\/caralticonesa.com\/ca\/wp-json\/wp\/v2\/media\/2765"}],"wp:attachment":[{"href":"https:\/\/caralticonesa.com\/ca\/wp-json\/wp\/v2\/media?parent=2763"}],"wp:term":[{"taxonomy":"category","embeddable":true,"href":"https:\/\/caralticonesa.com\/ca\/wp-json\/wp\/v2\/categories?post=2763"},{"taxonomy":"post_tag","embeddable":true,"href":"https:\/\/caralticonesa.com\/ca\/wp-json\/wp\/v2\/tags?post=2763"}],"curies":[{"name":"wp","href":"https:\/\/api.w.org\/{rel}","templated":true}]}}