{"id":2739,"date":"2024-02-26T11:48:03","date_gmt":"2024-02-26T11:48:03","guid":{"rendered":"https:\/\/caralticonesa.com\/?p=2739"},"modified":"2024-02-26T11:54:01","modified_gmt":"2024-02-26T11:54:01","slug":"com-a-empresari-estic-obligat-a-tenir-una-asseguranca-daccidents-de-conveni","status":"publish","type":"post","link":"https:\/\/caralticonesa.com\/ca\/com-a-empresari-estic-obligat-a-tenir-una-asseguranca-daccidents-de-conveni\/","title":{"rendered":"Com a empresari estic obligat a tenir una asseguran\u00e7a d&#8217;accidents de conveni?"},"content":{"rendered":"<p>&nbsp;<\/p>\n<p>&nbsp;<\/p>\n<p>Com a empresari estic obligat a complir una s\u00e8rie de requisits i regulacions davant dels meus clients, davant de l&#8217;Administraci\u00f3 P\u00fablica i davant del meu equip.<\/p>\n<p>L&#8217;asseguran\u00e7a d&#8217;ACCIDENTS DE CONVENI permet externalitzar els compromisos que el conveni col\u00b7lectiu de cada sector exigeix \u200b\u200ba l&#8217;empresari en mat\u00e8ria de protecci\u00f3 i indemnitzacions dels seus treballadors.<\/p>\n<p>Cada conveni col\u00b7lectiu descriu unes condicions laborals en mat\u00e8ria de remuneraci\u00f3, vacances, dies de pr\u00f2pia disposici\u00f3, permisos, horaris i tamb\u00e9 regulen i defineixen en cas d&#8217;accident laboral, que l&#8217;empresari haur\u00e0 d&#8217;assumir indemnitzacions.<\/p>\n<h3>Tipus de cobertura<\/h3>\n<p>Cada conveni obliga a contractar garanties, capitals i cobertures diferents encara que les cobertures m\u00e9s comunes s\u00f3n les de:<\/p>\n<p>Mort per accident<\/p>\n<p>Incapacitat permanent total<\/p>\n<p>Incapacitat absoluta<\/p>\n<p>Malaltia professional<\/p>\n<p>Gran invalidesa.<\/p>\n<h3>Exemples dels convenis m\u00e9s populars amb els seus capitals:<\/h3>\n<p><strong>-Conveni siderometal\u00b7l\u00fargic<\/strong><\/p>\n<p>Mort Laboral 25.000<\/p>\n<p>Incapac.Pte.Absoluta per Acc.Laboral 25.000<\/p>\n<p>&nbsp;<\/p>\n<p><strong>-Conveni construcci\u00f3 provincial<\/strong><\/p>\n<p>Mort Natural 2.000<\/p>\n<p>Mort Laboral 47.000<\/p>\n<p>Mort No laboral 2.000<\/p>\n<p>Mort Malaltia Professional 47.000<\/p>\n<p>Incapac. Pte Total per Acc Laboral 28.000<\/p>\n<p>Incapac. Pte Absoluta per Acc Laboral 47.000<\/p>\n<p>Gran Invalidesa per Acc Laboral 47.000<\/p>\n<p>Incapac Pte Total per Malaltia. Professional 28.000<\/p>\n<p>Incapac Pte Absoluta per Malaltia. Professional 47.000<\/p>\n<p>Gran Invalidesa Malaltia Professional 47.000<\/p>\n<p>&nbsp;<\/p>\n<p><strong>-Conveni comer\u00e7 al detall<\/strong><\/p>\n<p>Mort Laboral 30.000<\/p>\n<p>Incapac. Pte.Total per Acc. Laboral 30.000<\/p>\n<p>Incapac Pte Absoluta per Acc Laboral 30.000<\/p>\n<p>Gran Invalidesa per Acc Laboral 30.000<\/p>\n<p>Mort per qualsevol causa, per a majors de 45 anys i m\u00e9s de 10 anys.<\/p>\n<p><strong>-Conveni Agropecuari de Catalunya<\/strong><\/p>\n<p>Mort Laboral 20.000<\/p>\n<p>Mort Malaltia Professional 20.000<\/p>\n<p>Incapac. Pte Parcial per Acc Laboral 20.000<\/p>\n<p>Incapac. Pte Total per Acc Laboral 20.000<\/p>\n<p>Incapac Pte Absoluta per Acc Laboral 20.000<\/p>\n<p>Gran Invalidesa per Acc Laboral 20.000<\/p>\n<p>Incapac. Pte Total per Malalt. Professional<\/p>\n<p>Incapac.Pte.Absoluta per Enferm. Professional 20.000<\/p>\n<p>Incapac. Pte. Parcial per Enfer,. Professional 20.000<\/p>\n<p>Gran Invalidesa Malaltia Professional 20.000<\/p>\n<p>&nbsp;<\/p>\n<p><strong>-Conveni de Neteja d&#8217;edificis i locals<\/strong><\/p>\n<p>Mort Laboral 7.500<\/p>\n<p>Incapac. Pte Absoluta per Acc Laboral 7.500<\/p>\n<p>Gran Invalidesa per Acc. Laboral 7.500<\/p>\n<p>&nbsp;<\/p>\n<p><strong>-Conveni del comer\u00e7 del moble Catalunya<\/strong><\/p>\n<p>Mort Laboral 24.000<\/p>\n<p>Incapacitat Pte Abs per Acc Laboral 24.000<\/p>\n<p>&nbsp;<\/p>\n<p>&nbsp;<\/p>\n<h3>Qu\u00e8 passar\u00e0 si no tinc contractada lasseguran\u00e7a daccidents de conveni?<\/h3>\n<p>Que haur\u00e9 d&#8217;indemnitzar el perjudicat o la fam\u00edlia de la persona morta directament del compte d&#8217;explotaci\u00f3 de l&#8217;empresa, amb les conseq\u00fc\u00e8ncies que aix\u00f2 pot generar.<\/p>\n<p>&nbsp;<\/p>\n<h3>Com tenir actualitzada l&#8217;asseguran\u00e7a de conveni<\/h3>\n<p>La manera de tenir el contracte d&#8217;asseguran\u00e7a actualitzada i preparada per indemnitzar en cas de sinistre \u00e9s tenir la precauci\u00f3 cada anualitat d&#8217;asseguran\u00e7a de regularitzar els treballadors que estan donats d&#8217;alta al TC2 dels darrers 12 mesos. I despr\u00e9s d&#8217;aix\u00f2 l&#8217;asseguradora generar\u00e0 un c\u00e0rrec o un extorn de prima per les modificacions, que vindr\u00e0 per l&#8217;augment o la disminuci\u00f3 de treballadors assegurats davant dels reals.<\/p>\n<p>Les companyies d&#8217;assegurances de manera autom\u00e0tica ja adaptessin els capitals i les garanties si el conveni col\u00b7lectiu es canvi\u00e9s o ampli\u00e9s.<\/p>\n<p>&nbsp;<\/p>\n<h3>Totes les asseguradores cobreixen els mateixos?<\/h3>\n<p>S\u00ed, tot segura d&#8217;accidents de conveni ha de reflectir les garanties, capitals i prestacions recollides al conveni referenciat, \u00e9s m\u00e9s s&#8217;adapten a les modificacions que temporalment va realitzant el conveni, sense necessitat que l&#8217;assegurat hagi de fer cap gesti\u00f3.<\/p>\n<p>Com saber si necessito una asseguran\u00e7a d&#8217;accidents de conveni a la meva empresa?<br \/>\nEl m\u00e9s f\u00e0cil i r\u00e0pid\u00a0<strong> <a href=\"https:\/\/web.whatsapp.com\/\">contactar<\/a><\/strong>, escriu-nos i et respondrem amb solucions.<\/p>\n<p><strong><a href=\"https:\/\/www.linkedin.com\/in\/marc-conesa-caralt-a0069538\/\">Marc Conesa<\/a><\/strong><\/p>\n<p>&nbsp;<\/p>\n","protected":false},"excerpt":{"rendered":"<p>&nbsp; &nbsp; Com a empresari estic obligat a complir una s\u00e8rie de requisits i regulacions davant dels meus clients, davant de l&#8217;Administraci\u00f3 P\u00fablica i davant [&hellip;]<\/p>\n","protected":false},"author":1,"featured_media":2740,"comment_status":"open","ping_status":"open","sticky":false,"template":"","format":"standard","meta":{"footnotes":""},"categories":[7],"tags":[],"class_list":["post-2739","post","type-post","status-publish","format-standard","has-post-thumbnail","hentry","category-uncategorized-ca"],"yoast_head":"<!-- This site is optimized with the Yoast SEO plugin v24.1 - https:\/\/yoast.com\/wordpress\/plugins\/seo\/ -->\n<title>Com a empresari estic obligat a tenir una asseguran\u00e7a d&#039;accidents de conveni? - Caralt i Conesa<\/title>\n<meta name=\"robots\" content=\"index, follow, max-snippet:-1, max-image-preview:large, max-video-preview:-1\" \/>\n<link rel=\"canonical\" href=\"https:\/\/caralticonesa.com\/ca\/com-a-empresari-estic-obligat-a-tenir-una-asseguranca-daccidents-de-conveni\/\" \/>\n<meta property=\"og:locale\" content=\"ca_ES\" \/>\n<meta property=\"og:type\" content=\"article\" \/>\n<meta property=\"og:title\" content=\"Com a empresari estic obligat a tenir una asseguran\u00e7a d&#039;accidents de conveni? - Caralt i Conesa\" \/>\n<meta property=\"og:description\" content=\"&nbsp; &nbsp; Com a empresari estic obligat a complir una s\u00e8rie de requisits i regulacions davant dels meus clients, davant de l&#8217;Administraci\u00f3 P\u00fablica i davant [&hellip;]\" \/>\n<meta property=\"og:url\" content=\"https:\/\/caralticonesa.com\/ca\/com-a-empresari-estic-obligat-a-tenir-una-asseguranca-daccidents-de-conveni\/\" \/>\n<meta property=\"og:site_name\" content=\"Caralt i Conesa\" \/>\n<meta property=\"article:published_time\" content=\"2024-02-26T11:48:03+00:00\" \/>\n<meta property=\"article:modified_time\" content=\"2024-02-26T11:54:01+00:00\" \/>\n<meta property=\"og:image\" content=\"https:\/\/caralticonesa.com\/wp-content\/uploads\/2024\/02\/download.jpg\" \/>\n\t<meta property=\"og:image:width\" content=\"300\" \/>\n\t<meta property=\"og:image:height\" content=\"168\" \/>\n\t<meta property=\"og:image:type\" content=\"image\/jpeg\" \/>\n<meta name=\"author\" content=\"caralticonesa\" \/>\n<meta name=\"twitter:card\" content=\"summary_large_image\" \/>\n<meta name=\"twitter:label1\" content=\"Escrit per\" \/>\n\t<meta name=\"twitter:data1\" content=\"caralticonesa\" \/>\n\t<meta name=\"twitter:label2\" content=\"Temps estimat de lectura\" \/>\n\t<meta name=\"twitter:data2\" content=\"3 minuts\" \/>\n<script type=\"application\/ld+json\" class=\"yoast-schema-graph\">{\"@context\":\"https:\/\/schema.org\",\"@graph\":[{\"@type\":\"WebPage\",\"@id\":\"https:\/\/caralticonesa.com\/ca\/com-a-empresari-estic-obligat-a-tenir-una-asseguranca-daccidents-de-conveni\/\",\"url\":\"https:\/\/caralticonesa.com\/ca\/com-a-empresari-estic-obligat-a-tenir-una-asseguranca-daccidents-de-conveni\/\",\"name\":\"Com a empresari estic obligat a tenir una asseguran\u00e7a d'accidents de conveni? - Caralt i Conesa\",\"isPartOf\":{\"@id\":\"https:\/\/caralticonesa.com\/#website\"},\"primaryImageOfPage\":{\"@id\":\"https:\/\/caralticonesa.com\/ca\/com-a-empresari-estic-obligat-a-tenir-una-asseguranca-daccidents-de-conveni\/#primaryimage\"},\"image\":{\"@id\":\"https:\/\/caralticonesa.com\/ca\/com-a-empresari-estic-obligat-a-tenir-una-asseguranca-daccidents-de-conveni\/#primaryimage\"},\"thumbnailUrl\":\"https:\/\/caralticonesa.com\/wp-content\/uploads\/2024\/02\/download.jpg\",\"datePublished\":\"2024-02-26T11:48:03+00:00\",\"dateModified\":\"2024-02-26T11:54:01+00:00\",\"author\":{\"@id\":\"https:\/\/caralticonesa.com\/#\/schema\/person\/e2a2530ba1848f127c765c6f1a15c57d\"},\"breadcrumb\":{\"@id\":\"https:\/\/caralticonesa.com\/ca\/com-a-empresari-estic-obligat-a-tenir-una-asseguranca-daccidents-de-conveni\/#breadcrumb\"},\"inLanguage\":\"ca\",\"potentialAction\":[{\"@type\":\"ReadAction\",\"target\":[\"https:\/\/caralticonesa.com\/ca\/com-a-empresari-estic-obligat-a-tenir-una-asseguranca-daccidents-de-conveni\/\"]}]},{\"@type\":\"ImageObject\",\"inLanguage\":\"ca\",\"@id\":\"https:\/\/caralticonesa.com\/ca\/com-a-empresari-estic-obligat-a-tenir-una-asseguranca-daccidents-de-conveni\/#primaryimage\",\"url\":\"https:\/\/caralticonesa.com\/wp-content\/uploads\/2024\/02\/download.jpg\",\"contentUrl\":\"https:\/\/caralticonesa.com\/wp-content\/uploads\/2024\/02\/download.jpg\",\"width\":300,\"height\":168},{\"@type\":\"BreadcrumbList\",\"@id\":\"https:\/\/caralticonesa.com\/ca\/com-a-empresari-estic-obligat-a-tenir-una-asseguranca-daccidents-de-conveni\/#breadcrumb\",\"itemListElement\":[{\"@type\":\"ListItem\",\"position\":1,\"name\":\"Portada\",\"item\":\"https:\/\/caralticonesa.com\/ca\/\"},{\"@type\":\"ListItem\",\"position\":2,\"name\":\"Com a empresari estic obligat a tenir una asseguran\u00e7a d&#8217;accidents de conveni?\"}]},{\"@type\":\"WebSite\",\"@id\":\"https:\/\/caralticonesa.com\/#website\",\"url\":\"https:\/\/caralticonesa.com\/\",\"name\":\"Caralt i Conesa\",\"description\":\"Otro sitio realizado con WordPress\",\"potentialAction\":[{\"@type\":\"SearchAction\",\"target\":{\"@type\":\"EntryPoint\",\"urlTemplate\":\"https:\/\/caralticonesa.com\/?s={search_term_string}\"},\"query-input\":{\"@type\":\"PropertyValueSpecification\",\"valueRequired\":true,\"valueName\":\"search_term_string\"}}],\"inLanguage\":\"ca\"},{\"@type\":\"Person\",\"@id\":\"https:\/\/caralticonesa.com\/#\/schema\/person\/e2a2530ba1848f127c765c6f1a15c57d\",\"name\":\"caralticonesa\",\"image\":{\"@type\":\"ImageObject\",\"inLanguage\":\"ca\",\"@id\":\"https:\/\/caralticonesa.com\/#\/schema\/person\/image\/\",\"url\":\"https:\/\/secure.gravatar.com\/avatar\/2e4a45cf8c1bc95afe79519e4bb42e61?s=96&d=mm&r=g\",\"contentUrl\":\"https:\/\/secure.gravatar.com\/avatar\/2e4a45cf8c1bc95afe79519e4bb42e61?s=96&d=mm&r=g\",\"caption\":\"caralticonesa\"},\"url\":\"https:\/\/caralticonesa.com\/ca\/author\/caralticonesa\/\"}]}<\/script>\n<!-- \/ Yoast SEO plugin. -->","yoast_head_json":{"title":"Com a empresari estic obligat a tenir una asseguran\u00e7a d'accidents de conveni? - Caralt i Conesa","robots":{"index":"index","follow":"follow","max-snippet":"max-snippet:-1","max-image-preview":"max-image-preview:large","max-video-preview":"max-video-preview:-1"},"canonical":"https:\/\/caralticonesa.com\/ca\/com-a-empresari-estic-obligat-a-tenir-una-asseguranca-daccidents-de-conveni\/","og_locale":"ca_ES","og_type":"article","og_title":"Com a empresari estic obligat a tenir una asseguran\u00e7a d'accidents de conveni? - Caralt i Conesa","og_description":"&nbsp; &nbsp; Com a empresari estic obligat a complir una s\u00e8rie de requisits i regulacions davant dels meus clients, davant de l&#8217;Administraci\u00f3 P\u00fablica i davant [&hellip;]","og_url":"https:\/\/caralticonesa.com\/ca\/com-a-empresari-estic-obligat-a-tenir-una-asseguranca-daccidents-de-conveni\/","og_site_name":"Caralt i Conesa","article_published_time":"2024-02-26T11:48:03+00:00","article_modified_time":"2024-02-26T11:54:01+00:00","og_image":[{"width":300,"height":168,"url":"https:\/\/caralticonesa.com\/wp-content\/uploads\/2024\/02\/download.jpg","type":"image\/jpeg"}],"author":"caralticonesa","twitter_card":"summary_large_image","twitter_misc":{"Escrit per":"caralticonesa","Temps estimat de lectura":"3 minuts"},"schema":{"@context":"https:\/\/schema.org","@graph":[{"@type":"WebPage","@id":"https:\/\/caralticonesa.com\/ca\/com-a-empresari-estic-obligat-a-tenir-una-asseguranca-daccidents-de-conveni\/","url":"https:\/\/caralticonesa.com\/ca\/com-a-empresari-estic-obligat-a-tenir-una-asseguranca-daccidents-de-conveni\/","name":"Com a empresari estic obligat a tenir una asseguran\u00e7a d'accidents de conveni? - Caralt i Conesa","isPartOf":{"@id":"https:\/\/caralticonesa.com\/#website"},"primaryImageOfPage":{"@id":"https:\/\/caralticonesa.com\/ca\/com-a-empresari-estic-obligat-a-tenir-una-asseguranca-daccidents-de-conveni\/#primaryimage"},"image":{"@id":"https:\/\/caralticonesa.com\/ca\/com-a-empresari-estic-obligat-a-tenir-una-asseguranca-daccidents-de-conveni\/#primaryimage"},"thumbnailUrl":"https:\/\/caralticonesa.com\/wp-content\/uploads\/2024\/02\/download.jpg","datePublished":"2024-02-26T11:48:03+00:00","dateModified":"2024-02-26T11:54:01+00:00","author":{"@id":"https:\/\/caralticonesa.com\/#\/schema\/person\/e2a2530ba1848f127c765c6f1a15c57d"},"breadcrumb":{"@id":"https:\/\/caralticonesa.com\/ca\/com-a-empresari-estic-obligat-a-tenir-una-asseguranca-daccidents-de-conveni\/#breadcrumb"},"inLanguage":"ca","potentialAction":[{"@type":"ReadAction","target":["https:\/\/caralticonesa.com\/ca\/com-a-empresari-estic-obligat-a-tenir-una-asseguranca-daccidents-de-conveni\/"]}]},{"@type":"ImageObject","inLanguage":"ca","@id":"https:\/\/caralticonesa.com\/ca\/com-a-empresari-estic-obligat-a-tenir-una-asseguranca-daccidents-de-conveni\/#primaryimage","url":"https:\/\/caralticonesa.com\/wp-content\/uploads\/2024\/02\/download.jpg","contentUrl":"https:\/\/caralticonesa.com\/wp-content\/uploads\/2024\/02\/download.jpg","width":300,"height":168},{"@type":"BreadcrumbList","@id":"https:\/\/caralticonesa.com\/ca\/com-a-empresari-estic-obligat-a-tenir-una-asseguranca-daccidents-de-conveni\/#breadcrumb","itemListElement":[{"@type":"ListItem","position":1,"name":"Portada","item":"https:\/\/caralticonesa.com\/ca\/"},{"@type":"ListItem","position":2,"name":"Com a empresari estic obligat a tenir una asseguran\u00e7a d&#8217;accidents de conveni?"}]},{"@type":"WebSite","@id":"https:\/\/caralticonesa.com\/#website","url":"https:\/\/caralticonesa.com\/","name":"Caralt i Conesa","description":"Otro sitio realizado con WordPress","potentialAction":[{"@type":"SearchAction","target":{"@type":"EntryPoint","urlTemplate":"https:\/\/caralticonesa.com\/?s={search_term_string}"},"query-input":{"@type":"PropertyValueSpecification","valueRequired":true,"valueName":"search_term_string"}}],"inLanguage":"ca"},{"@type":"Person","@id":"https:\/\/caralticonesa.com\/#\/schema\/person\/e2a2530ba1848f127c765c6f1a15c57d","name":"caralticonesa","image":{"@type":"ImageObject","inLanguage":"ca","@id":"https:\/\/caralticonesa.com\/#\/schema\/person\/image\/","url":"https:\/\/secure.gravatar.com\/avatar\/2e4a45cf8c1bc95afe79519e4bb42e61?s=96&d=mm&r=g","contentUrl":"https:\/\/secure.gravatar.com\/avatar\/2e4a45cf8c1bc95afe79519e4bb42e61?s=96&d=mm&r=g","caption":"caralticonesa"},"url":"https:\/\/caralticonesa.com\/ca\/author\/caralticonesa\/"}]}},"_links":{"self":[{"href":"https:\/\/caralticonesa.com\/ca\/wp-json\/wp\/v2\/posts\/2739"}],"collection":[{"href":"https:\/\/caralticonesa.com\/ca\/wp-json\/wp\/v2\/posts"}],"about":[{"href":"https:\/\/caralticonesa.com\/ca\/wp-json\/wp\/v2\/types\/post"}],"author":[{"embeddable":true,"href":"https:\/\/caralticonesa.com\/ca\/wp-json\/wp\/v2\/users\/1"}],"replies":[{"embeddable":true,"href":"https:\/\/caralticonesa.com\/ca\/wp-json\/wp\/v2\/comments?post=2739"}],"version-history":[{"count":0,"href":"https:\/\/caralticonesa.com\/ca\/wp-json\/wp\/v2\/posts\/2739\/revisions"}],"wp:featuredmedia":[{"embeddable":true,"href":"https:\/\/caralticonesa.com\/ca\/wp-json\/wp\/v2\/media\/2740"}],"wp:attachment":[{"href":"https:\/\/caralticonesa.com\/ca\/wp-json\/wp\/v2\/media?parent=2739"}],"wp:term":[{"taxonomy":"category","embeddable":true,"href":"https:\/\/caralticonesa.com\/ca\/wp-json\/wp\/v2\/categories?post=2739"},{"taxonomy":"post_tag","embeddable":true,"href":"https:\/\/caralticonesa.com\/ca\/wp-json\/wp\/v2\/tags?post=2739"}],"curies":[{"name":"wp","href":"https:\/\/api.w.org\/{rel}","templated":true}]}}