{"id":2605,"date":"2023-11-17T14:50:23","date_gmt":"2023-11-17T14:50:23","guid":{"rendered":"https:\/\/caralticonesa.com\/?p=2605"},"modified":"2024-01-26T16:56:59","modified_gmt":"2024-01-26T16:56:59","slug":"ets-o-no-ets-un-gran-tenedor","status":"publish","type":"post","link":"https:\/\/caralticonesa.com\/ca\/ets-o-no-ets-un-gran-tenedor\/","title":{"rendered":"Ets o no ets un gran tenedor?"},"content":{"rendered":"<p>&nbsp;<\/p>\n<p>&nbsp;<\/p>\n<p><strong>Qu\u00e8 \u00e9s una gran tenedor?<\/strong> La Llei de l&#8217;Habitatge 12\/2023 de 24 de maig defineix el gran com el tenidor titular de m\u00e9s de 10 immobles urbans d&#8217;\u00fas residencial, excloent-ne garatges i trasters, o una superf\u00edcie constru\u00efda de m\u00e9s de 1.500 metres quadrats. Cal tenir en compte que a les zones tensionades (que s\u00f3n zones amb risc d&#8217;oferta insuficient d&#8217;habitatge assequible) tamb\u00e9 poden ser grans tenedors els titulars de 5 o m\u00e9s habitatges ubicats a la zona tensionada.<\/p>\n<p>&nbsp;<\/p>\n<p><strong>Si ets propietari de 3 habitatges que, en conjunt, tenen una superf\u00edcie constru\u00efda de m\u00e9s de 1.500 metres quadrats, ets una gran tenidor?<\/strong> S\u00ed. La Llei de l&#8217;Habitatge 12\/2023 estableix criteris alternatius per ser una gran tenedor: O ser titular de m\u00e9s de 10 habitatges o ser titular d&#8217;habitatges amb una superf\u00edcie constru\u00efda de m\u00e9s de 1.500 metres quadrats.<\/p>\n<p>&nbsp;<\/p>\n<p><strong>Si ets copropietari de 10 habitatges i la teva quota de participaci\u00f3 en cadascun \u00e9s del 50%, es considera que ets una gran tenedor?<\/strong> La Llei de l&#8217;habitatge 12\/2023 no ho aclareix. Els criteris orientadors dels jutges de primera inst\u00e0ncia de Barcelona consideren que, en el cas de titularitats compartides, s&#8217;inclouran al c\u00f2mput nom\u00e9s les propietats d&#8217;una part al\u00edquota superior al 50%. A l&#8217;exemple, segons aquest criteri, no series una gran tenidor, tret que el 50% de la superf\u00edcie constru\u00efda del conjunt dels habitatges super\u00e9s els 1.500 metres quadrats.<\/p>\n<p>&nbsp;<\/p>\n<p><strong>Si ets copropietari de diversos habitatges que, en conjunt, superen els 1.500 metres quadrats constru\u00efts, \u00bfes considera que ets una gran tenidor?<\/strong> La Llei de l&#8217;habitatge 12\/2023 no ho aclareix. Els criteris orientadors dels jutges de primera inst\u00e0ncia de Barcelona consideren que, en el cas de titularitats compartides, per assolir el c\u00f2mput dels 1.500 metres quadrats d&#8217;\u00fas residencial, cal fer el c\u00e0lcul tenint en compte les parts al\u00edquotes, incloent-hi totes les finques sobre les que tinguis alguna quota de participaci\u00f3. Per tant, a tall d&#8217;exemple, si ets copropietari de 14 habitatges al 50% cadascun i els metres quadrats constru\u00efts d&#8217;\u00fas residencial en conjunt ascendeixen a 4.000, tens una part al\u00edquota de 2.000 metres quadrats, cosa que fa que es et consideri \u201cgran tenidor\u201d.Si ets propietari de 2 habitatges (un per a resid\u00e8ncia habitual pr\u00f2pia i un segon que utilitzes el cap de setmana i en vacances) i de 8 habitatges m\u00e9s que tens de lloguer, es considera que ets gran tenidor? S\u00ed. La Llei de l&#8217;Habitatge 12\/2023 fa refer\u00e8ncia al gran tenidor com al titular de m\u00e9s de 10 habitatges, sense requerir que aquests 10 habitatges estiguin destinats al lloguer.<\/p>\n<p>&nbsp;<\/p>\n<p><strong>Si ets propietari de 2 habitatges i usufructuari de 8, ets una gran tenedor?<\/strong> La Llei de l&#8217;habitatge 12\/2023 no ho aclareix. Els criteris orientadors dels jutges de primera inst\u00e0ncia de Barcelona consideren que el dret d&#8217;usdefruit computa com a \u201ctitularitat\u201d perqu\u00e8 atorga al titular el dret a llogar l&#8217;habitatge a un tercer. Per tant, segons aquest criteri, es consideraria que ets una gran tenedor.<\/p>\n<p>&nbsp;<\/p>\n<p><strong>Si ets propietari d&#8217;un immoble que no est\u00e0 constitu\u00eft en propietat horitzontal, com computa als efectes de determinar si ets una gran tenidor o no?<\/strong> Hi ha immobles que al Registre de la Propietat figuren com una \u00fanica finca d&#8217;un \u00fanic propietari, encara que estiguin dividides f\u00edsicament en diferents apartaments o pisos. \u00c9s la denominada \u201cpropietat vertical\u201d. En aquest tipus de finques encara no s&#8217;ha constitu\u00eft el r\u00e8gim de \u201cpropietat horitzontal\u201d, \u00e9s a dir, no hi ha una comunitat de propietaris ni tampoc despeses comunes. En aquests casos, la finca computa com un \u00fanic immoble, fins i tot encara que estigu\u00e9s dividit en 10 departaments. Cal acudir, per tant, al criteri alternatiu dels metres quadrats constru\u00efts destinats a \u00fas residencial: Si aquests 10 departaments tenen una superf\u00edcie constru\u00efda de m\u00e9s de 1.500 metres quadrats, el propietari seria una gran tenidor.<\/p>\n<p><strong>Com saber si una determinada zona \u00e9s \u201czona tensionada\u201d?<\/strong> Per con\u00e8ixer si una zona \u00e9s zona tensionada o no, cal consultar la p\u00e0gina web de l&#8217;Administraci\u00f3 Auton\u00f2mica corresponent, per tal de con\u00e8ixer si ha estat aix\u00ed declarada.<\/p>\n<p>&nbsp;<\/p>\n<p>Informaci\u00f3 cedida pel Departament Jur\u00ecdic de Das Assegurances<\/p>\n","protected":false},"excerpt":{"rendered":"<p>&nbsp; &nbsp; Qu\u00e8 \u00e9s una gran tenedor? La Llei de l&#8217;Habitatge 12\/2023 de 24 de maig defineix el gran com el tenidor titular de m\u00e9s [&hellip;]<\/p>\n","protected":false},"author":1,"featured_media":2597,"comment_status":"open","ping_status":"open","sticky":false,"template":"","format":"standard","meta":{"footnotes":""},"categories":[7],"tags":[],"class_list":["post-2605","post","type-post","status-publish","format-standard","has-post-thumbnail","hentry","category-uncategorized-ca"],"yoast_head":"<!-- This site is optimized with the Yoast SEO plugin v24.1 - https:\/\/yoast.com\/wordpress\/plugins\/seo\/ -->\n<title>Ets o no ets un gran tenedor? - Caralt i Conesa<\/title>\n<meta name=\"robots\" content=\"index, follow, max-snippet:-1, max-image-preview:large, max-video-preview:-1\" \/>\n<link rel=\"canonical\" href=\"https:\/\/caralticonesa.com\/ca\/ets-o-no-ets-un-gran-tenedor\/\" \/>\n<meta property=\"og:locale\" content=\"ca_ES\" \/>\n<meta property=\"og:type\" content=\"article\" \/>\n<meta property=\"og:title\" content=\"Ets o no ets un gran tenedor? - Caralt i Conesa\" \/>\n<meta property=\"og:description\" content=\"&nbsp; &nbsp; Qu\u00e8 \u00e9s una gran tenedor? La Llei de l&#8217;Habitatge 12\/2023 de 24 de maig defineix el gran com el tenidor titular de m\u00e9s [&hellip;]\" \/>\n<meta property=\"og:url\" content=\"https:\/\/caralticonesa.com\/ca\/ets-o-no-ets-un-gran-tenedor\/\" \/>\n<meta property=\"og:site_name\" content=\"Caralt i Conesa\" \/>\n<meta property=\"article:published_time\" content=\"2023-11-17T14:50:23+00:00\" \/>\n<meta property=\"article:modified_time\" content=\"2024-01-26T16:56:59+00:00\" \/>\n<meta property=\"og:image\" content=\"https:\/\/caralticonesa.com\/wp-content\/uploads\/2023\/11\/images.jpg\" \/>\n\t<meta property=\"og:image:width\" content=\"179\" \/>\n\t<meta property=\"og:image:height\" content=\"281\" \/>\n\t<meta property=\"og:image:type\" content=\"image\/jpeg\" \/>\n<meta name=\"author\" content=\"caralticonesa\" \/>\n<meta name=\"twitter:card\" content=\"summary_large_image\" \/>\n<meta name=\"twitter:label1\" content=\"Escrit per\" \/>\n\t<meta name=\"twitter:data1\" content=\"caralticonesa\" \/>\n\t<meta name=\"twitter:label2\" content=\"Temps estimat de lectura\" \/>\n\t<meta name=\"twitter:data2\" content=\"3 minuts\" \/>\n<script type=\"application\/ld+json\" class=\"yoast-schema-graph\">{\"@context\":\"https:\/\/schema.org\",\"@graph\":[{\"@type\":\"WebPage\",\"@id\":\"https:\/\/caralticonesa.com\/ca\/ets-o-no-ets-un-gran-tenedor\/\",\"url\":\"https:\/\/caralticonesa.com\/ca\/ets-o-no-ets-un-gran-tenedor\/\",\"name\":\"Ets o no ets un gran tenedor? - Caralt i Conesa\",\"isPartOf\":{\"@id\":\"https:\/\/caralticonesa.com\/#website\"},\"primaryImageOfPage\":{\"@id\":\"https:\/\/caralticonesa.com\/ca\/ets-o-no-ets-un-gran-tenedor\/#primaryimage\"},\"image\":{\"@id\":\"https:\/\/caralticonesa.com\/ca\/ets-o-no-ets-un-gran-tenedor\/#primaryimage\"},\"thumbnailUrl\":\"https:\/\/caralticonesa.com\/wp-content\/uploads\/2023\/11\/images.jpg\",\"datePublished\":\"2023-11-17T14:50:23+00:00\",\"dateModified\":\"2024-01-26T16:56:59+00:00\",\"author\":{\"@id\":\"https:\/\/caralticonesa.com\/#\/schema\/person\/e2a2530ba1848f127c765c6f1a15c57d\"},\"breadcrumb\":{\"@id\":\"https:\/\/caralticonesa.com\/ca\/ets-o-no-ets-un-gran-tenedor\/#breadcrumb\"},\"inLanguage\":\"ca\",\"potentialAction\":[{\"@type\":\"ReadAction\",\"target\":[\"https:\/\/caralticonesa.com\/ca\/ets-o-no-ets-un-gran-tenedor\/\"]}]},{\"@type\":\"ImageObject\",\"inLanguage\":\"ca\",\"@id\":\"https:\/\/caralticonesa.com\/ca\/ets-o-no-ets-un-gran-tenedor\/#primaryimage\",\"url\":\"https:\/\/caralticonesa.com\/wp-content\/uploads\/2023\/11\/images.jpg\",\"contentUrl\":\"https:\/\/caralticonesa.com\/wp-content\/uploads\/2023\/11\/images.jpg\",\"width\":179,\"height\":281},{\"@type\":\"BreadcrumbList\",\"@id\":\"https:\/\/caralticonesa.com\/ca\/ets-o-no-ets-un-gran-tenedor\/#breadcrumb\",\"itemListElement\":[{\"@type\":\"ListItem\",\"position\":1,\"name\":\"Portada\",\"item\":\"https:\/\/caralticonesa.com\/ca\/\"},{\"@type\":\"ListItem\",\"position\":2,\"name\":\"Ets o no ets un gran tenedor?\"}]},{\"@type\":\"WebSite\",\"@id\":\"https:\/\/caralticonesa.com\/#website\",\"url\":\"https:\/\/caralticonesa.com\/\",\"name\":\"Caralt i Conesa\",\"description\":\"Otro sitio realizado con WordPress\",\"potentialAction\":[{\"@type\":\"SearchAction\",\"target\":{\"@type\":\"EntryPoint\",\"urlTemplate\":\"https:\/\/caralticonesa.com\/?s={search_term_string}\"},\"query-input\":{\"@type\":\"PropertyValueSpecification\",\"valueRequired\":true,\"valueName\":\"search_term_string\"}}],\"inLanguage\":\"ca\"},{\"@type\":\"Person\",\"@id\":\"https:\/\/caralticonesa.com\/#\/schema\/person\/e2a2530ba1848f127c765c6f1a15c57d\",\"name\":\"caralticonesa\",\"image\":{\"@type\":\"ImageObject\",\"inLanguage\":\"ca\",\"@id\":\"https:\/\/caralticonesa.com\/#\/schema\/person\/image\/\",\"url\":\"https:\/\/secure.gravatar.com\/avatar\/2e4a45cf8c1bc95afe79519e4bb42e61?s=96&d=mm&r=g\",\"contentUrl\":\"https:\/\/secure.gravatar.com\/avatar\/2e4a45cf8c1bc95afe79519e4bb42e61?s=96&d=mm&r=g\",\"caption\":\"caralticonesa\"},\"url\":\"https:\/\/caralticonesa.com\/ca\/author\/caralticonesa\/\"}]}<\/script>\n<!-- \/ Yoast SEO plugin. -->","yoast_head_json":{"title":"Ets o no ets un gran tenedor? - Caralt i Conesa","robots":{"index":"index","follow":"follow","max-snippet":"max-snippet:-1","max-image-preview":"max-image-preview:large","max-video-preview":"max-video-preview:-1"},"canonical":"https:\/\/caralticonesa.com\/ca\/ets-o-no-ets-un-gran-tenedor\/","og_locale":"ca_ES","og_type":"article","og_title":"Ets o no ets un gran tenedor? - Caralt i Conesa","og_description":"&nbsp; &nbsp; Qu\u00e8 \u00e9s una gran tenedor? La Llei de l&#8217;Habitatge 12\/2023 de 24 de maig defineix el gran com el tenidor titular de m\u00e9s [&hellip;]","og_url":"https:\/\/caralticonesa.com\/ca\/ets-o-no-ets-un-gran-tenedor\/","og_site_name":"Caralt i Conesa","article_published_time":"2023-11-17T14:50:23+00:00","article_modified_time":"2024-01-26T16:56:59+00:00","og_image":[{"width":179,"height":281,"url":"https:\/\/caralticonesa.com\/wp-content\/uploads\/2023\/11\/images.jpg","type":"image\/jpeg"}],"author":"caralticonesa","twitter_card":"summary_large_image","twitter_misc":{"Escrit per":"caralticonesa","Temps estimat de lectura":"3 minuts"},"schema":{"@context":"https:\/\/schema.org","@graph":[{"@type":"WebPage","@id":"https:\/\/caralticonesa.com\/ca\/ets-o-no-ets-un-gran-tenedor\/","url":"https:\/\/caralticonesa.com\/ca\/ets-o-no-ets-un-gran-tenedor\/","name":"Ets o no ets un gran tenedor? - Caralt i Conesa","isPartOf":{"@id":"https:\/\/caralticonesa.com\/#website"},"primaryImageOfPage":{"@id":"https:\/\/caralticonesa.com\/ca\/ets-o-no-ets-un-gran-tenedor\/#primaryimage"},"image":{"@id":"https:\/\/caralticonesa.com\/ca\/ets-o-no-ets-un-gran-tenedor\/#primaryimage"},"thumbnailUrl":"https:\/\/caralticonesa.com\/wp-content\/uploads\/2023\/11\/images.jpg","datePublished":"2023-11-17T14:50:23+00:00","dateModified":"2024-01-26T16:56:59+00:00","author":{"@id":"https:\/\/caralticonesa.com\/#\/schema\/person\/e2a2530ba1848f127c765c6f1a15c57d"},"breadcrumb":{"@id":"https:\/\/caralticonesa.com\/ca\/ets-o-no-ets-un-gran-tenedor\/#breadcrumb"},"inLanguage":"ca","potentialAction":[{"@type":"ReadAction","target":["https:\/\/caralticonesa.com\/ca\/ets-o-no-ets-un-gran-tenedor\/"]}]},{"@type":"ImageObject","inLanguage":"ca","@id":"https:\/\/caralticonesa.com\/ca\/ets-o-no-ets-un-gran-tenedor\/#primaryimage","url":"https:\/\/caralticonesa.com\/wp-content\/uploads\/2023\/11\/images.jpg","contentUrl":"https:\/\/caralticonesa.com\/wp-content\/uploads\/2023\/11\/images.jpg","width":179,"height":281},{"@type":"BreadcrumbList","@id":"https:\/\/caralticonesa.com\/ca\/ets-o-no-ets-un-gran-tenedor\/#breadcrumb","itemListElement":[{"@type":"ListItem","position":1,"name":"Portada","item":"https:\/\/caralticonesa.com\/ca\/"},{"@type":"ListItem","position":2,"name":"Ets o no ets un gran tenedor?"}]},{"@type":"WebSite","@id":"https:\/\/caralticonesa.com\/#website","url":"https:\/\/caralticonesa.com\/","name":"Caralt i Conesa","description":"Otro sitio realizado con WordPress","potentialAction":[{"@type":"SearchAction","target":{"@type":"EntryPoint","urlTemplate":"https:\/\/caralticonesa.com\/?s={search_term_string}"},"query-input":{"@type":"PropertyValueSpecification","valueRequired":true,"valueName":"search_term_string"}}],"inLanguage":"ca"},{"@type":"Person","@id":"https:\/\/caralticonesa.com\/#\/schema\/person\/e2a2530ba1848f127c765c6f1a15c57d","name":"caralticonesa","image":{"@type":"ImageObject","inLanguage":"ca","@id":"https:\/\/caralticonesa.com\/#\/schema\/person\/image\/","url":"https:\/\/secure.gravatar.com\/avatar\/2e4a45cf8c1bc95afe79519e4bb42e61?s=96&d=mm&r=g","contentUrl":"https:\/\/secure.gravatar.com\/avatar\/2e4a45cf8c1bc95afe79519e4bb42e61?s=96&d=mm&r=g","caption":"caralticonesa"},"url":"https:\/\/caralticonesa.com\/ca\/author\/caralticonesa\/"}]}},"_links":{"self":[{"href":"https:\/\/caralticonesa.com\/ca\/wp-json\/wp\/v2\/posts\/2605"}],"collection":[{"href":"https:\/\/caralticonesa.com\/ca\/wp-json\/wp\/v2\/posts"}],"about":[{"href":"https:\/\/caralticonesa.com\/ca\/wp-json\/wp\/v2\/types\/post"}],"author":[{"embeddable":true,"href":"https:\/\/caralticonesa.com\/ca\/wp-json\/wp\/v2\/users\/1"}],"replies":[{"embeddable":true,"href":"https:\/\/caralticonesa.com\/ca\/wp-json\/wp\/v2\/comments?post=2605"}],"version-history":[{"count":0,"href":"https:\/\/caralticonesa.com\/ca\/wp-json\/wp\/v2\/posts\/2605\/revisions"}],"wp:featuredmedia":[{"embeddable":true,"href":"https:\/\/caralticonesa.com\/ca\/wp-json\/wp\/v2\/media\/2597"}],"wp:attachment":[{"href":"https:\/\/caralticonesa.com\/ca\/wp-json\/wp\/v2\/media?parent=2605"}],"wp:term":[{"taxonomy":"category","embeddable":true,"href":"https:\/\/caralticonesa.com\/ca\/wp-json\/wp\/v2\/categories?post=2605"},{"taxonomy":"post_tag","embeddable":true,"href":"https:\/\/caralticonesa.com\/ca\/wp-json\/wp\/v2\/tags?post=2605"}],"curies":[{"name":"wp","href":"https:\/\/api.w.org\/{rel}","templated":true}]}}