{"id":2584,"date":"2023-10-11T13:19:33","date_gmt":"2023-10-11T13:19:33","guid":{"rendered":"https:\/\/caralticonesa.com\/?p=2584"},"modified":"2023-10-26T12:55:57","modified_gmt":"2023-10-26T12:55:57","slug":"ets-propietari-dun-gos","status":"publish","type":"post","link":"https:\/\/caralticonesa.com\/ca\/ets-propietari-dun-gos\/","title":{"rendered":"Ets propietari d&#8217;un gos?"},"content":{"rendered":"<h2>Asseguran\u00e7a obligat\u00f2ria de responsabilitat civil derivada de la tinen\u00e7a de gossos.<\/h2>\n<p>El passat 29 de setembre va entrar en vigor la llei de benestar animal, mancant publicar la normativa que desenvolupi la llei, afecta els propietaris de gossos, pel que fa a assegurances i responsabilitat civils, i distingeix diversos tipus d&#8217;usos.<\/p>\n<p>L&#8217;afectaci\u00f3 d&#8217;aquesta llei (fins ara) nom\u00e9s \u00e9s per als propietaris de gossos de companyia, ja que no es modifica gens l&#8217;obligacions de les forquilles de gossos perillosos, de ca\u00e7a o gossos d&#8217;assist\u00e8ncia.<\/p>\n<p>I per als gossos d&#8217;\u00fas dom\u00e8stic o de companyia la llei obliga a tenir una asseguran\u00e7a de responsabilitat civil. No indica la quantia del mateix, nom\u00e9s indica que sigui suficient per sufragar els danys que pugui causar.<\/p>\n<h2>Fins ara com s`asseguren els gossos,<\/h2>\n<p>Fins ara, la majoria de companyies asseguradores, ofereixen la cobertura de responsabilitat civil dels gossos i mascotes dom\u00e8stiques, sense sobre cost dins de les assegurances multirisc de la llar, ja que s&#8217;entenia que era una extensi\u00f3 de la responsabilitat familiar.<\/p>\n<h2>I apartir d ara ?<\/h2>\n<p>La majoria de companyies, en convertir-se en una asseguran\u00e7a obligat\u00f2ria, la que empara la responsabilitat civil, exclouran l&#8217;actual cobertura, dins de la responsabilitat civil familiar, ja que la majoria de contractes indiquen que per responsabilitat civil familiar s&#8217;empara tot excepte aquelles activitats amb asseguran\u00e7a obligat\u00f2ria com \u00e9s el cas. Per aix\u00f2 deixaran de tenir cobertura com fins ara a la majoria d&#8217;asseguradores.<\/p>\n<h2>Qu\u00e8 fem si tenim un gos?<\/h2>\n<p>La primera recomanaci\u00f3 \u00e9s\u00a0 CONTACTAR\u00a0 AMB LA SEVA ACTUAL ASSEGURAN\u00c7A, per con\u00e8ixer, si seguiran assegurant el seu animal de companyia dins de la seva asseguran\u00e7a multirisc de la llar o b\u00e9, haur\u00e0 de contractar una asseguran\u00e7a obligat\u00f2ria de mascotes.<\/p>\n<p>Si la nostra actual companyia de llar pot garantir la responsabilitat civil de tinen\u00e7a de gossos, sol\u00b7licitar-li una cl\u00e0usula que ho indiqui.<\/p>\n<p>I si la nostra actual companyia no garanteix aquesta responsabilitat, contractar\u00e0 una asseguran\u00e7a nom\u00e9s per a tinen\u00e7a de gossos. preus de 40 a 50\u20ac a l&#8217;any per animal.<\/p>\n<p>I si no tenim asseguran\u00e7a de llar contractar una p\u00f2lissa nom\u00e9s per a l&#8217;animal.<\/p>\n<p>&nbsp;<\/p>\n<h2>Qu\u00e8 fem si els nostre gos es considerat de ra\u00e7a potencialment perillosa?<\/h2>\n<p>En aquest cas la normativa es la mateixa que fins ara, i han de tenit obligatoriament una asseguran\u00e7a individual per l &#8216; animal.I els preus oscil.len entre els 90 a 110 \u20ac any.<\/p>\n<p>&nbsp;<\/p>\n<p>I si ho prefereixes, escriu la teva consulta a <a href=\"mailto:assegurances@caralticonesa.com\"><strong>assegurances@caralticonesa.com<\/strong><\/a> i et respondrem.<\/p>\n","protected":false},"excerpt":{"rendered":"<p>Asseguran\u00e7a obligat\u00f2ria de responsabilitat civil derivada de la tinen\u00e7a de gossos. El passat 29 de setembre va entrar en vigor la llei de benestar animal, [&hellip;]<\/p>\n","protected":false},"author":1,"featured_media":2573,"comment_status":"open","ping_status":"open","sticky":false,"template":"","format":"standard","meta":{"footnotes":""},"categories":[164,166,165],"tags":[],"class_list":["post-2584","post","type-post","status-publish","format-standard","has-post-thumbnail","hentry","category-animals-de-companyia","category-assegurances-familiars","category-responsabilitat-civil"],"yoast_head":"<!-- This site is optimized with the Yoast SEO plugin v24.1 - https:\/\/yoast.com\/wordpress\/plugins\/seo\/ -->\n<title>Ets propietari d&#039;un gos? - Caralt i Conesa<\/title>\n<meta name=\"robots\" content=\"index, follow, max-snippet:-1, max-image-preview:large, max-video-preview:-1\" \/>\n<link rel=\"canonical\" href=\"https:\/\/caralticonesa.com\/ca\/ets-propietari-dun-gos\/\" \/>\n<meta property=\"og:locale\" content=\"ca_ES\" \/>\n<meta property=\"og:type\" content=\"article\" \/>\n<meta property=\"og:title\" content=\"Ets propietari d&#039;un gos? - Caralt i Conesa\" \/>\n<meta property=\"og:description\" content=\"Asseguran\u00e7a obligat\u00f2ria de responsabilitat civil derivada de la tinen\u00e7a de gossos. El passat 29 de setembre va entrar en vigor la llei de benestar animal, [&hellip;]\" \/>\n<meta property=\"og:url\" content=\"https:\/\/caralticonesa.com\/ca\/ets-propietari-dun-gos\/\" \/>\n<meta property=\"og:site_name\" content=\"Caralt i Conesa\" \/>\n<meta property=\"article:published_time\" content=\"2023-10-11T13:19:33+00:00\" \/>\n<meta property=\"article:modified_time\" content=\"2023-10-26T12:55:57+00:00\" \/>\n<meta property=\"og:image\" content=\"https:\/\/caralticonesa.com\/wp-content\/uploads\/2023\/10\/1.jpg\" \/>\n\t<meta property=\"og:image:width\" content=\"1300\" \/>\n\t<meta property=\"og:image:height\" content=\"867\" \/>\n\t<meta property=\"og:image:type\" content=\"image\/jpeg\" \/>\n<meta name=\"author\" content=\"caralticonesa\" \/>\n<meta name=\"twitter:card\" content=\"summary_large_image\" \/>\n<meta name=\"twitter:label1\" content=\"Escrit per\" \/>\n\t<meta name=\"twitter:data1\" content=\"caralticonesa\" \/>\n\t<meta name=\"twitter:label2\" content=\"Temps estimat de lectura\" \/>\n\t<meta name=\"twitter:data2\" content=\"2 minuts\" \/>\n<script type=\"application\/ld+json\" class=\"yoast-schema-graph\">{\"@context\":\"https:\/\/schema.org\",\"@graph\":[{\"@type\":\"WebPage\",\"@id\":\"https:\/\/caralticonesa.com\/ca\/ets-propietari-dun-gos\/\",\"url\":\"https:\/\/caralticonesa.com\/ca\/ets-propietari-dun-gos\/\",\"name\":\"Ets propietari d'un gos? - Caralt i Conesa\",\"isPartOf\":{\"@id\":\"https:\/\/caralticonesa.com\/#website\"},\"primaryImageOfPage\":{\"@id\":\"https:\/\/caralticonesa.com\/ca\/ets-propietari-dun-gos\/#primaryimage\"},\"image\":{\"@id\":\"https:\/\/caralticonesa.com\/ca\/ets-propietari-dun-gos\/#primaryimage\"},\"thumbnailUrl\":\"https:\/\/caralticonesa.com\/wp-content\/uploads\/2023\/10\/1.jpg\",\"datePublished\":\"2023-10-11T13:19:33+00:00\",\"dateModified\":\"2023-10-26T12:55:57+00:00\",\"author\":{\"@id\":\"https:\/\/caralticonesa.com\/#\/schema\/person\/e2a2530ba1848f127c765c6f1a15c57d\"},\"breadcrumb\":{\"@id\":\"https:\/\/caralticonesa.com\/ca\/ets-propietari-dun-gos\/#breadcrumb\"},\"inLanguage\":\"ca\",\"potentialAction\":[{\"@type\":\"ReadAction\",\"target\":[\"https:\/\/caralticonesa.com\/ca\/ets-propietari-dun-gos\/\"]}]},{\"@type\":\"ImageObject\",\"inLanguage\":\"ca\",\"@id\":\"https:\/\/caralticonesa.com\/ca\/ets-propietari-dun-gos\/#primaryimage\",\"url\":\"https:\/\/caralticonesa.com\/wp-content\/uploads\/2023\/10\/1.jpg\",\"contentUrl\":\"https:\/\/caralticonesa.com\/wp-content\/uploads\/2023\/10\/1.jpg\",\"width\":1300,\"height\":867},{\"@type\":\"BreadcrumbList\",\"@id\":\"https:\/\/caralticonesa.com\/ca\/ets-propietari-dun-gos\/#breadcrumb\",\"itemListElement\":[{\"@type\":\"ListItem\",\"position\":1,\"name\":\"Portada\",\"item\":\"https:\/\/caralticonesa.com\/ca\/\"},{\"@type\":\"ListItem\",\"position\":2,\"name\":\"Ets propietari d&#8217;un gos?\"}]},{\"@type\":\"WebSite\",\"@id\":\"https:\/\/caralticonesa.com\/#website\",\"url\":\"https:\/\/caralticonesa.com\/\",\"name\":\"Caralt i Conesa\",\"description\":\"Otro sitio realizado con WordPress\",\"potentialAction\":[{\"@type\":\"SearchAction\",\"target\":{\"@type\":\"EntryPoint\",\"urlTemplate\":\"https:\/\/caralticonesa.com\/?s={search_term_string}\"},\"query-input\":{\"@type\":\"PropertyValueSpecification\",\"valueRequired\":true,\"valueName\":\"search_term_string\"}}],\"inLanguage\":\"ca\"},{\"@type\":\"Person\",\"@id\":\"https:\/\/caralticonesa.com\/#\/schema\/person\/e2a2530ba1848f127c765c6f1a15c57d\",\"name\":\"caralticonesa\",\"image\":{\"@type\":\"ImageObject\",\"inLanguage\":\"ca\",\"@id\":\"https:\/\/caralticonesa.com\/#\/schema\/person\/image\/\",\"url\":\"https:\/\/secure.gravatar.com\/avatar\/2e4a45cf8c1bc95afe79519e4bb42e61?s=96&d=mm&r=g\",\"contentUrl\":\"https:\/\/secure.gravatar.com\/avatar\/2e4a45cf8c1bc95afe79519e4bb42e61?s=96&d=mm&r=g\",\"caption\":\"caralticonesa\"},\"url\":\"https:\/\/caralticonesa.com\/ca\/author\/caralticonesa\/\"}]}<\/script>\n<!-- \/ Yoast SEO plugin. -->","yoast_head_json":{"title":"Ets propietari d'un gos? - Caralt i Conesa","robots":{"index":"index","follow":"follow","max-snippet":"max-snippet:-1","max-image-preview":"max-image-preview:large","max-video-preview":"max-video-preview:-1"},"canonical":"https:\/\/caralticonesa.com\/ca\/ets-propietari-dun-gos\/","og_locale":"ca_ES","og_type":"article","og_title":"Ets propietari d'un gos? - Caralt i Conesa","og_description":"Asseguran\u00e7a obligat\u00f2ria de responsabilitat civil derivada de la tinen\u00e7a de gossos. El passat 29 de setembre va entrar en vigor la llei de benestar animal, [&hellip;]","og_url":"https:\/\/caralticonesa.com\/ca\/ets-propietari-dun-gos\/","og_site_name":"Caralt i Conesa","article_published_time":"2023-10-11T13:19:33+00:00","article_modified_time":"2023-10-26T12:55:57+00:00","og_image":[{"width":1300,"height":867,"url":"https:\/\/caralticonesa.com\/wp-content\/uploads\/2023\/10\/1.jpg","type":"image\/jpeg"}],"author":"caralticonesa","twitter_card":"summary_large_image","twitter_misc":{"Escrit per":"caralticonesa","Temps estimat de lectura":"2 minuts"},"schema":{"@context":"https:\/\/schema.org","@graph":[{"@type":"WebPage","@id":"https:\/\/caralticonesa.com\/ca\/ets-propietari-dun-gos\/","url":"https:\/\/caralticonesa.com\/ca\/ets-propietari-dun-gos\/","name":"Ets propietari d'un gos? - Caralt i Conesa","isPartOf":{"@id":"https:\/\/caralticonesa.com\/#website"},"primaryImageOfPage":{"@id":"https:\/\/caralticonesa.com\/ca\/ets-propietari-dun-gos\/#primaryimage"},"image":{"@id":"https:\/\/caralticonesa.com\/ca\/ets-propietari-dun-gos\/#primaryimage"},"thumbnailUrl":"https:\/\/caralticonesa.com\/wp-content\/uploads\/2023\/10\/1.jpg","datePublished":"2023-10-11T13:19:33+00:00","dateModified":"2023-10-26T12:55:57+00:00","author":{"@id":"https:\/\/caralticonesa.com\/#\/schema\/person\/e2a2530ba1848f127c765c6f1a15c57d"},"breadcrumb":{"@id":"https:\/\/caralticonesa.com\/ca\/ets-propietari-dun-gos\/#breadcrumb"},"inLanguage":"ca","potentialAction":[{"@type":"ReadAction","target":["https:\/\/caralticonesa.com\/ca\/ets-propietari-dun-gos\/"]}]},{"@type":"ImageObject","inLanguage":"ca","@id":"https:\/\/caralticonesa.com\/ca\/ets-propietari-dun-gos\/#primaryimage","url":"https:\/\/caralticonesa.com\/wp-content\/uploads\/2023\/10\/1.jpg","contentUrl":"https:\/\/caralticonesa.com\/wp-content\/uploads\/2023\/10\/1.jpg","width":1300,"height":867},{"@type":"BreadcrumbList","@id":"https:\/\/caralticonesa.com\/ca\/ets-propietari-dun-gos\/#breadcrumb","itemListElement":[{"@type":"ListItem","position":1,"name":"Portada","item":"https:\/\/caralticonesa.com\/ca\/"},{"@type":"ListItem","position":2,"name":"Ets propietari d&#8217;un gos?"}]},{"@type":"WebSite","@id":"https:\/\/caralticonesa.com\/#website","url":"https:\/\/caralticonesa.com\/","name":"Caralt i Conesa","description":"Otro sitio realizado con WordPress","potentialAction":[{"@type":"SearchAction","target":{"@type":"EntryPoint","urlTemplate":"https:\/\/caralticonesa.com\/?s={search_term_string}"},"query-input":{"@type":"PropertyValueSpecification","valueRequired":true,"valueName":"search_term_string"}}],"inLanguage":"ca"},{"@type":"Person","@id":"https:\/\/caralticonesa.com\/#\/schema\/person\/e2a2530ba1848f127c765c6f1a15c57d","name":"caralticonesa","image":{"@type":"ImageObject","inLanguage":"ca","@id":"https:\/\/caralticonesa.com\/#\/schema\/person\/image\/","url":"https:\/\/secure.gravatar.com\/avatar\/2e4a45cf8c1bc95afe79519e4bb42e61?s=96&d=mm&r=g","contentUrl":"https:\/\/secure.gravatar.com\/avatar\/2e4a45cf8c1bc95afe79519e4bb42e61?s=96&d=mm&r=g","caption":"caralticonesa"},"url":"https:\/\/caralticonesa.com\/ca\/author\/caralticonesa\/"}]}},"_links":{"self":[{"href":"https:\/\/caralticonesa.com\/ca\/wp-json\/wp\/v2\/posts\/2584"}],"collection":[{"href":"https:\/\/caralticonesa.com\/ca\/wp-json\/wp\/v2\/posts"}],"about":[{"href":"https:\/\/caralticonesa.com\/ca\/wp-json\/wp\/v2\/types\/post"}],"author":[{"embeddable":true,"href":"https:\/\/caralticonesa.com\/ca\/wp-json\/wp\/v2\/users\/1"}],"replies":[{"embeddable":true,"href":"https:\/\/caralticonesa.com\/ca\/wp-json\/wp\/v2\/comments?post=2584"}],"version-history":[{"count":0,"href":"https:\/\/caralticonesa.com\/ca\/wp-json\/wp\/v2\/posts\/2584\/revisions"}],"wp:featuredmedia":[{"embeddable":true,"href":"https:\/\/caralticonesa.com\/ca\/wp-json\/wp\/v2\/media\/2573"}],"wp:attachment":[{"href":"https:\/\/caralticonesa.com\/ca\/wp-json\/wp\/v2\/media?parent=2584"}],"wp:term":[{"taxonomy":"category","embeddable":true,"href":"https:\/\/caralticonesa.com\/ca\/wp-json\/wp\/v2\/categories?post=2584"},{"taxonomy":"post_tag","embeddable":true,"href":"https:\/\/caralticonesa.com\/ca\/wp-json\/wp\/v2\/tags?post=2584"}],"curies":[{"name":"wp","href":"https:\/\/api.w.org\/{rel}","templated":true}]}}