{"id":2402,"date":"2022-11-11T10:49:06","date_gmt":"2022-11-11T10:49:06","guid":{"rendered":"https:\/\/caralticonesa.com\/?p=2402"},"modified":"2022-11-16T16:54:29","modified_gmt":"2022-11-16T16:54:29","slug":"assegurances-per-mobilstabletscameres-i-patinets","status":"publish","type":"post","link":"https:\/\/caralticonesa.com\/ca\/assegurances-per-mobilstabletscameres-i-patinets\/","title":{"rendered":"Assegurances per m\u00f2bils, tablets, c\u00e0meres i patinets."},"content":{"rendered":"<p>&nbsp;<\/p>\n<p style=\"text-align: center;\"><a itemprop=\"url\" href=\"https:\/\/klinc.com\/contratar-seguro\/moviles\/?MASTER_POLICY_ID=1031360100141458&#038;BRANCH_DEPARTMENT=NA&#038;SELLER_FISCAL_ID=NA&#038;utm_medium=mediadores&#038;utm_source=web&#038;utm_campaign=klinc_mediadores\" target=\"_self\" style=\"background-color: #6882FE\" class=\"edgtf-btn edgtf-btn-medium edgtf-btn-solid edgtf-btn-blue-white \"  >\n    <span class=\"edgtf-btn-text\">Calcula el preu <\/span>\n    <i class=\"edgtf-icon-font-awesome fa  \" ><\/i>    <\/a><\/p>\n<h4><\/h4>\n<h3><u>ASSEGURANCES FLEXIBLES I 100% ONLINE:<\/u><\/h3>\n<h4>\u00bfQu\u00e8 \u00e9s?<\/h4>\n<p>Klinc \u00e9s un nou tipus d\u2019asseguran\u00e7a per protegir els teus dispositius digitals i algunes modalitats de transport.<\/p>\n<ul>\n<li>Modalitats<\/li>\n<li>Anual: est\u00e0s protegit els 12 mesos de l\u2019any.<\/li>\n<li>On-demand: pots activar i desactivar l\u2019asseguran\u00e7a quan ho desitgis, amb un m\u00ednim de 90 dies d\u2019activaci\u00f3 anual (en cas de no complir amb aquest per\u00edode al arribar a la data de renovaci\u00f3 s\u2019activar\u00e0 autom\u00e0ticament)<\/li>\n<\/ul>\n<p>&nbsp;<\/p>\n<p>&nbsp;<\/p>\n<h4>\u00bfQue cobreix?<\/h4>\n<ul>\n<li>Danys accidentals: imprevists i sense intenci\u00f3<\/li>\n<li>Danys per l\u00edquids: el dispositiu ha de deixar de funcionar per aquesta causa<\/li>\n<li>Robatori amb viol\u00e8ncia o intimidaci\u00f3<\/li>\n<li>Responsabilitat civil i defensa jur\u00eddica en les assegurances de patinet el\u00e8ctric<\/li>\n<\/ul>\n<h4>Requisits m\u00ednims<\/h4>\n<ul>\n<li>Els dispositius han de tindre m\u00e0xim un any d\u2019antig\u00fcitat<\/li>\n<li>Per poder contractar les garanties sense franqu\u00edcia un m\u00e0xim de 6 mesos des de la data de compra.<\/li>\n<li>S\u2019ha de disposar de la factura i s\u2019hauran d\u2019aportar fotografies<\/li>\n<\/ul>\n<h4>Preguntes freq\u00fcents<\/h4>\n<p>\u00bfCom es fa la contractaci\u00f3 i la gesti\u00f3 de sinistres?<\/p>\n<ul>\n<li>Es fa tot online a trav\u00e9s de l\u2019aplicaci\u00f3 de KLINC, tant la contractaci\u00f3 de la modalitat escollida, com la verificaci\u00f3 de l\u2019aparell i en cas necessari, la declaraci\u00f3 i tramitaci\u00f3 dels sinistres.<\/li>\n<\/ul>\n<p>\u00bfEs poden protegir objectes dels meus fills o altres persones?<\/p>\n<ul>\n<li>S\u00ed, amb dues condicions: el prenedor de la p\u00f2lissa ha de ser major d\u2019edat i han de viure en la mateixa residencia.<\/li>\n<\/ul>\n<p>\u00bfEt protegeix en qualsevol part del m\u00f3n?<\/p>\n<ul>\n<li>No obstant, els reempla\u00e7aments de dispositiu es far\u00e0 a Espanya.<\/li>\n<\/ul>\n<p>Pots trobar el teu preu entrant a<a href=\"https:\/\/klinc.com\/contratar-seguro\/moviles\/?MASTER_POLICY_ID=1031360100141458&amp;BRANCH_DEPARTMENT=NA&amp;SELLER_FISCAL_ID=NA&amp;utm_medium=mediadores&amp;utm_source=web&amp;utm_campaign=klinc_mediadores\"> Caralt i Conesa\u00a0<\/a><\/p>\n","protected":false},"excerpt":{"rendered":"<p>&nbsp; ASSEGURANCES FLEXIBLES I 100% ONLINE: \u00bfQu\u00e8 \u00e9s? Klinc \u00e9s un nou tipus d\u2019asseguran\u00e7a per protegir els teus dispositius digitals i algunes modalitats de transport. [&hellip;]<\/p>\n","protected":false},"author":1,"featured_media":2407,"comment_status":"open","ping_status":"open","sticky":false,"template":"","format":"standard","meta":{"footnotes":""},"categories":[7],"tags":[],"class_list":["post-2402","post","type-post","status-publish","format-standard","has-post-thumbnail","hentry","category-uncategorized-ca"],"yoast_head":"<!-- This site is optimized with the Yoast SEO plugin v24.1 - https:\/\/yoast.com\/wordpress\/plugins\/seo\/ -->\n<title>Assegurances per m\u00f2bils, tablets, c\u00e0meres i patinets. - Caralt i Conesa<\/title>\n<meta name=\"robots\" content=\"index, follow, max-snippet:-1, max-image-preview:large, max-video-preview:-1\" \/>\n<link rel=\"canonical\" href=\"https:\/\/caralticonesa.com\/ca\/assegurances-per-mobilstabletscameres-i-patinets\/\" \/>\n<meta property=\"og:locale\" content=\"ca_ES\" \/>\n<meta property=\"og:type\" content=\"article\" \/>\n<meta property=\"og:title\" content=\"Assegurances per m\u00f2bils, tablets, c\u00e0meres i patinets. - Caralt i Conesa\" \/>\n<meta property=\"og:description\" content=\"&nbsp; ASSEGURANCES FLEXIBLES I 100% ONLINE: \u00bfQu\u00e8 \u00e9s? Klinc \u00e9s un nou tipus d\u2019asseguran\u00e7a per protegir els teus dispositius digitals i algunes modalitats de transport. [&hellip;]\" \/>\n<meta property=\"og:url\" content=\"https:\/\/caralticonesa.com\/ca\/assegurances-per-mobilstabletscameres-i-patinets\/\" \/>\n<meta property=\"og:site_name\" content=\"Caralt i Conesa\" \/>\n<meta property=\"article:published_time\" content=\"2022-11-11T10:49:06+00:00\" \/>\n<meta property=\"article:modified_time\" content=\"2022-11-16T16:54:29+00:00\" \/>\n<meta property=\"og:image\" content=\"https:\/\/caralticonesa.com\/wp-content\/uploads\/2022\/11\/seguro-celular.jpg\" \/>\n\t<meta property=\"og:image:width\" content=\"1200\" \/>\n\t<meta property=\"og:image:height\" content=\"800\" \/>\n\t<meta property=\"og:image:type\" content=\"image\/jpeg\" \/>\n<meta name=\"author\" content=\"caralticonesa\" \/>\n<meta name=\"twitter:card\" content=\"summary_large_image\" \/>\n<meta name=\"twitter:label1\" content=\"Escrit per\" \/>\n\t<meta name=\"twitter:data1\" content=\"caralticonesa\" \/>\n\t<meta name=\"twitter:label2\" content=\"Temps estimat de lectura\" \/>\n\t<meta name=\"twitter:data2\" content=\"2 minuts\" \/>\n<script type=\"application\/ld+json\" class=\"yoast-schema-graph\">{\"@context\":\"https:\/\/schema.org\",\"@graph\":[{\"@type\":\"WebPage\",\"@id\":\"https:\/\/caralticonesa.com\/ca\/assegurances-per-mobilstabletscameres-i-patinets\/\",\"url\":\"https:\/\/caralticonesa.com\/ca\/assegurances-per-mobilstabletscameres-i-patinets\/\",\"name\":\"Assegurances per m\u00f2bils, tablets, c\u00e0meres i patinets. - Caralt i Conesa\",\"isPartOf\":{\"@id\":\"https:\/\/caralticonesa.com\/#website\"},\"primaryImageOfPage\":{\"@id\":\"https:\/\/caralticonesa.com\/ca\/assegurances-per-mobilstabletscameres-i-patinets\/#primaryimage\"},\"image\":{\"@id\":\"https:\/\/caralticonesa.com\/ca\/assegurances-per-mobilstabletscameres-i-patinets\/#primaryimage\"},\"thumbnailUrl\":\"https:\/\/caralticonesa.com\/wp-content\/uploads\/2022\/11\/seguro-celular.jpg\",\"datePublished\":\"2022-11-11T10:49:06+00:00\",\"dateModified\":\"2022-11-16T16:54:29+00:00\",\"author\":{\"@id\":\"https:\/\/caralticonesa.com\/#\/schema\/person\/e2a2530ba1848f127c765c6f1a15c57d\"},\"breadcrumb\":{\"@id\":\"https:\/\/caralticonesa.com\/ca\/assegurances-per-mobilstabletscameres-i-patinets\/#breadcrumb\"},\"inLanguage\":\"ca\",\"potentialAction\":[{\"@type\":\"ReadAction\",\"target\":[\"https:\/\/caralticonesa.com\/ca\/assegurances-per-mobilstabletscameres-i-patinets\/\"]}]},{\"@type\":\"ImageObject\",\"inLanguage\":\"ca\",\"@id\":\"https:\/\/caralticonesa.com\/ca\/assegurances-per-mobilstabletscameres-i-patinets\/#primaryimage\",\"url\":\"https:\/\/caralticonesa.com\/wp-content\/uploads\/2022\/11\/seguro-celular.jpg\",\"contentUrl\":\"https:\/\/caralticonesa.com\/wp-content\/uploads\/2022\/11\/seguro-celular.jpg\",\"width\":1200,\"height\":800},{\"@type\":\"BreadcrumbList\",\"@id\":\"https:\/\/caralticonesa.com\/ca\/assegurances-per-mobilstabletscameres-i-patinets\/#breadcrumb\",\"itemListElement\":[{\"@type\":\"ListItem\",\"position\":1,\"name\":\"Portada\",\"item\":\"https:\/\/caralticonesa.com\/ca\/\"},{\"@type\":\"ListItem\",\"position\":2,\"name\":\"Assegurances per m\u00f2bils, tablets, c\u00e0meres i patinets.\"}]},{\"@type\":\"WebSite\",\"@id\":\"https:\/\/caralticonesa.com\/#website\",\"url\":\"https:\/\/caralticonesa.com\/\",\"name\":\"Caralt i Conesa\",\"description\":\"Otro sitio realizado con WordPress\",\"potentialAction\":[{\"@type\":\"SearchAction\",\"target\":{\"@type\":\"EntryPoint\",\"urlTemplate\":\"https:\/\/caralticonesa.com\/?s={search_term_string}\"},\"query-input\":{\"@type\":\"PropertyValueSpecification\",\"valueRequired\":true,\"valueName\":\"search_term_string\"}}],\"inLanguage\":\"ca\"},{\"@type\":\"Person\",\"@id\":\"https:\/\/caralticonesa.com\/#\/schema\/person\/e2a2530ba1848f127c765c6f1a15c57d\",\"name\":\"caralticonesa\",\"image\":{\"@type\":\"ImageObject\",\"inLanguage\":\"ca\",\"@id\":\"https:\/\/caralticonesa.com\/#\/schema\/person\/image\/\",\"url\":\"https:\/\/secure.gravatar.com\/avatar\/2e4a45cf8c1bc95afe79519e4bb42e61?s=96&d=mm&r=g\",\"contentUrl\":\"https:\/\/secure.gravatar.com\/avatar\/2e4a45cf8c1bc95afe79519e4bb42e61?s=96&d=mm&r=g\",\"caption\":\"caralticonesa\"},\"url\":\"https:\/\/caralticonesa.com\/ca\/author\/caralticonesa\/\"}]}<\/script>\n<!-- \/ Yoast SEO plugin. -->","yoast_head_json":{"title":"Assegurances per m\u00f2bils, tablets, c\u00e0meres i patinets. - Caralt i Conesa","robots":{"index":"index","follow":"follow","max-snippet":"max-snippet:-1","max-image-preview":"max-image-preview:large","max-video-preview":"max-video-preview:-1"},"canonical":"https:\/\/caralticonesa.com\/ca\/assegurances-per-mobilstabletscameres-i-patinets\/","og_locale":"ca_ES","og_type":"article","og_title":"Assegurances per m\u00f2bils, tablets, c\u00e0meres i patinets. - Caralt i Conesa","og_description":"&nbsp; ASSEGURANCES FLEXIBLES I 100% ONLINE: \u00bfQu\u00e8 \u00e9s? Klinc \u00e9s un nou tipus d\u2019asseguran\u00e7a per protegir els teus dispositius digitals i algunes modalitats de transport. [&hellip;]","og_url":"https:\/\/caralticonesa.com\/ca\/assegurances-per-mobilstabletscameres-i-patinets\/","og_site_name":"Caralt i Conesa","article_published_time":"2022-11-11T10:49:06+00:00","article_modified_time":"2022-11-16T16:54:29+00:00","og_image":[{"width":1200,"height":800,"url":"https:\/\/caralticonesa.com\/wp-content\/uploads\/2022\/11\/seguro-celular.jpg","type":"image\/jpeg"}],"author":"caralticonesa","twitter_card":"summary_large_image","twitter_misc":{"Escrit per":"caralticonesa","Temps estimat de lectura":"2 minuts"},"schema":{"@context":"https:\/\/schema.org","@graph":[{"@type":"WebPage","@id":"https:\/\/caralticonesa.com\/ca\/assegurances-per-mobilstabletscameres-i-patinets\/","url":"https:\/\/caralticonesa.com\/ca\/assegurances-per-mobilstabletscameres-i-patinets\/","name":"Assegurances per m\u00f2bils, tablets, c\u00e0meres i patinets. - Caralt i Conesa","isPartOf":{"@id":"https:\/\/caralticonesa.com\/#website"},"primaryImageOfPage":{"@id":"https:\/\/caralticonesa.com\/ca\/assegurances-per-mobilstabletscameres-i-patinets\/#primaryimage"},"image":{"@id":"https:\/\/caralticonesa.com\/ca\/assegurances-per-mobilstabletscameres-i-patinets\/#primaryimage"},"thumbnailUrl":"https:\/\/caralticonesa.com\/wp-content\/uploads\/2022\/11\/seguro-celular.jpg","datePublished":"2022-11-11T10:49:06+00:00","dateModified":"2022-11-16T16:54:29+00:00","author":{"@id":"https:\/\/caralticonesa.com\/#\/schema\/person\/e2a2530ba1848f127c765c6f1a15c57d"},"breadcrumb":{"@id":"https:\/\/caralticonesa.com\/ca\/assegurances-per-mobilstabletscameres-i-patinets\/#breadcrumb"},"inLanguage":"ca","potentialAction":[{"@type":"ReadAction","target":["https:\/\/caralticonesa.com\/ca\/assegurances-per-mobilstabletscameres-i-patinets\/"]}]},{"@type":"ImageObject","inLanguage":"ca","@id":"https:\/\/caralticonesa.com\/ca\/assegurances-per-mobilstabletscameres-i-patinets\/#primaryimage","url":"https:\/\/caralticonesa.com\/wp-content\/uploads\/2022\/11\/seguro-celular.jpg","contentUrl":"https:\/\/caralticonesa.com\/wp-content\/uploads\/2022\/11\/seguro-celular.jpg","width":1200,"height":800},{"@type":"BreadcrumbList","@id":"https:\/\/caralticonesa.com\/ca\/assegurances-per-mobilstabletscameres-i-patinets\/#breadcrumb","itemListElement":[{"@type":"ListItem","position":1,"name":"Portada","item":"https:\/\/caralticonesa.com\/ca\/"},{"@type":"ListItem","position":2,"name":"Assegurances per m\u00f2bils, tablets, c\u00e0meres i patinets."}]},{"@type":"WebSite","@id":"https:\/\/caralticonesa.com\/#website","url":"https:\/\/caralticonesa.com\/","name":"Caralt i Conesa","description":"Otro sitio realizado con WordPress","potentialAction":[{"@type":"SearchAction","target":{"@type":"EntryPoint","urlTemplate":"https:\/\/caralticonesa.com\/?s={search_term_string}"},"query-input":{"@type":"PropertyValueSpecification","valueRequired":true,"valueName":"search_term_string"}}],"inLanguage":"ca"},{"@type":"Person","@id":"https:\/\/caralticonesa.com\/#\/schema\/person\/e2a2530ba1848f127c765c6f1a15c57d","name":"caralticonesa","image":{"@type":"ImageObject","inLanguage":"ca","@id":"https:\/\/caralticonesa.com\/#\/schema\/person\/image\/","url":"https:\/\/secure.gravatar.com\/avatar\/2e4a45cf8c1bc95afe79519e4bb42e61?s=96&d=mm&r=g","contentUrl":"https:\/\/secure.gravatar.com\/avatar\/2e4a45cf8c1bc95afe79519e4bb42e61?s=96&d=mm&r=g","caption":"caralticonesa"},"url":"https:\/\/caralticonesa.com\/ca\/author\/caralticonesa\/"}]}},"_links":{"self":[{"href":"https:\/\/caralticonesa.com\/ca\/wp-json\/wp\/v2\/posts\/2402"}],"collection":[{"href":"https:\/\/caralticonesa.com\/ca\/wp-json\/wp\/v2\/posts"}],"about":[{"href":"https:\/\/caralticonesa.com\/ca\/wp-json\/wp\/v2\/types\/post"}],"author":[{"embeddable":true,"href":"https:\/\/caralticonesa.com\/ca\/wp-json\/wp\/v2\/users\/1"}],"replies":[{"embeddable":true,"href":"https:\/\/caralticonesa.com\/ca\/wp-json\/wp\/v2\/comments?post=2402"}],"version-history":[{"count":0,"href":"https:\/\/caralticonesa.com\/ca\/wp-json\/wp\/v2\/posts\/2402\/revisions"}],"wp:featuredmedia":[{"embeddable":true,"href":"https:\/\/caralticonesa.com\/ca\/wp-json\/wp\/v2\/media\/2407"}],"wp:attachment":[{"href":"https:\/\/caralticonesa.com\/ca\/wp-json\/wp\/v2\/media?parent=2402"}],"wp:term":[{"taxonomy":"category","embeddable":true,"href":"https:\/\/caralticonesa.com\/ca\/wp-json\/wp\/v2\/categories?post=2402"},{"taxonomy":"post_tag","embeddable":true,"href":"https:\/\/caralticonesa.com\/ca\/wp-json\/wp\/v2\/tags?post=2402"}],"curies":[{"name":"wp","href":"https:\/\/api.w.org\/{rel}","templated":true}]}}