{"id":2386,"date":"2021-12-16T14:21:24","date_gmt":"2021-12-16T14:21:24","guid":{"rendered":"https:\/\/caralticonesa.com\/?p=2386"},"modified":"2022-10-17T14:21:39","modified_gmt":"2022-10-17T14:21:39","slug":"vmp-normativa-de-patines-electricos-en-blanes","status":"publish","type":"post","link":"https:\/\/caralticonesa.com\/ca\/vmp-normativa-de-patines-electricos-en-blanes\/","title":{"rendered":"VMP  Normativa de patines el\u00e9ctricos en Blanes"},"content":{"rendered":"<p><strong><em>Patinetes \u00a0el\u00e9ctricos\u00a0 en Blanes<\/em><\/strong><\/p>\n<p><b>El objeto de estas l\u00edneas es recoger las recomendaciones de conducci\u00f3n \u00a0para los usuarios de VMP en la Vila de Blanes , para obtener la normativa literal recomendamos ponerse en contacto con la Polic\u00eda Local.<\/b><\/p>\n<p><strong>\u00a0<\/strong><\/p>\n<p><strong>REQUISITOS :<\/strong><\/p>\n<p><b>-Los conductores menores de 16 a\u00f1os deber\u00e1n llevar casco homologado.<\/b><\/p>\n<p><b>-El veh\u00edculo\u00a0debe poseer sistemas de Frenado y timbre.<\/b><\/p>\n<p><b>-Los VMP pueden circular por v\u00edas\u00a0de ciclistas\u00a0, o carriles se\u00f1alizados como uso exclusivo de bicicletas.<\/b><\/p>\n<p><strong>-No pueden superar los 20 KM\/H.<\/strong><\/p>\n<p><b>-El sentido de circulaci\u00f3n del VPM debe ser el mismo que el de la v\u00eda\u00a0utilizada.<\/b><\/p>\n<p><strong>-Se debe respetar la prioridad de los peatones.<\/strong><\/p>\n<p><strong>-Solo estacionar en lugares autorizados.<\/strong><\/p>\n<p><b>-Para circular de noche deben disponer de iluminaci\u00f3n delante y detr\u00e1s.<\/b><\/p>\n<p>&nbsp;<\/p>\n<p><strong>PROHIBICIONES<\/strong><\/p>\n<p><b>Las conductas\u00a0sancionables mas comunes son:<\/b><\/p>\n<p><strong>-Circular por acera , anden o paseo.<\/strong><\/p>\n<p><b>-circular fuera del carril bici o arc\u00e9n de una v\u00eda.<\/b><\/p>\n<p><strong>-circular por un parque publico o zona peatonal.<\/strong><\/p>\n<p><strong>-circular a una velocidad superior al paso de una persona o en zigzag.<\/strong><\/p>\n<p><b>-circular de noche sin luces de posici\u00f3n o llev\u00e1ndolas\u00a0apagadas.<\/b><\/p>\n<p><strong>-circular arrastrando un remolque o elemento similar.<\/strong><\/p>\n<p><strong>-circular sin el uso de un casco homologado para menores de 16 a\u00f1os.<\/strong><\/p>\n<p><b>-no detenerse ante la luz roja del sem\u00e1foro.<\/b><\/p>\n<p><strong>-no tener incorporado un sistema de frenado.<\/strong><\/p>\n<p>&nbsp;<\/p>\n<p>A la fecha de esta publicaci\u00f3n Diciembre\u00a0 2021\u00a0 no es obligatorio el seguro sobre estos veh\u00edculos , aunque lo recomendamos , ya que el da\u00f1o que se puede causar con estos veh\u00edculos puede ser\u00a0 muy relevante , y si causan da\u00f1o al conductor de vmp\u00a0 lo querr\u00edamos poder reclamar.<\/p>\n<p><img loading=\"lazy\" decoding=\"async\" class=\"alignnone size-full wp-image-2174\" src=\"https:\/\/caralticonesa.com\/wp-content\/uploads\/2021\/12\/patinete2.jpeg\" alt=\"\" width=\"275\" height=\"183\" \/><\/p>\n<p>&nbsp;<\/p>\n<p>En\u00a0 \u00a0<a href=\"https:\/\/caralticonesa.com\/\">Caralt i Conesa\u00a0 ,\u00a0 \u00a0<\/a>os podremos ayudar\u00a0 a decidir si es necesario asegurar el vmp y como.<\/p>\n<p>Los conceptos sobre seguros de vmp b\u00e1sicamente son 3 ,<\/p>\n<p>&#8211;<em>La responsabilidad civil<\/em> , es todo el da\u00f1o que podamos causar a terceros personas o cosas , del cual seamos responsables.<\/p>\n<p>&#8211;<em>Da\u00f1os\u00a0<\/em><i>propios <\/i>,el da\u00f1o que sufra nuestro vmp , sin que exista un tercero responsable identificado.<\/p>\n<p><em>-Defensa y Reclamaciones<\/em>, la cobertura utilizada para reclamar a un terceros identificado causante de da\u00f1os para que sean indemnizados.<\/p>\n<p>&nbsp;<\/p>\n","protected":false},"excerpt":{"rendered":"<p>Patinetes \u00a0el\u00e9ctricos\u00a0 en Blanes El objeto de estas l\u00edneas es recoger las recomendaciones de conducci\u00f3n \u00a0para los usuarios de VMP en la Vila de Blanes [&hellip;]<\/p>\n","protected":false},"author":1,"featured_media":0,"comment_status":"open","ping_status":"open","sticky":false,"template":"","format":"standard","meta":{"footnotes":""},"categories":[7],"tags":[],"class_list":["post-2386","post","type-post","status-publish","format-standard","hentry","category-uncategorized-ca"],"yoast_head":"<!-- This site is optimized with the Yoast SEO plugin v24.1 - https:\/\/yoast.com\/wordpress\/plugins\/seo\/ -->\n<title>VMP Normativa de patines el\u00e9ctricos en Blanes - Caralt i Conesa<\/title>\n<meta name=\"robots\" content=\"index, follow, max-snippet:-1, max-image-preview:large, max-video-preview:-1\" \/>\n<link rel=\"canonical\" href=\"https:\/\/caralticonesa.com\/ca\/vmp-normativa-de-patines-electricos-en-blanes\/\" \/>\n<meta property=\"og:locale\" content=\"ca_ES\" \/>\n<meta property=\"og:type\" content=\"article\" \/>\n<meta property=\"og:title\" content=\"VMP Normativa de patines el\u00e9ctricos en Blanes - Caralt i Conesa\" \/>\n<meta property=\"og:description\" content=\"Patinetes \u00a0el\u00e9ctricos\u00a0 en Blanes El objeto de estas l\u00edneas es recoger las recomendaciones de conducci\u00f3n \u00a0para los usuarios de VMP en la Vila de Blanes [&hellip;]\" \/>\n<meta property=\"og:url\" content=\"https:\/\/caralticonesa.com\/ca\/vmp-normativa-de-patines-electricos-en-blanes\/\" \/>\n<meta property=\"og:site_name\" content=\"Caralt i Conesa\" \/>\n<meta property=\"article:published_time\" content=\"2021-12-16T14:21:24+00:00\" \/>\n<meta property=\"article:modified_time\" content=\"2022-10-17T14:21:39+00:00\" \/>\n<meta property=\"og:image\" content=\"https:\/\/caralticonesa.com\/wp-content\/uploads\/2021\/12\/patinete2.jpeg\" \/>\n<meta name=\"author\" content=\"caralticonesa\" \/>\n<meta name=\"twitter:card\" content=\"summary_large_image\" \/>\n<meta name=\"twitter:label1\" content=\"Escrit per\" \/>\n\t<meta name=\"twitter:data1\" content=\"caralticonesa\" \/>\n\t<meta name=\"twitter:label2\" content=\"Temps estimat de lectura\" \/>\n\t<meta name=\"twitter:data2\" content=\"2 minuts\" \/>\n<script type=\"application\/ld+json\" class=\"yoast-schema-graph\">{\"@context\":\"https:\/\/schema.org\",\"@graph\":[{\"@type\":\"WebPage\",\"@id\":\"https:\/\/caralticonesa.com\/ca\/vmp-normativa-de-patines-electricos-en-blanes\/\",\"url\":\"https:\/\/caralticonesa.com\/ca\/vmp-normativa-de-patines-electricos-en-blanes\/\",\"name\":\"VMP Normativa de patines el\u00e9ctricos en Blanes - Caralt i Conesa\",\"isPartOf\":{\"@id\":\"https:\/\/caralticonesa.com\/#website\"},\"primaryImageOfPage\":{\"@id\":\"https:\/\/caralticonesa.com\/ca\/vmp-normativa-de-patines-electricos-en-blanes\/#primaryimage\"},\"image\":{\"@id\":\"https:\/\/caralticonesa.com\/ca\/vmp-normativa-de-patines-electricos-en-blanes\/#primaryimage\"},\"thumbnailUrl\":\"https:\/\/caralticonesa.com\/wp-content\/uploads\/2021\/12\/patinete2.jpeg\",\"datePublished\":\"2021-12-16T14:21:24+00:00\",\"dateModified\":\"2022-10-17T14:21:39+00:00\",\"author\":{\"@id\":\"https:\/\/caralticonesa.com\/#\/schema\/person\/e2a2530ba1848f127c765c6f1a15c57d\"},\"breadcrumb\":{\"@id\":\"https:\/\/caralticonesa.com\/ca\/vmp-normativa-de-patines-electricos-en-blanes\/#breadcrumb\"},\"inLanguage\":\"ca\",\"potentialAction\":[{\"@type\":\"ReadAction\",\"target\":[\"https:\/\/caralticonesa.com\/ca\/vmp-normativa-de-patines-electricos-en-blanes\/\"]}]},{\"@type\":\"ImageObject\",\"inLanguage\":\"ca\",\"@id\":\"https:\/\/caralticonesa.com\/ca\/vmp-normativa-de-patines-electricos-en-blanes\/#primaryimage\",\"url\":\"https:\/\/caralticonesa.com\/wp-content\/uploads\/2021\/12\/patinete2.jpeg\",\"contentUrl\":\"https:\/\/caralticonesa.com\/wp-content\/uploads\/2021\/12\/patinete2.jpeg\"},{\"@type\":\"BreadcrumbList\",\"@id\":\"https:\/\/caralticonesa.com\/ca\/vmp-normativa-de-patines-electricos-en-blanes\/#breadcrumb\",\"itemListElement\":[{\"@type\":\"ListItem\",\"position\":1,\"name\":\"Portada\",\"item\":\"https:\/\/caralticonesa.com\/ca\/\"},{\"@type\":\"ListItem\",\"position\":2,\"name\":\"VMP Normativa de patines el\u00e9ctricos en Blanes\"}]},{\"@type\":\"WebSite\",\"@id\":\"https:\/\/caralticonesa.com\/#website\",\"url\":\"https:\/\/caralticonesa.com\/\",\"name\":\"Caralt i Conesa\",\"description\":\"Otro sitio realizado con WordPress\",\"potentialAction\":[{\"@type\":\"SearchAction\",\"target\":{\"@type\":\"EntryPoint\",\"urlTemplate\":\"https:\/\/caralticonesa.com\/?s={search_term_string}\"},\"query-input\":{\"@type\":\"PropertyValueSpecification\",\"valueRequired\":true,\"valueName\":\"search_term_string\"}}],\"inLanguage\":\"ca\"},{\"@type\":\"Person\",\"@id\":\"https:\/\/caralticonesa.com\/#\/schema\/person\/e2a2530ba1848f127c765c6f1a15c57d\",\"name\":\"caralticonesa\",\"image\":{\"@type\":\"ImageObject\",\"inLanguage\":\"ca\",\"@id\":\"https:\/\/caralticonesa.com\/#\/schema\/person\/image\/\",\"url\":\"https:\/\/secure.gravatar.com\/avatar\/2e4a45cf8c1bc95afe79519e4bb42e61?s=96&d=mm&r=g\",\"contentUrl\":\"https:\/\/secure.gravatar.com\/avatar\/2e4a45cf8c1bc95afe79519e4bb42e61?s=96&d=mm&r=g\",\"caption\":\"caralticonesa\"},\"url\":\"https:\/\/caralticonesa.com\/ca\/author\/caralticonesa\/\"}]}<\/script>\n<!-- \/ Yoast SEO plugin. -->","yoast_head_json":{"title":"VMP Normativa de patines el\u00e9ctricos en Blanes - Caralt i Conesa","robots":{"index":"index","follow":"follow","max-snippet":"max-snippet:-1","max-image-preview":"max-image-preview:large","max-video-preview":"max-video-preview:-1"},"canonical":"https:\/\/caralticonesa.com\/ca\/vmp-normativa-de-patines-electricos-en-blanes\/","og_locale":"ca_ES","og_type":"article","og_title":"VMP Normativa de patines el\u00e9ctricos en Blanes - Caralt i Conesa","og_description":"Patinetes \u00a0el\u00e9ctricos\u00a0 en Blanes El objeto de estas l\u00edneas es recoger las recomendaciones de conducci\u00f3n \u00a0para los usuarios de VMP en la Vila de Blanes [&hellip;]","og_url":"https:\/\/caralticonesa.com\/ca\/vmp-normativa-de-patines-electricos-en-blanes\/","og_site_name":"Caralt i Conesa","article_published_time":"2021-12-16T14:21:24+00:00","article_modified_time":"2022-10-17T14:21:39+00:00","og_image":[{"url":"https:\/\/caralticonesa.com\/wp-content\/uploads\/2021\/12\/patinete2.jpeg","type":"","width":"","height":""}],"author":"caralticonesa","twitter_card":"summary_large_image","twitter_misc":{"Escrit per":"caralticonesa","Temps estimat de lectura":"2 minuts"},"schema":{"@context":"https:\/\/schema.org","@graph":[{"@type":"WebPage","@id":"https:\/\/caralticonesa.com\/ca\/vmp-normativa-de-patines-electricos-en-blanes\/","url":"https:\/\/caralticonesa.com\/ca\/vmp-normativa-de-patines-electricos-en-blanes\/","name":"VMP Normativa de patines el\u00e9ctricos en Blanes - Caralt i Conesa","isPartOf":{"@id":"https:\/\/caralticonesa.com\/#website"},"primaryImageOfPage":{"@id":"https:\/\/caralticonesa.com\/ca\/vmp-normativa-de-patines-electricos-en-blanes\/#primaryimage"},"image":{"@id":"https:\/\/caralticonesa.com\/ca\/vmp-normativa-de-patines-electricos-en-blanes\/#primaryimage"},"thumbnailUrl":"https:\/\/caralticonesa.com\/wp-content\/uploads\/2021\/12\/patinete2.jpeg","datePublished":"2021-12-16T14:21:24+00:00","dateModified":"2022-10-17T14:21:39+00:00","author":{"@id":"https:\/\/caralticonesa.com\/#\/schema\/person\/e2a2530ba1848f127c765c6f1a15c57d"},"breadcrumb":{"@id":"https:\/\/caralticonesa.com\/ca\/vmp-normativa-de-patines-electricos-en-blanes\/#breadcrumb"},"inLanguage":"ca","potentialAction":[{"@type":"ReadAction","target":["https:\/\/caralticonesa.com\/ca\/vmp-normativa-de-patines-electricos-en-blanes\/"]}]},{"@type":"ImageObject","inLanguage":"ca","@id":"https:\/\/caralticonesa.com\/ca\/vmp-normativa-de-patines-electricos-en-blanes\/#primaryimage","url":"https:\/\/caralticonesa.com\/wp-content\/uploads\/2021\/12\/patinete2.jpeg","contentUrl":"https:\/\/caralticonesa.com\/wp-content\/uploads\/2021\/12\/patinete2.jpeg"},{"@type":"BreadcrumbList","@id":"https:\/\/caralticonesa.com\/ca\/vmp-normativa-de-patines-electricos-en-blanes\/#breadcrumb","itemListElement":[{"@type":"ListItem","position":1,"name":"Portada","item":"https:\/\/caralticonesa.com\/ca\/"},{"@type":"ListItem","position":2,"name":"VMP Normativa de patines el\u00e9ctricos en Blanes"}]},{"@type":"WebSite","@id":"https:\/\/caralticonesa.com\/#website","url":"https:\/\/caralticonesa.com\/","name":"Caralt i Conesa","description":"Otro sitio realizado con WordPress","potentialAction":[{"@type":"SearchAction","target":{"@type":"EntryPoint","urlTemplate":"https:\/\/caralticonesa.com\/?s={search_term_string}"},"query-input":{"@type":"PropertyValueSpecification","valueRequired":true,"valueName":"search_term_string"}}],"inLanguage":"ca"},{"@type":"Person","@id":"https:\/\/caralticonesa.com\/#\/schema\/person\/e2a2530ba1848f127c765c6f1a15c57d","name":"caralticonesa","image":{"@type":"ImageObject","inLanguage":"ca","@id":"https:\/\/caralticonesa.com\/#\/schema\/person\/image\/","url":"https:\/\/secure.gravatar.com\/avatar\/2e4a45cf8c1bc95afe79519e4bb42e61?s=96&d=mm&r=g","contentUrl":"https:\/\/secure.gravatar.com\/avatar\/2e4a45cf8c1bc95afe79519e4bb42e61?s=96&d=mm&r=g","caption":"caralticonesa"},"url":"https:\/\/caralticonesa.com\/ca\/author\/caralticonesa\/"}]}},"_links":{"self":[{"href":"https:\/\/caralticonesa.com\/ca\/wp-json\/wp\/v2\/posts\/2386"}],"collection":[{"href":"https:\/\/caralticonesa.com\/ca\/wp-json\/wp\/v2\/posts"}],"about":[{"href":"https:\/\/caralticonesa.com\/ca\/wp-json\/wp\/v2\/types\/post"}],"author":[{"embeddable":true,"href":"https:\/\/caralticonesa.com\/ca\/wp-json\/wp\/v2\/users\/1"}],"replies":[{"embeddable":true,"href":"https:\/\/caralticonesa.com\/ca\/wp-json\/wp\/v2\/comments?post=2386"}],"version-history":[{"count":0,"href":"https:\/\/caralticonesa.com\/ca\/wp-json\/wp\/v2\/posts\/2386\/revisions"}],"wp:attachment":[{"href":"https:\/\/caralticonesa.com\/ca\/wp-json\/wp\/v2\/media?parent=2386"}],"wp:term":[{"taxonomy":"category","embeddable":true,"href":"https:\/\/caralticonesa.com\/ca\/wp-json\/wp\/v2\/categories?post=2386"},{"taxonomy":"post_tag","embeddable":true,"href":"https:\/\/caralticonesa.com\/ca\/wp-json\/wp\/v2\/tags?post=2386"}],"curies":[{"name":"wp","href":"https:\/\/api.w.org\/{rel}","templated":true}]}}