{"id":2380,"date":"2022-03-11T14:19:14","date_gmt":"2022-03-11T14:19:14","guid":{"rendered":"https:\/\/caralticonesa.com\/?p=2380"},"modified":"2022-10-17T14:26:47","modified_gmt":"2022-10-17T14:26:47","slug":"una-manera-de-mantindre-els-treballadors-motivats","status":"publish","type":"post","link":"https:\/\/caralticonesa.com\/ca\/una-manera-de-mantindre-els-treballadors-motivats\/","title":{"rendered":"UNA MANERA DE MANTINDRE ELS TREBALLADORS\u00a0 MOTIVATS"},"content":{"rendered":"<p>Un dels objectius\u00a0 de les empreses siguin grans , pymes o petits aut\u00f2noms amb empleats ,\u00e9s aconseguir la motivaci\u00f3 i bon ambient laboral ,una de les eines ,per aconseguir ho,pot ser aquesta:<\/p>\n<p>Les <a href=\"https:\/\/caralticonesa.com\/seguros-empresas\/seguros-medicos\/\">Assegurances de salut<\/a>\u00a0 , efectiva per la\u00a0 millora de l&#8217; ambient laboral, redueixen el nivell d&#8217;absentisme laboral , ret\u00e9 el talent,i detectar de forma prematura determinades malalties.<\/p>\n<p>Hi ha diverses formes d &#8216;estructurar aquest benefici:<\/p>\n<h3><em><strong>Retribuci\u00f3 Flexible<\/strong><\/em><\/h3>\n<p>En aquesta modalitat l&#8217;empresa paga el cost de la p\u00f2lissa m\u00e8dica del treballador i de la seva fam\u00edlia\u00a0 i ho descompte de la n\u00f2mina.<\/p>\n<p><strong>\u00a0Beneficis pel treballador:<\/strong><\/p>\n<p>Aquest sistema permet als\u00a0 empleats destinar\u00a0 una part del seu salari\u00a0 brut, a\u00a0 serveis com\u00a0 -asseguran\u00e7a de salut ,plans de pensions ,tiquets restaurant, guarderies &#8211; i queden exempts d&#8217; IRPF.<\/p>\n<p>D&#8217; aquesta manera es beneficia d&#8217;un important estalvi en impostos,les condicions de contractaci\u00f3\u00a0 per volum d&#8217;assegurats , sempre ser\u00e0n millors ,\u00a0 que si l&#8217; hages contractat de manera privada. Les condicions d&#8217;entrada sobre car\u00e8ncies i preexist\u00e8ncies ser\u00e0 m\u00e9s atractives que les p\u00f2lisses individuals.I la prima per assegurat a l&#8217;estar dintre d un contracte amb m\u00e8s beneficiaris que una fam\u00edlia ,ser\u00e0 molt m\u00e9s competitiva.<\/p>\n<p>En cas de deixar l&#8217;empresa \u2013 per les causes que siguin- podr\u00e0 canviar -se a una p\u00f2lissa de\u00a0 continu\u00eftat m\u00e9s competitiva que el pot trobar en el mercat de manera individual.<\/p>\n<p><strong>Beneficis per l&#8217;empresa:<\/strong><\/p>\n<p>L&#8217;empresa no t\u00e9 cap despesa addicional, ja que nom\u00e9s s&#8217;encarrega de\u00a0 pagar el rebut de salut que despr\u00e9s descomptar\u00e0 de la n\u00f3mina del treballador.Maximitza l\u2018estrat\u00e8gia empresarial,ret\u00e9 el talent i redueix el nivell d&#8217;absentisme laboral.<\/p>\n<p>&nbsp;<\/p>\n<p>&nbsp;<\/p>\n<p><strong><img loading=\"lazy\" decoding=\"async\" class=\"alignnone size-medium wp-image-2206\" src=\"https:\/\/caralticonesa.com\/wp-content\/uploads\/2022\/02\/descarga-1-300x150.jpg\" alt=\"\" width=\"300\" height=\"150\" srcset=\"https:\/\/caralticonesa.com\/wp-content\/uploads\/2022\/02\/descarga-1-300x150.jpg 300w, https:\/\/caralticonesa.com\/wp-content\/uploads\/2022\/02\/descarga-1.jpg 318w\" sizes=\"(max-width: 300px) 100vw, 300px\" \/><\/strong><\/p>\n<p>&nbsp;<\/p>\n<h3><em><strong>Benefici social<\/strong><\/em><\/h3>\n<p>Aquesta opci\u00f3 \u00e9s quan l&#8217;empresa ,assumeix el cost de l&#8217;asseguran\u00e7a de salut als treballadors.<\/p>\n<p><strong>Beneficis per l&#8217; empresa:<\/strong><\/p>\n<p>L&#8217;empresa assumeix el cost\u00a0 de la p\u00f2lissa \u00a0als treballadors. El total \u00a0del cost \u00e9s despesa directa. Encara que resultar\u00e0 inversi\u00f3 al tenir un retorn,en retenci\u00f3 de talent, baixada d&#8217; absentisme laboral i fidelitzaci\u00f3 de\u00a0 treballadors ,es una part de salari no tangible molt valorat per als treballadors.<\/p>\n<p><strong>Beneficis per el treballador:<\/strong><\/p>\n<p>Gaudir de una p\u00f2lissa d&#8217;assist\u00e8ncia medica.<\/p>\n<p>Tenir serveis de diagnosis,i especialitat mediques sense cues ni esperes.Conciliaci\u00f3 de\u00a0 vial laboral i vida familiar.Gaudir d&#8217; una asseguran\u00e7a amb unes condicions excepcionals,ja que depenent del numero d assegurats,\u00e9s pot disfrutar d&#8217;una p\u00f2lissa sense car\u00e8ncies ni preexist\u00e8ncies.<\/p>\n<p>&nbsp;<\/p>\n<h3><em><strong>Opci\u00f3 Flexible\u00a0<\/strong><\/em><\/h3>\n<p>L&#8217;opci\u00f3 flexible\u00a0 \u00e9s la que es reparteixen el cost de l&#8217;asseguran\u00e7a entre l&#8217;empresa i el treballador.<\/p>\n<p><strong>Beneficis per l empresa:<\/strong><\/p>\n<p>L&#8217;empresa assumeix el cost\u00a0 de la p\u00f2lissa\u00a0 als treballadors.El cost que paga l&#8217;empresa\u00a0 \u00e9s despesa directa. Encara que resultar\u00e0 inversi\u00f3 al tenir un retorn,en retenci\u00f3 de talen,baixada d&#8217; absentisme laboral i fidelitzaci\u00f3 de treballadors,\u00e9s una part de salari no tangible molt valorat per als treballadors.<\/p>\n<p><strong>Beneficis per al treballador:<\/strong><\/p>\n<p>El cost que assumeix el treballador \u00e9s descompte del sou brut, reduint el import d&#8217; IRPF\u00a0 a pagar.Gaudir de una p\u00f2lissa d&#8217; assist\u00e8ncia medica.Tenir serveis de diagnosis , i especialitat mediques sense cues ni esperes.Conciliaci\u00f3 de\u00a0 vial laboral i vida familiar.Gaudir de una asseguran\u00e7a amb unes condicions excepcionals.<\/p>\n<p>&nbsp;<\/p>\n<p>&nbsp;<\/p>\n<h4><em><strong><img loading=\"lazy\" decoding=\"async\" class=\"alignnone size-medium wp-image-2209\" src=\"https:\/\/caralticonesa.com\/wp-content\/uploads\/2022\/02\/descarga-2.jpg\" alt=\"\" width=\"225\" height=\"224\" srcset=\"https:\/\/caralticonesa.com\/wp-content\/uploads\/2022\/02\/descarga-2.jpg 225w, https:\/\/caralticonesa.com\/wp-content\/uploads\/2022\/02\/descarga-2-169x169.jpg 169w, https:\/\/caralticonesa.com\/wp-content\/uploads\/2022\/02\/descarga-2-150x150.jpg 150w\" sizes=\"(max-width: 225px) 100vw, 225px\" \/><\/strong><\/em><\/h4>\n<p>&nbsp;<\/p>\n<p>&nbsp;<\/p>\n<p>&nbsp;<\/p>\n<p>Per tot aix\u00f2 recomanem que si teniu una asseguran\u00e7a de salut i la voleu tenir actualitzada en preus i\u00a0 cobertures durant el transcurs de la seva vida , parli amb la seva <a href=\"https:\/\/www.caralticonesa.com\/\">corredoria d&#8217;assegurances.<\/a><\/p>\n<p>&nbsp;<\/p>\n<p>.<\/p>\n<p>&nbsp;<\/p>\n","protected":false},"excerpt":{"rendered":"<p>Un dels objectius\u00a0 de les empreses siguin grans , pymes o petits aut\u00f2noms amb empleats ,\u00e9s aconseguir la motivaci\u00f3 i bon ambient laboral ,una de [&hellip;]<\/p>\n","protected":false},"author":1,"featured_media":2207,"comment_status":"open","ping_status":"open","sticky":false,"template":"","format":"standard","meta":{"footnotes":""},"categories":[7],"tags":[],"class_list":["post-2380","post","type-post","status-publish","format-standard","has-post-thumbnail","hentry","category-uncategorized-ca"],"yoast_head":"<!-- This site is optimized with the Yoast SEO plugin v24.1 - https:\/\/yoast.com\/wordpress\/plugins\/seo\/ -->\n<title>UNA MANERA DE MANTINDRE ELS TREBALLADORS\u00a0 MOTIVATS - Caralt i Conesa<\/title>\n<meta name=\"robots\" content=\"index, follow, max-snippet:-1, max-image-preview:large, max-video-preview:-1\" \/>\n<link rel=\"canonical\" href=\"https:\/\/caralticonesa.com\/ca\/una-manera-de-mantindre-els-treballadors-motivats\/\" \/>\n<meta property=\"og:locale\" content=\"ca_ES\" \/>\n<meta property=\"og:type\" content=\"article\" \/>\n<meta property=\"og:title\" content=\"UNA MANERA DE MANTINDRE ELS TREBALLADORS\u00a0 MOTIVATS - Caralt i Conesa\" \/>\n<meta property=\"og:description\" content=\"Un dels objectius\u00a0 de les empreses siguin grans , pymes o petits aut\u00f2noms amb empleats ,\u00e9s aconseguir la motivaci\u00f3 i bon ambient laboral ,una de [&hellip;]\" \/>\n<meta property=\"og:url\" content=\"https:\/\/caralticonesa.com\/ca\/una-manera-de-mantindre-els-treballadors-motivats\/\" \/>\n<meta property=\"og:site_name\" content=\"Caralt i Conesa\" \/>\n<meta property=\"article:published_time\" content=\"2022-03-11T14:19:14+00:00\" \/>\n<meta property=\"article:modified_time\" content=\"2022-10-17T14:26:47+00:00\" \/>\n<meta property=\"og:image\" content=\"https:\/\/caralticonesa.com\/wp-content\/uploads\/2022\/02\/descarga.jpg\" \/>\n\t<meta property=\"og:image:width\" content=\"275\" \/>\n\t<meta property=\"og:image:height\" content=\"183\" \/>\n\t<meta property=\"og:image:type\" content=\"image\/jpeg\" \/>\n<meta name=\"author\" content=\"caralticonesa\" \/>\n<meta name=\"twitter:card\" content=\"summary_large_image\" \/>\n<meta name=\"twitter:label1\" content=\"Escrit per\" \/>\n\t<meta name=\"twitter:data1\" content=\"caralticonesa\" \/>\n\t<meta name=\"twitter:label2\" content=\"Temps estimat de lectura\" \/>\n\t<meta name=\"twitter:data2\" content=\"3 minuts\" \/>\n<script type=\"application\/ld+json\" class=\"yoast-schema-graph\">{\"@context\":\"https:\/\/schema.org\",\"@graph\":[{\"@type\":\"WebPage\",\"@id\":\"https:\/\/caralticonesa.com\/ca\/una-manera-de-mantindre-els-treballadors-motivats\/\",\"url\":\"https:\/\/caralticonesa.com\/ca\/una-manera-de-mantindre-els-treballadors-motivats\/\",\"name\":\"UNA MANERA DE MANTINDRE ELS TREBALLADORS\u00a0 MOTIVATS - Caralt i Conesa\",\"isPartOf\":{\"@id\":\"https:\/\/caralticonesa.com\/#website\"},\"primaryImageOfPage\":{\"@id\":\"https:\/\/caralticonesa.com\/ca\/una-manera-de-mantindre-els-treballadors-motivats\/#primaryimage\"},\"image\":{\"@id\":\"https:\/\/caralticonesa.com\/ca\/una-manera-de-mantindre-els-treballadors-motivats\/#primaryimage\"},\"thumbnailUrl\":\"https:\/\/caralticonesa.com\/wp-content\/uploads\/2022\/02\/descarga.jpg\",\"datePublished\":\"2022-03-11T14:19:14+00:00\",\"dateModified\":\"2022-10-17T14:26:47+00:00\",\"author\":{\"@id\":\"https:\/\/caralticonesa.com\/#\/schema\/person\/e2a2530ba1848f127c765c6f1a15c57d\"},\"breadcrumb\":{\"@id\":\"https:\/\/caralticonesa.com\/ca\/una-manera-de-mantindre-els-treballadors-motivats\/#breadcrumb\"},\"inLanguage\":\"ca\",\"potentialAction\":[{\"@type\":\"ReadAction\",\"target\":[\"https:\/\/caralticonesa.com\/ca\/una-manera-de-mantindre-els-treballadors-motivats\/\"]}]},{\"@type\":\"ImageObject\",\"inLanguage\":\"ca\",\"@id\":\"https:\/\/caralticonesa.com\/ca\/una-manera-de-mantindre-els-treballadors-motivats\/#primaryimage\",\"url\":\"https:\/\/caralticonesa.com\/wp-content\/uploads\/2022\/02\/descarga.jpg\",\"contentUrl\":\"https:\/\/caralticonesa.com\/wp-content\/uploads\/2022\/02\/descarga.jpg\",\"width\":275,\"height\":183},{\"@type\":\"BreadcrumbList\",\"@id\":\"https:\/\/caralticonesa.com\/ca\/una-manera-de-mantindre-els-treballadors-motivats\/#breadcrumb\",\"itemListElement\":[{\"@type\":\"ListItem\",\"position\":1,\"name\":\"Portada\",\"item\":\"https:\/\/caralticonesa.com\/ca\/\"},{\"@type\":\"ListItem\",\"position\":2,\"name\":\"UNA MANERA DE MANTINDRE ELS TREBALLADORS\u00a0 MOTIVATS\"}]},{\"@type\":\"WebSite\",\"@id\":\"https:\/\/caralticonesa.com\/#website\",\"url\":\"https:\/\/caralticonesa.com\/\",\"name\":\"Caralt i Conesa\",\"description\":\"Otro sitio realizado con WordPress\",\"potentialAction\":[{\"@type\":\"SearchAction\",\"target\":{\"@type\":\"EntryPoint\",\"urlTemplate\":\"https:\/\/caralticonesa.com\/?s={search_term_string}\"},\"query-input\":{\"@type\":\"PropertyValueSpecification\",\"valueRequired\":true,\"valueName\":\"search_term_string\"}}],\"inLanguage\":\"ca\"},{\"@type\":\"Person\",\"@id\":\"https:\/\/caralticonesa.com\/#\/schema\/person\/e2a2530ba1848f127c765c6f1a15c57d\",\"name\":\"caralticonesa\",\"image\":{\"@type\":\"ImageObject\",\"inLanguage\":\"ca\",\"@id\":\"https:\/\/caralticonesa.com\/#\/schema\/person\/image\/\",\"url\":\"https:\/\/secure.gravatar.com\/avatar\/2e4a45cf8c1bc95afe79519e4bb42e61?s=96&d=mm&r=g\",\"contentUrl\":\"https:\/\/secure.gravatar.com\/avatar\/2e4a45cf8c1bc95afe79519e4bb42e61?s=96&d=mm&r=g\",\"caption\":\"caralticonesa\"},\"url\":\"https:\/\/caralticonesa.com\/ca\/author\/caralticonesa\/\"}]}<\/script>\n<!-- \/ Yoast SEO plugin. -->","yoast_head_json":{"title":"UNA MANERA DE MANTINDRE ELS TREBALLADORS\u00a0 MOTIVATS - Caralt i Conesa","robots":{"index":"index","follow":"follow","max-snippet":"max-snippet:-1","max-image-preview":"max-image-preview:large","max-video-preview":"max-video-preview:-1"},"canonical":"https:\/\/caralticonesa.com\/ca\/una-manera-de-mantindre-els-treballadors-motivats\/","og_locale":"ca_ES","og_type":"article","og_title":"UNA MANERA DE MANTINDRE ELS TREBALLADORS\u00a0 MOTIVATS - Caralt i Conesa","og_description":"Un dels objectius\u00a0 de les empreses siguin grans , pymes o petits aut\u00f2noms amb empleats ,\u00e9s aconseguir la motivaci\u00f3 i bon ambient laboral ,una de [&hellip;]","og_url":"https:\/\/caralticonesa.com\/ca\/una-manera-de-mantindre-els-treballadors-motivats\/","og_site_name":"Caralt i Conesa","article_published_time":"2022-03-11T14:19:14+00:00","article_modified_time":"2022-10-17T14:26:47+00:00","og_image":[{"width":275,"height":183,"url":"https:\/\/caralticonesa.com\/wp-content\/uploads\/2022\/02\/descarga.jpg","type":"image\/jpeg"}],"author":"caralticonesa","twitter_card":"summary_large_image","twitter_misc":{"Escrit per":"caralticonesa","Temps estimat de lectura":"3 minuts"},"schema":{"@context":"https:\/\/schema.org","@graph":[{"@type":"WebPage","@id":"https:\/\/caralticonesa.com\/ca\/una-manera-de-mantindre-els-treballadors-motivats\/","url":"https:\/\/caralticonesa.com\/ca\/una-manera-de-mantindre-els-treballadors-motivats\/","name":"UNA MANERA DE MANTINDRE ELS TREBALLADORS\u00a0 MOTIVATS - Caralt i Conesa","isPartOf":{"@id":"https:\/\/caralticonesa.com\/#website"},"primaryImageOfPage":{"@id":"https:\/\/caralticonesa.com\/ca\/una-manera-de-mantindre-els-treballadors-motivats\/#primaryimage"},"image":{"@id":"https:\/\/caralticonesa.com\/ca\/una-manera-de-mantindre-els-treballadors-motivats\/#primaryimage"},"thumbnailUrl":"https:\/\/caralticonesa.com\/wp-content\/uploads\/2022\/02\/descarga.jpg","datePublished":"2022-03-11T14:19:14+00:00","dateModified":"2022-10-17T14:26:47+00:00","author":{"@id":"https:\/\/caralticonesa.com\/#\/schema\/person\/e2a2530ba1848f127c765c6f1a15c57d"},"breadcrumb":{"@id":"https:\/\/caralticonesa.com\/ca\/una-manera-de-mantindre-els-treballadors-motivats\/#breadcrumb"},"inLanguage":"ca","potentialAction":[{"@type":"ReadAction","target":["https:\/\/caralticonesa.com\/ca\/una-manera-de-mantindre-els-treballadors-motivats\/"]}]},{"@type":"ImageObject","inLanguage":"ca","@id":"https:\/\/caralticonesa.com\/ca\/una-manera-de-mantindre-els-treballadors-motivats\/#primaryimage","url":"https:\/\/caralticonesa.com\/wp-content\/uploads\/2022\/02\/descarga.jpg","contentUrl":"https:\/\/caralticonesa.com\/wp-content\/uploads\/2022\/02\/descarga.jpg","width":275,"height":183},{"@type":"BreadcrumbList","@id":"https:\/\/caralticonesa.com\/ca\/una-manera-de-mantindre-els-treballadors-motivats\/#breadcrumb","itemListElement":[{"@type":"ListItem","position":1,"name":"Portada","item":"https:\/\/caralticonesa.com\/ca\/"},{"@type":"ListItem","position":2,"name":"UNA MANERA DE MANTINDRE ELS TREBALLADORS\u00a0 MOTIVATS"}]},{"@type":"WebSite","@id":"https:\/\/caralticonesa.com\/#website","url":"https:\/\/caralticonesa.com\/","name":"Caralt i Conesa","description":"Otro sitio realizado con WordPress","potentialAction":[{"@type":"SearchAction","target":{"@type":"EntryPoint","urlTemplate":"https:\/\/caralticonesa.com\/?s={search_term_string}"},"query-input":{"@type":"PropertyValueSpecification","valueRequired":true,"valueName":"search_term_string"}}],"inLanguage":"ca"},{"@type":"Person","@id":"https:\/\/caralticonesa.com\/#\/schema\/person\/e2a2530ba1848f127c765c6f1a15c57d","name":"caralticonesa","image":{"@type":"ImageObject","inLanguage":"ca","@id":"https:\/\/caralticonesa.com\/#\/schema\/person\/image\/","url":"https:\/\/secure.gravatar.com\/avatar\/2e4a45cf8c1bc95afe79519e4bb42e61?s=96&d=mm&r=g","contentUrl":"https:\/\/secure.gravatar.com\/avatar\/2e4a45cf8c1bc95afe79519e4bb42e61?s=96&d=mm&r=g","caption":"caralticonesa"},"url":"https:\/\/caralticonesa.com\/ca\/author\/caralticonesa\/"}]}},"_links":{"self":[{"href":"https:\/\/caralticonesa.com\/ca\/wp-json\/wp\/v2\/posts\/2380"}],"collection":[{"href":"https:\/\/caralticonesa.com\/ca\/wp-json\/wp\/v2\/posts"}],"about":[{"href":"https:\/\/caralticonesa.com\/ca\/wp-json\/wp\/v2\/types\/post"}],"author":[{"embeddable":true,"href":"https:\/\/caralticonesa.com\/ca\/wp-json\/wp\/v2\/users\/1"}],"replies":[{"embeddable":true,"href":"https:\/\/caralticonesa.com\/ca\/wp-json\/wp\/v2\/comments?post=2380"}],"version-history":[{"count":0,"href":"https:\/\/caralticonesa.com\/ca\/wp-json\/wp\/v2\/posts\/2380\/revisions"}],"wp:featuredmedia":[{"embeddable":true,"href":"https:\/\/caralticonesa.com\/ca\/wp-json\/wp\/v2\/media\/2207"}],"wp:attachment":[{"href":"https:\/\/caralticonesa.com\/ca\/wp-json\/wp\/v2\/media?parent=2380"}],"wp:term":[{"taxonomy":"category","embeddable":true,"href":"https:\/\/caralticonesa.com\/ca\/wp-json\/wp\/v2\/categories?post=2380"},{"taxonomy":"post_tag","embeddable":true,"href":"https:\/\/caralticonesa.com\/ca\/wp-json\/wp\/v2\/tags?post=2380"}],"curies":[{"name":"wp","href":"https:\/\/api.w.org\/{rel}","templated":true}]}}