{"id":2378,"date":"2022-03-22T14:06:27","date_gmt":"2022-03-22T14:06:27","guid":{"rendered":"https:\/\/caralticonesa.com\/?p=2378"},"modified":"2022-10-17T14:26:27","modified_gmt":"2022-10-17T14:26:27","slug":"clausulas-del-instituto-para-huelgas-mercancias","status":"publish","type":"post","link":"https:\/\/caralticonesa.com\/ca\/clausulas-del-instituto-para-huelgas-mercancias\/","title":{"rendered":"CL\u00c1USULAS DEL INSTITUTO PARA HUELGAS (MERCANC\u00cdAS)"},"content":{"rendered":"<p><b>RIESGOS CUBIERTOS<\/b><\/p>\n<p><span style=\"font-weight: 400;\">1 Este seguro cubre, excepto por lo que se previene en las cl\u00e1usulas 3 y 4 que siguen, la p\u00e9rdida de o el da\u00f1o a los<\/span><\/p>\n<p><span style=\"font-weight: 400;\">bienes objeto del seguro, causados por<\/span><\/p>\n<p><span style=\"font-weight: 400;\">1.1 huelguistas, trabajadores afectados por cierre patronal o personas que tomen parte en disturbios laborales,<\/span><\/p>\n<p><span style=\"font-weight: 400;\">motines o des\u00f3rdenes civiles<\/span><\/p>\n<p><span style=\"font-weight: 400;\">1.2 Cualquier terrorista o cualquier persona que act\u00fae por un m\u00f3vil pol\u00edtico.<\/span><\/p>\n<p><span style=\"font-weight: 400;\">2 Este seguro cubre la contribuci\u00f3n a la aver\u00eda gruesa y los gastos de salvamento ajustados o determinados de<\/span><\/p>\n<p><span style=\"font-weight: 400;\">acuerdo con el contrato de fletamento y\/o con la ley y pr\u00e1ctica aplicables, en que se incurra para evitar o en relaci\u00f3n<\/span><\/p>\n<p><span style=\"font-weight: 400;\">con la evitaci\u00f3n de las p\u00e9rdidas provinientes de un riesgo cubierto bajo estas cl\u00e1usulas.<\/span><\/p>\n<p><b>EXCLUSIONES<\/b><\/p>\n<p><span style=\"font-weight: 400;\">3 En ning\u00fan caso cubrir\u00e1 este seguro:<\/span><\/p>\n<p><span style=\"font-weight: 400;\">3.1 la p\u00e9rdida, el da\u00f1o o el gasto atribuibles a conducta dolosa del Asegurado<\/span><\/p>\n<p><span style=\"font-weight: 400;\">3.2 los derrames usuales, las p\u00e9rdidas de peso o de volumen naturales, o el uso y desgaste normales de los<\/span><\/p>\n<p><span style=\"font-weight: 400;\">bienes objeto del seguro<\/span><\/p>\n<p><span style=\"font-weight: 400;\">3.3 la p\u00e9rdida, el da\u00f1o o el gasto originados por la insuficiencia o impropiedad del embalaje o preparaci\u00f3n de los<\/span><\/p>\n<p><span style=\"font-weight: 400;\">bienes objeto del seguro (para los fines de esta cl\u00e1usula 3.3 se considera que &#8220;embalaje&#8221; incluye la estiba en<\/span><\/p>\n<p><span style=\"font-weight: 400;\">un contenedor o remolque, pero solamente cuando dicha estiba se lleve a cabo con anterioridad a la vigencia<\/span><\/p>\n<p><span style=\"font-weight: 400;\">de este seguro, o por el Asegurado o sus empleados)<\/span><\/p>\n<p><span style=\"font-weight: 400;\">3.4 la p\u00e9rdida, el da\u00f1o o el gasto causados por vicio inherente o por la naturaleza de los bienes objeto del seguro<\/span><\/p>\n<p><span style=\"font-weight: 400;\">3.5 la p\u00e9rdida, el da\u00f1o o el gasto directamente causados por demora, aun cuando dicha demora sea consecuencia<\/span><\/p>\n<p><span style=\"font-weight: 400;\">de un riesgo asegurado (excepto los gastos que deban pagarse de acuerdo con la anterior cl\u00e1usula 2)<\/span><\/p>\n<p><span style=\"font-weight: 400;\">3.6 la p\u00e9rdida, el da\u00f1o o el gasto que sean consecuencia de insolvencia o fallo financiero de los propietarios,<\/span><\/p>\n<p><span style=\"font-weight: 400;\">gestores, fletadores u operadores del buque<\/span><\/p>\n<p><span style=\"font-weight: 400;\">3.7 la p\u00e9rdida, el da\u00f1o o el gasto que provenga de la abstenci\u00f3n, falta o detenci\u00f3n del trabajo de cualquier<\/span><\/p>\n<p><span style=\"font-weight: 400;\">naturaleza que sea resultante de cualquier huelga, cierre patronal, disturbio laboral, mot\u00edn o desorden civil<\/span><\/p>\n<p><span style=\"font-weight: 400;\">3.8 cualquier reclamaci\u00f3n basada en la p\u00e9rdida o frustraci\u00f3n del viaje o aventura<\/span><\/p>\n<p><span style=\"font-weight: 400;\">3.9 la p\u00e9rdida, el da\u00f1o o el gasto originados del uso de cualquier arma de guerra que emplee fisi\u00f3n at\u00f3mica o<\/span><\/p>\n<p><span style=\"font-weight: 400;\">nuclear y\/o fusi\u00f3n o fuerza radioactiva o materia semejante<\/span><\/p>\n<p><span style=\"font-weight: 400;\">3.10 la p\u00e9rdida, el da\u00f1o o el gasto causados por guerra, guerra civil, revoluci\u00f3n, rebeli\u00f3n, insurrecci\u00f3n o lucha civil<\/span><\/p>\n<p><span style=\"font-weight: 400;\">que provenga de ello o cualquier acto hostil por o contra un poder beligerante.<\/span><\/p>\n<p><span style=\"font-weight: 400;\">4 4.1 En ning\u00fan caso cubrir\u00e1 este seguro la p\u00e9rdida, el da\u00f1o o el gasto originados por<\/span><\/p>\n<p><span style=\"font-weight: 400;\">innavegabilidad del buque o embarcaci\u00f3n<\/span><\/p>\n<p><span style=\"font-weight: 400;\">impropiedad del buque, embarcaci\u00f3n, contenedor o remolque para el transporte con seguridad de los bienes<\/span><\/p>\n<p><span style=\"font-weight: 400;\">objeto del seguro<\/span><\/p>\n<p><span style=\"font-weight: 400;\">cuando el Asegurado o sus empleados sean conocedores de tales innavegabilidad o impropiedad en el momento en<\/span><\/p>\n<p><span style=\"font-weight: 400;\">que los bienes objeto del seguro sean cargados en aqu\u00e9llos.<\/span><\/p>\n<p><span style=\"font-weight: 400;\">4.2 Los Aseguradores renuncian a los derechos que les competan por cualquier infracci\u00f3n de las impl\u00edcitas garant\u00edas de<\/span><\/p>\n<p><span style=\"font-weight: 400;\">navegabilidad del buque y de su aptitud para el transporte de las mercanc\u00edas objeto de este seguro hasta su destino,<\/span><\/p>\n<p><span style=\"font-weight: 400;\">a no ser que el Asegurado o sus empleados est\u00e9n informados de tal innavegabilidad o falta de aptitud<\/span><\/p>\n<p><b>DURACI\u00d3N<\/b><\/p>\n<p><span style=\"font-weight: 400;\">5 5.1 Este seguro entra en vigor desde el momento en que las mercanc\u00edas dejan el almac\u00e9n o lugar de almacenaje<\/span><\/p>\n<p><span style=\"font-weight: 400;\">en el punto que aqu\u00ed se designa para comienzo del transporte, continuar\u00e1 durante el curso ordinario del mismo<\/span><\/p>\n<p><span style=\"font-weight: 400;\">y terminar\u00e1 bien<\/span><\/p>\n<p><span style=\"font-weight: 400;\">5.1.1 a la entrega de las mercanc\u00edas en los almacenes del Consignatario o en otro almac\u00e9n final o lugar de<\/span><\/p>\n<p><span style=\"font-weight: 400;\">almacenaje en el punto de destino designado aqu\u00ed,<\/span><\/p>\n<p><span style=\"font-weight: 400;\">5.1.2 a la entrega en cualquier otro almac\u00e9n o lugar de almacenaje ya sea antes de o en el punto de destino<\/span><\/p>\n<p><span style=\"font-weight: 400;\">designado aqu\u00ed, que el Asegurado elija, ya sea<\/span><\/p>\n<p><span style=\"font-weight: 400;\">5.1.2.1 para almacenaje que no sea el del curso ordinario del transporte o<\/span><\/p>\n<p><span style=\"font-weight: 400;\">5.1.2.2 para asignaci\u00f3n o distribuci\u00f3n de las mercanc\u00edas<\/span><\/p>\n<p><span style=\"font-weight: 400;\">o<\/span><\/p>\n<p><span style=\"font-weight: 400;\">5.1.3 a la expiraci\u00f3n de un per\u00edodo de 60 d\u00edas despu\u00e9s de haber sido completada la descarga de las mercanc\u00edas<\/span><\/p>\n<p><span style=\"font-weight: 400;\">aseguradas aqu\u00ed, al costado del buque transoce\u00e1nico en el puerto final de descarga<\/span><\/p>\n<p><span style=\"font-weight: 400;\">lo que cualquiera de ello ocurra primero<\/span><\/p>\n<p><span style=\"font-weight: 400;\">5.2 Si despu\u00e9s de la descarga al costado del buque transoce\u00e1nico en el puerto final de descarga, pero antes de<\/span><\/p>\n<p><span style=\"font-weight: 400;\">que finalice la vigencia de este seguro, las mercanc\u00edas tuvieran que ser enviadas a un destino distinto de aqu\u00e9l<\/span><\/p>\n<p><span style=\"font-weight: 400;\">hasta el que est\u00e1n aseguradas aqu\u00ed, este seguro aun cuando est\u00e9 sujeto a la terminaci\u00f3n que se previene<\/span><\/p>\n<p><span style=\"font-weight: 400;\">anteriormente, no se extender\u00e1 m\u00e1s all\u00e1 del comienzo del transporte a tal otro destino.<\/span><\/p>\n<p><span style=\"font-weight: 400;\">5.3 Este seguro permanecer\u00e1 en vigor (sujeto a terminaci\u00f3n seg\u00fan se previene anteriormente y a las previsiones<\/span><\/p>\n<p><span style=\"font-weight: 400;\">de la Cl\u00e1usula 6, que sigue) durante la demora que escape al control del Asegurado, durante cualquier<\/span><\/p>\n<p><span style=\"font-weight: 400;\">desviaci\u00f3n, descarga forzosa, reembarque o transbordo, y durante cualquier variaci\u00f3n de la aventura que<\/span><\/p>\n<p><span style=\"font-weight: 400;\">tenga por origen el ejercicio de alguna facultad concedida a los Armadores o Fletadores en el contrato de<\/span><\/p>\n<p><span style=\"font-weight: 400;\">fletamento.<\/span><\/p>\n<p><span style=\"font-weight: 400;\">6 Si debido a circunstancias que escapen al control del Asegurado, el contrato de transporte termina ya sea en puerto<\/span><\/p>\n<p><span style=\"font-weight: 400;\">o lugar distinto al de destino designado en aqu\u00e9l o porque el transporte se termine de otra forma antes de la entrega<\/span><\/p>\n<p><span style=\"font-weight: 400;\">de las mercanc\u00edas seg\u00fan se estipula en la anterior cl\u00e1usula 5, entonces este seguro terminar\u00e1 tambi\u00e9n a no ser que<\/span><\/p>\n<p><span style=\"font-weight: 400;\">se d\u00e9 a los Aseguradores inmediato aviso y se requiera la continuaci\u00f3n de la cobertura cuando el seguro haya de<\/span><\/p>\n<p><span style=\"font-weight: 400;\">permanecer en vigor con sujeci\u00f3n al pago de una prima adicional si as\u00ed lo requieren los Aseguradores, bien<\/span><\/p>\n<p><span style=\"font-weight: 400;\">6.1 hasta que las mercanc\u00edas sean vendidas y entregadas en dicho puerto o lugar, o, a menos que se convenga<\/span><\/p>\n<p><span style=\"font-weight: 400;\">especialmente otra cosa, hasta la expiraci\u00f3n de un per\u00edodo de 60 d\u00edas contados a partir de la llegada de las<\/span><\/p>\n<p><span style=\"font-weight: 400;\">mercanc\u00edas aqu\u00ed aseguradas a tal puerto o lugar, lo que cualquiera de ello ocurra primero<\/span><\/p>\n<p><span style=\"font-weight: 400;\">6.2 si las mercanc\u00edas son enviadas dentro del citado per\u00edodo de 60 d\u00edas (o de cualquier extensi\u00f3n del mismo que<\/span><\/p>\n<p><span style=\"font-weight: 400;\">se convenga) al destino que se designe en la presente o a cualquier otro destino, hasta que se termine de<\/span><\/p>\n<p><span style=\"font-weight: 400;\">acuerdo con lo previsto en la anterior cl\u00e1usula 5.<\/span><\/p>\n<p><span style=\"font-weight: 400;\">7 Cuando despu\u00e9s de la entrada en vigor de este seguro, se cambiara el destino por el Asegurado, se mantendr\u00e1 la<\/span><\/p>\n<p><span style=\"font-weight: 400;\">cobertura mediante el pago de una prima y a unas condiciones a convenir, sujeto a que sea dado aviso inmediato a<\/span><\/p>\n<p><span style=\"font-weight: 400;\">los Aseguradores.<\/span><\/p>\n<p><b>RECLAMACIONES<\/b><\/p>\n<p><span style=\"font-weight: 400;\">8 8.1 A efectos de obtener una indemnizaci\u00f3n en raz\u00f3n de este seguro, el Asegurado deber\u00e1 tener un inter\u00e9s<\/span><\/p>\n<p><span style=\"font-weight: 400;\">asegurable en las mercanc\u00edas objeto de este seguro en el momento de acaecer el siniestro.<\/span><\/p>\n<p><span style=\"font-weight: 400;\">8.2 Sin perjuicio de lo dispuesto en el precedente 8.1 el Asegurado tendr\u00e1 derecho a la indemnizaci\u00f3n de las<\/span><\/p>\n<p><span style=\"font-weight: 400;\">p\u00e9rdidas aseguradas ocurridas durante el per\u00edodo cubierto por el presente seguro, a\u00fan cuando las p\u00e9rdidas<\/span><\/p>\n<p><span style=\"font-weight: 400;\">acaecieran antes de que el contrato de seguro haya sido concluido, a no ser que el Asegurado tuviera<\/span><\/p>\n<p><span style=\"font-weight: 400;\">conocimiento de la p\u00e9rdida y los Aseguradores no lo tuvieran<\/span><\/p>\n<p><span style=\"font-weight: 400;\">9 9.1 Si el Asegurado efectuara alg\u00fan seguro de aumento de valor sobre las mercanc\u00edas aseguradas por este<\/span><\/p>\n<p><span style=\"font-weight: 400;\">seguro el valor convenido de dichas mercanc\u00edas se considerar\u00e1 incrementado hasta la cantidad total<\/span><\/p>\n<p><span style=\"font-weight: 400;\">garantizada por este seguro y de todos los seguros de aumento de valor que cubran la p\u00e9rdida, y la<\/span><\/p>\n<p><span style=\"font-weight: 400;\">responsabilidad por este seguro lo ser\u00e1 en tal proporci\u00f3n como corresponda a la suma aqu\u00ed asegurada<\/span><\/p>\n<p><span style=\"font-weight: 400;\">respecto de la dicha cantidad total asegurada.<\/span><\/p>\n<p><span style=\"font-weight: 400;\">En el supuesto de una reclamaci\u00f3n por siniestro el Asegurado deber\u00e1 facilitar a los Aseguradores una<\/span><\/p>\n<p><span style=\"font-weight: 400;\">declaraci\u00f3n de las sumas aseguradas por todos los restantes seguros.<\/span><\/p>\n<p><span style=\"font-weight: 400;\">9.2 Cuando este seguro se refiera a valor aumentado se aplicar\u00e1 la siguiente cl\u00e1usula:<\/span><\/p>\n<p><span style=\"font-weight: 400;\">El valor convenido sobre el cargamento se considerar\u00e1 que es igual a la suma total asegurada por el seguro<\/span><\/p>\n<p><span style=\"font-weight: 400;\">inicial y todos los seguros sobre valor aumentado que cubren la p\u00e9rdida y que se han efectuado por el<\/span><\/p>\n<p><span style=\"font-weight: 400;\">Asegurado sobre el cargamento, y la responsabilidad en raz\u00f3n de este seguro estar\u00e1 en igual proporci\u00f3n que<\/span><\/p>\n<p><span style=\"font-weight: 400;\">la que corresponda a la suma asegurada por la presente respecto de dicha suma total asegurada.<\/span><\/p>\n<p><span style=\"font-weight: 400;\">En el supuesto de una reclamaci\u00f3n por siniestro el Asegurado deber\u00e1 facilitar a los Aseguradores una<\/span><\/p>\n<p><span style=\"font-weight: 400;\">declaraci\u00f3n de las sumas aseguradas por todos los restantes seguros.<\/span><\/p>\n<p><b>BENEFICIO DEL SEGURO<\/b><\/p>\n<p><span style=\"font-weight: 400;\">10 Este seguro no tendr\u00e1 efecto en beneficio del transportista o de otro depositario.<\/span><\/p>\n<p><span style=\"font-weight: 400;\">AMINORACI\u00d3N DE SINIESTROS<\/span><\/p>\n<p><span style=\"font-weight: 400;\">11 Es deber del Asegurado y de sus empleados y agentes en relaci\u00f3n con cualquier siniestro recuperable por la<\/span><\/p>\n<p><span style=\"font-weight: 400;\">presente<\/span><\/p>\n<p><span style=\"font-weight: 400;\">11.1 adoptar aquellas medidas que puedan considerarse razonables al objeto de impedir o minimizar dicho<\/span><\/p>\n<p><span style=\"font-weight: 400;\">siniestro, y<\/span><\/p>\n<p><span style=\"font-weight: 400;\">11.2 asegurarse de que todos los derechos contra los transportistas, depositarios o cualesquiera otro tercero<\/span><\/p>\n<p><span style=\"font-weight: 400;\">quedan debidamente preservados y ejercitados y los Aseguradores, adem\u00e1s de cualquier indemnizaci\u00f3n que<\/span><\/p>\n<p><span style=\"font-weight: 400;\">sea recobrable en virtud de este seguro, &#8216;reembolsar\u00e1n al Asegurado cualquier gasto apropiada y<\/span><\/p>\n<p><span style=\"font-weight: 400;\">razonablemente incurrido para el cumplimiento de estas obligaciones.<\/span><\/p>\n<p><span style=\"font-weight: 400;\">12 Las medidas que adopten, tanto el Asegurado como los Aseguradores, al objeto de salvar, proteger o recobrar el<\/span><\/p>\n<p><span style=\"font-weight: 400;\">objeto asegurado no ser\u00e1n consideradas como renuncia o aceptaci\u00f3n de abandono ni perjudicar\u00e1n de otra forma los<\/span><\/p>\n<p><span style=\"font-weight: 400;\">derechos de cada una de las partes.<\/span><\/p>\n<p><b>EVITACI\u00d3N DE DEMORA<\/b><\/p>\n<p><span style=\"font-weight: 400;\">13 Es condici\u00f3n de este seguro que el Asegurado act\u00fae con razonable diligencia en todas las circunstancias que<\/span><\/p>\n<p><span style=\"font-weight: 400;\">dependan de su control,<\/span><\/p>\n<p><b>LEY Y PRACTICA<\/b><\/p>\n<p><span style=\"font-weight: 400;\">14 Este seguro queda sujeto a la Ley y la Pr\u00e1ctica inglesas.<\/span><\/p>\n<p><span style=\"font-weight: 400;\">NOTA- El Asegurado cuando tenga conocimiento de un evento que sea &#8220;mantenido cubierto&#8221; por este seguro, deber\u00e1<\/span><\/p>\n<p><span style=\"font-weight: 400;\">dar aviso inmediato a los Aseguradores y su derecho a tal cobertura depender\u00e1 del cumplimiento de esta obligaci\u00f3n.<\/span><\/p>\n<p><span style=\"font-weight: 400;\">(ESTA TRADUCCI\u00d3N ES SOLAMENTE A TITULO INFORMATIVO, EN CASO DE CUALQUIER DISPUTA EN RELACI\u00d3N<\/span><\/p>\n<p><span style=\"font-weight: 400;\">CON ESTE SEGURO EL ORIGINAL EN INGLES SER\u00c1 EL QUE PREVALEZCA).<\/span><\/p>\n","protected":false},"excerpt":{"rendered":"<p>RIESGOS CUBIERTOS 1 Este seguro cubre, excepto por lo que se previene en las cl\u00e1usulas 3 y 4 que siguen, la p\u00e9rdida de o el [&hellip;]<\/p>\n","protected":false},"author":1,"featured_media":2256,"comment_status":"open","ping_status":"open","sticky":false,"template":"","format":"standard","meta":{"footnotes":""},"categories":[7],"tags":[],"class_list":["post-2378","post","type-post","status-publish","format-standard","has-post-thumbnail","hentry","category-uncategorized-ca"],"yoast_head":"<!-- This site is optimized with the Yoast SEO plugin v24.1 - https:\/\/yoast.com\/wordpress\/plugins\/seo\/ -->\n<title>CL\u00c1USULAS DEL INSTITUTO PARA HUELGAS (MERCANC\u00cdAS) - Caralt i Conesa<\/title>\n<meta name=\"robots\" content=\"index, follow, max-snippet:-1, max-image-preview:large, max-video-preview:-1\" \/>\n<link rel=\"canonical\" href=\"https:\/\/caralticonesa.com\/ca\/clausulas-del-instituto-para-huelgas-mercancias\/\" \/>\n<meta property=\"og:locale\" content=\"ca_ES\" \/>\n<meta property=\"og:type\" content=\"article\" \/>\n<meta property=\"og:title\" content=\"CL\u00c1USULAS DEL INSTITUTO PARA HUELGAS (MERCANC\u00cdAS) - Caralt i Conesa\" \/>\n<meta property=\"og:description\" content=\"RIESGOS CUBIERTOS 1 Este seguro cubre, excepto por lo que se previene en las cl\u00e1usulas 3 y 4 que siguen, la p\u00e9rdida de o el [&hellip;]\" \/>\n<meta property=\"og:url\" content=\"https:\/\/caralticonesa.com\/ca\/clausulas-del-instituto-para-huelgas-mercancias\/\" \/>\n<meta property=\"og:site_name\" content=\"Caralt i Conesa\" \/>\n<meta property=\"article:published_time\" content=\"2022-03-22T14:06:27+00:00\" \/>\n<meta property=\"article:modified_time\" content=\"2022-10-17T14:26:27+00:00\" \/>\n<meta property=\"og:image\" content=\"https:\/\/caralticonesa.com\/wp-content\/uploads\/2022\/03\/descarga.png\" \/>\n\t<meta property=\"og:image:width\" content=\"305\" \/>\n\t<meta property=\"og:image:height\" content=\"165\" \/>\n\t<meta property=\"og:image:type\" content=\"image\/png\" \/>\n<meta name=\"author\" content=\"caralticonesa\" \/>\n<meta name=\"twitter:card\" content=\"summary_large_image\" \/>\n<meta name=\"twitter:label1\" content=\"Escrit per\" \/>\n\t<meta name=\"twitter:data1\" content=\"caralticonesa\" \/>\n\t<meta name=\"twitter:label2\" content=\"Temps estimat de lectura\" \/>\n\t<meta name=\"twitter:data2\" content=\"9 minuts\" \/>\n<script type=\"application\/ld+json\" class=\"yoast-schema-graph\">{\"@context\":\"https:\/\/schema.org\",\"@graph\":[{\"@type\":\"WebPage\",\"@id\":\"https:\/\/caralticonesa.com\/ca\/clausulas-del-instituto-para-huelgas-mercancias\/\",\"url\":\"https:\/\/caralticonesa.com\/ca\/clausulas-del-instituto-para-huelgas-mercancias\/\",\"name\":\"CL\u00c1USULAS DEL INSTITUTO PARA HUELGAS (MERCANC\u00cdAS) - Caralt i Conesa\",\"isPartOf\":{\"@id\":\"https:\/\/caralticonesa.com\/#website\"},\"primaryImageOfPage\":{\"@id\":\"https:\/\/caralticonesa.com\/ca\/clausulas-del-instituto-para-huelgas-mercancias\/#primaryimage\"},\"image\":{\"@id\":\"https:\/\/caralticonesa.com\/ca\/clausulas-del-instituto-para-huelgas-mercancias\/#primaryimage\"},\"thumbnailUrl\":\"https:\/\/caralticonesa.com\/wp-content\/uploads\/2022\/03\/descarga.png\",\"datePublished\":\"2022-03-22T14:06:27+00:00\",\"dateModified\":\"2022-10-17T14:26:27+00:00\",\"author\":{\"@id\":\"https:\/\/caralticonesa.com\/#\/schema\/person\/e2a2530ba1848f127c765c6f1a15c57d\"},\"breadcrumb\":{\"@id\":\"https:\/\/caralticonesa.com\/ca\/clausulas-del-instituto-para-huelgas-mercancias\/#breadcrumb\"},\"inLanguage\":\"ca\",\"potentialAction\":[{\"@type\":\"ReadAction\",\"target\":[\"https:\/\/caralticonesa.com\/ca\/clausulas-del-instituto-para-huelgas-mercancias\/\"]}]},{\"@type\":\"ImageObject\",\"inLanguage\":\"ca\",\"@id\":\"https:\/\/caralticonesa.com\/ca\/clausulas-del-instituto-para-huelgas-mercancias\/#primaryimage\",\"url\":\"https:\/\/caralticonesa.com\/wp-content\/uploads\/2022\/03\/descarga.png\",\"contentUrl\":\"https:\/\/caralticonesa.com\/wp-content\/uploads\/2022\/03\/descarga.png\",\"width\":305,\"height\":165},{\"@type\":\"BreadcrumbList\",\"@id\":\"https:\/\/caralticonesa.com\/ca\/clausulas-del-instituto-para-huelgas-mercancias\/#breadcrumb\",\"itemListElement\":[{\"@type\":\"ListItem\",\"position\":1,\"name\":\"Portada\",\"item\":\"https:\/\/caralticonesa.com\/ca\/\"},{\"@type\":\"ListItem\",\"position\":2,\"name\":\"CL\u00c1USULAS DEL INSTITUTO PARA HUELGAS (MERCANC\u00cdAS)\"}]},{\"@type\":\"WebSite\",\"@id\":\"https:\/\/caralticonesa.com\/#website\",\"url\":\"https:\/\/caralticonesa.com\/\",\"name\":\"Caralt i Conesa\",\"description\":\"Otro sitio realizado con WordPress\",\"potentialAction\":[{\"@type\":\"SearchAction\",\"target\":{\"@type\":\"EntryPoint\",\"urlTemplate\":\"https:\/\/caralticonesa.com\/?s={search_term_string}\"},\"query-input\":{\"@type\":\"PropertyValueSpecification\",\"valueRequired\":true,\"valueName\":\"search_term_string\"}}],\"inLanguage\":\"ca\"},{\"@type\":\"Person\",\"@id\":\"https:\/\/caralticonesa.com\/#\/schema\/person\/e2a2530ba1848f127c765c6f1a15c57d\",\"name\":\"caralticonesa\",\"image\":{\"@type\":\"ImageObject\",\"inLanguage\":\"ca\",\"@id\":\"https:\/\/caralticonesa.com\/#\/schema\/person\/image\/\",\"url\":\"https:\/\/secure.gravatar.com\/avatar\/2e4a45cf8c1bc95afe79519e4bb42e61?s=96&d=mm&r=g\",\"contentUrl\":\"https:\/\/secure.gravatar.com\/avatar\/2e4a45cf8c1bc95afe79519e4bb42e61?s=96&d=mm&r=g\",\"caption\":\"caralticonesa\"},\"url\":\"https:\/\/caralticonesa.com\/ca\/author\/caralticonesa\/\"}]}<\/script>\n<!-- \/ Yoast SEO plugin. -->","yoast_head_json":{"title":"CL\u00c1USULAS DEL INSTITUTO PARA HUELGAS (MERCANC\u00cdAS) - Caralt i Conesa","robots":{"index":"index","follow":"follow","max-snippet":"max-snippet:-1","max-image-preview":"max-image-preview:large","max-video-preview":"max-video-preview:-1"},"canonical":"https:\/\/caralticonesa.com\/ca\/clausulas-del-instituto-para-huelgas-mercancias\/","og_locale":"ca_ES","og_type":"article","og_title":"CL\u00c1USULAS DEL INSTITUTO PARA HUELGAS (MERCANC\u00cdAS) - Caralt i Conesa","og_description":"RIESGOS CUBIERTOS 1 Este seguro cubre, excepto por lo que se previene en las cl\u00e1usulas 3 y 4 que siguen, la p\u00e9rdida de o el [&hellip;]","og_url":"https:\/\/caralticonesa.com\/ca\/clausulas-del-instituto-para-huelgas-mercancias\/","og_site_name":"Caralt i Conesa","article_published_time":"2022-03-22T14:06:27+00:00","article_modified_time":"2022-10-17T14:26:27+00:00","og_image":[{"width":305,"height":165,"url":"https:\/\/caralticonesa.com\/wp-content\/uploads\/2022\/03\/descarga.png","type":"image\/png"}],"author":"caralticonesa","twitter_card":"summary_large_image","twitter_misc":{"Escrit per":"caralticonesa","Temps estimat de lectura":"9 minuts"},"schema":{"@context":"https:\/\/schema.org","@graph":[{"@type":"WebPage","@id":"https:\/\/caralticonesa.com\/ca\/clausulas-del-instituto-para-huelgas-mercancias\/","url":"https:\/\/caralticonesa.com\/ca\/clausulas-del-instituto-para-huelgas-mercancias\/","name":"CL\u00c1USULAS DEL INSTITUTO PARA HUELGAS (MERCANC\u00cdAS) - Caralt i Conesa","isPartOf":{"@id":"https:\/\/caralticonesa.com\/#website"},"primaryImageOfPage":{"@id":"https:\/\/caralticonesa.com\/ca\/clausulas-del-instituto-para-huelgas-mercancias\/#primaryimage"},"image":{"@id":"https:\/\/caralticonesa.com\/ca\/clausulas-del-instituto-para-huelgas-mercancias\/#primaryimage"},"thumbnailUrl":"https:\/\/caralticonesa.com\/wp-content\/uploads\/2022\/03\/descarga.png","datePublished":"2022-03-22T14:06:27+00:00","dateModified":"2022-10-17T14:26:27+00:00","author":{"@id":"https:\/\/caralticonesa.com\/#\/schema\/person\/e2a2530ba1848f127c765c6f1a15c57d"},"breadcrumb":{"@id":"https:\/\/caralticonesa.com\/ca\/clausulas-del-instituto-para-huelgas-mercancias\/#breadcrumb"},"inLanguage":"ca","potentialAction":[{"@type":"ReadAction","target":["https:\/\/caralticonesa.com\/ca\/clausulas-del-instituto-para-huelgas-mercancias\/"]}]},{"@type":"ImageObject","inLanguage":"ca","@id":"https:\/\/caralticonesa.com\/ca\/clausulas-del-instituto-para-huelgas-mercancias\/#primaryimage","url":"https:\/\/caralticonesa.com\/wp-content\/uploads\/2022\/03\/descarga.png","contentUrl":"https:\/\/caralticonesa.com\/wp-content\/uploads\/2022\/03\/descarga.png","width":305,"height":165},{"@type":"BreadcrumbList","@id":"https:\/\/caralticonesa.com\/ca\/clausulas-del-instituto-para-huelgas-mercancias\/#breadcrumb","itemListElement":[{"@type":"ListItem","position":1,"name":"Portada","item":"https:\/\/caralticonesa.com\/ca\/"},{"@type":"ListItem","position":2,"name":"CL\u00c1USULAS DEL INSTITUTO PARA HUELGAS (MERCANC\u00cdAS)"}]},{"@type":"WebSite","@id":"https:\/\/caralticonesa.com\/#website","url":"https:\/\/caralticonesa.com\/","name":"Caralt i Conesa","description":"Otro sitio realizado con WordPress","potentialAction":[{"@type":"SearchAction","target":{"@type":"EntryPoint","urlTemplate":"https:\/\/caralticonesa.com\/?s={search_term_string}"},"query-input":{"@type":"PropertyValueSpecification","valueRequired":true,"valueName":"search_term_string"}}],"inLanguage":"ca"},{"@type":"Person","@id":"https:\/\/caralticonesa.com\/#\/schema\/person\/e2a2530ba1848f127c765c6f1a15c57d","name":"caralticonesa","image":{"@type":"ImageObject","inLanguage":"ca","@id":"https:\/\/caralticonesa.com\/#\/schema\/person\/image\/","url":"https:\/\/secure.gravatar.com\/avatar\/2e4a45cf8c1bc95afe79519e4bb42e61?s=96&d=mm&r=g","contentUrl":"https:\/\/secure.gravatar.com\/avatar\/2e4a45cf8c1bc95afe79519e4bb42e61?s=96&d=mm&r=g","caption":"caralticonesa"},"url":"https:\/\/caralticonesa.com\/ca\/author\/caralticonesa\/"}]}},"_links":{"self":[{"href":"https:\/\/caralticonesa.com\/ca\/wp-json\/wp\/v2\/posts\/2378"}],"collection":[{"href":"https:\/\/caralticonesa.com\/ca\/wp-json\/wp\/v2\/posts"}],"about":[{"href":"https:\/\/caralticonesa.com\/ca\/wp-json\/wp\/v2\/types\/post"}],"author":[{"embeddable":true,"href":"https:\/\/caralticonesa.com\/ca\/wp-json\/wp\/v2\/users\/1"}],"replies":[{"embeddable":true,"href":"https:\/\/caralticonesa.com\/ca\/wp-json\/wp\/v2\/comments?post=2378"}],"version-history":[{"count":0,"href":"https:\/\/caralticonesa.com\/ca\/wp-json\/wp\/v2\/posts\/2378\/revisions"}],"wp:featuredmedia":[{"embeddable":true,"href":"https:\/\/caralticonesa.com\/ca\/wp-json\/wp\/v2\/media\/2256"}],"wp:attachment":[{"href":"https:\/\/caralticonesa.com\/ca\/wp-json\/wp\/v2\/media?parent=2378"}],"wp:term":[{"taxonomy":"category","embeddable":true,"href":"https:\/\/caralticonesa.com\/ca\/wp-json\/wp\/v2\/categories?post=2378"},{"taxonomy":"post_tag","embeddable":true,"href":"https:\/\/caralticonesa.com\/ca\/wp-json\/wp\/v2\/tags?post=2378"}],"curies":[{"name":"wp","href":"https:\/\/api.w.org\/{rel}","templated":true}]}}