{"id":1570,"date":"2017-02-14T12:17:09","date_gmt":"2017-02-14T12:17:09","guid":{"rendered":"http:\/\/reflexionessobreseguros.com\/?p=1084"},"modified":"2020-08-13T09:39:41","modified_gmt":"2020-08-13T09:39:41","slug":"es-necessari-que-el-meu-llogater-es-faci-una-asseguranca","status":"publish","type":"post","link":"https:\/\/caralticonesa.com\/ca\/es-necessari-que-el-meu-llogater-es-faci-una-asseguranca\/","title":{"rendered":"ES NECESSARI QUE EL MEU LLOGATER ES FACI UNA ASSEGURAN\u00c7A?"},"content":{"rendered":"<p>Ho explicarem amb\u00a0 exemples ,<\/p>\n<p><a href=\"http:\/\/caralticonesa.com\/wp-content\/uploads\/2020\/08\/\u00edndic444e.jpg\"><img loading=\"lazy\" decoding=\"async\" class=\"alignleft size-full wp-image-1088\" src=\"http:\/\/caralticonesa.com\/wp-content\/uploads\/2020\/08\/\u00edndic444e.jpg\" alt=\"\u00edndic444e\" width=\"276\" height=\"183\" \/><\/a><\/p>\n<p><strong>DOS GERMANS JUGUEN AMB LLUMINS<br \/>\n<\/strong><\/p>\n<p>L\u2019 any\u00a0 passat un assegurat nostre lloga una casa\u00a0 unifamiliar a\u00efllada a un bonica urbanitzaci\u00f3 de\u00a0 Vidreres. Es \u00a0una\u00a0 fam\u00edlia espl\u00e8ndida ,\u00a0 un matrimoni\u00a0 amb dos fills de 8 i 10 anys, el marit\u00a0 enginyer\u00a0 i ella mestre d\u2019educaci\u00f3 prim\u00e0ria. En principi\u00a0 un perfil perfecte de llogaters.<\/p>\n<p>Malauradament\u00a0 un\u00a0 dissabte al mati , els dos nens \u00a0jugant sols al menjador\u00a0 amb\u00a0 una caixa de mistos, encenen\u00a0 la cortina\u00a0 i al cap d\u2019uns\u00a0 minuts , tota la casa est\u00e0\u00a0 envoltada de foc. Per\u00a0 sort, els nens han pogut\u00a0 sortir de la mateixa i estan al jard\u00ed. Ning\u00fa ha pres mal.<\/p>\n<p>En aquest cas l\u2019asseguran\u00e7a de la propietat\u00a0 va indemnitzar al propietari i es va reconstruir la finca de nou. En dos mesos estava\u00a0 tot acabat.<\/p>\n<p>Per\u00f2 llavors van comen\u00e7ar els problemes del llogaters per no tenir\u00a0 asseguran\u00e7a, ja que la companyia del propietari va iniciar la reclamaci\u00f3 del total del valor indemnitzat. I al no disposar d\u2019una p\u00f2lissa de\u00a0 Responsabilitat Civil, van haver d\u2019assumir i abonar els\u00a0 danys.<\/p>\n<p>&nbsp;<\/p>\n<p><strong>LA TRUCADA MASSA LLARGA<a href=\"http:\/\/reflexionessobreseguros.com\/wp-content\/uploads\/2017\/02\/\u00edndice.jpg\"><img loading=\"lazy\" decoding=\"async\" class=\"alignleft size-medium wp-image-1086\" src=\"http:\/\/caralticonesa.com\/wp-content\/uploads\/2020\/08\/\u00edndice-300x168.jpg\" alt=\"\u00edndice\" width=\"300\" height=\"168\" \/><\/a><\/strong><\/p>\n<p>En aquest cas tenim\u00a0 un apartament\u00a0 a una primera planta al Passeig de Lloret , primera l\u00ednia de mar, seixanta m2, perfecte per a dos estudiantes\u00a0 i treballadors del Casino de Lloret.<\/p>\n<p>Una d\u2019elles al seu dia de festa quant est\u00e0 a punt d\u2019iniciar un bany relaxant,\u00a0 rep una trucada de tel\u00e8fon abans de que s \u2018acabi d\u2019omplir la banyera.<\/p>\n<p>I desafortunadament la trucada dura mes del que estava previst. Per tant l\u2019aixeta\u00a0 brolla durant\u00a0 una\u00a0 12 minuts mes despr\u00e9s d\u2019estar\u00a0 ja plena la banyera i com a conseq\u00fc\u00e8ncia causa danys a la botiga de souvenirs que hi ha a sota.<\/p>\n<p>Les estudiants no tenien asseguran\u00e7a de Responsabilitat Civil, i l\u2019asseguradora del nostre\u00a0 propietari nomes\u00a0 va\u00a0 indemnitzar els danys a les portes i els marcs fets\u00a0 malb\u00e9 , per\u00f2 els danys que va reclamar la companyia del local de sota , no van quedar coberts perqu\u00e8\u00a0 no eren causats per\u00a0 una defici\u00e8ncia de les instal\u00b7lacions. Per tant,\u00a0 van tenir que arribar a un acord per tal d\u2019indemnitzar de manera fraccionada a l\u2019asseguradora del local de souvenirs.<\/p>\n<p>&nbsp;<\/p>\n<p>Aquests sinistres son reals, no els protagonistes ni les ubicacions, per\u00f2 s\u00ed que han ocorregut i mostren com d\u2019important es contractar per part del llogater una petita asseguran\u00e7a que cobreixi els seus\u00a0 bens\u00a0 i\u00a0 la seva responsabilitat civil.<\/p>\n<p>&nbsp;<\/p>\n<p>Marc Conesa<\/p>\n","protected":false},"excerpt":{"rendered":"<p>Ho explicarem amb\u00a0 exemples , DOS GERMANS JUGUEN AMB LLUMINS L\u2019 any\u00a0 passat un assegurat nostre lloga una casa\u00a0 unifamiliar a\u00efllada a un bonica urbanitzaci\u00f3 [&hellip;]<\/p>\n","protected":false},"author":1,"featured_media":1088,"comment_status":"open","ping_status":"open","sticky":false,"template":"","format":"standard","meta":{"footnotes":""},"categories":[],"tags":[],"class_list":["post-1570","post","type-post","status-publish","format-standard","has-post-thumbnail","hentry"],"yoast_head":"<!-- This site is optimized with the Yoast SEO plugin v24.1 - https:\/\/yoast.com\/wordpress\/plugins\/seo\/ -->\n<title>ES NECESSARI QUE EL MEU LLOGATER ES FACI UNA ASSEGURAN\u00c7A? - Caralt i Conesa<\/title>\n<meta name=\"robots\" content=\"index, follow, max-snippet:-1, max-image-preview:large, max-video-preview:-1\" \/>\n<link rel=\"canonical\" href=\"https:\/\/caralticonesa.com\/ca\/es-necessari-que-el-meu-llogater-es-faci-una-asseguranca\/\" \/>\n<meta property=\"og:locale\" content=\"ca_ES\" \/>\n<meta property=\"og:type\" content=\"article\" \/>\n<meta property=\"og:title\" content=\"ES NECESSARI QUE EL MEU LLOGATER ES FACI UNA ASSEGURAN\u00c7A? - Caralt i Conesa\" \/>\n<meta property=\"og:description\" content=\"Ho explicarem amb\u00a0 exemples , DOS GERMANS JUGUEN AMB LLUMINS L\u2019 any\u00a0 passat un assegurat nostre lloga una casa\u00a0 unifamiliar a\u00efllada a un bonica urbanitzaci\u00f3 [&hellip;]\" \/>\n<meta property=\"og:url\" content=\"https:\/\/caralticonesa.com\/ca\/es-necessari-que-el-meu-llogater-es-faci-una-asseguranca\/\" \/>\n<meta property=\"og:site_name\" content=\"Caralt i Conesa\" \/>\n<meta property=\"article:published_time\" content=\"2017-02-14T12:17:09+00:00\" \/>\n<meta property=\"article:modified_time\" content=\"2020-08-13T09:39:41+00:00\" \/>\n<meta name=\"author\" content=\"caralticonesa\" \/>\n<meta name=\"twitter:card\" content=\"summary_large_image\" \/>\n<meta name=\"twitter:label1\" content=\"Escrit per\" \/>\n\t<meta name=\"twitter:data1\" content=\"caralticonesa\" \/>\n\t<meta name=\"twitter:label2\" content=\"Temps estimat de lectura\" \/>\n\t<meta name=\"twitter:data2\" content=\"2 minuts\" \/>\n<script type=\"application\/ld+json\" class=\"yoast-schema-graph\">{\"@context\":\"https:\/\/schema.org\",\"@graph\":[{\"@type\":\"WebPage\",\"@id\":\"https:\/\/caralticonesa.com\/ca\/es-necessari-que-el-meu-llogater-es-faci-una-asseguranca\/\",\"url\":\"https:\/\/caralticonesa.com\/ca\/es-necessari-que-el-meu-llogater-es-faci-una-asseguranca\/\",\"name\":\"ES NECESSARI QUE EL MEU LLOGATER ES FACI UNA ASSEGURAN\u00c7A? - Caralt i Conesa\",\"isPartOf\":{\"@id\":\"https:\/\/caralticonesa.com\/#website\"},\"primaryImageOfPage\":{\"@id\":\"https:\/\/caralticonesa.com\/ca\/es-necessari-que-el-meu-llogater-es-faci-una-asseguranca\/#primaryimage\"},\"image\":{\"@id\":\"https:\/\/caralticonesa.com\/ca\/es-necessari-que-el-meu-llogater-es-faci-una-asseguranca\/#primaryimage\"},\"thumbnailUrl\":\"\",\"datePublished\":\"2017-02-14T12:17:09+00:00\",\"dateModified\":\"2020-08-13T09:39:41+00:00\",\"author\":{\"@id\":\"https:\/\/caralticonesa.com\/#\/schema\/person\/e2a2530ba1848f127c765c6f1a15c57d\"},\"breadcrumb\":{\"@id\":\"https:\/\/caralticonesa.com\/ca\/es-necessari-que-el-meu-llogater-es-faci-una-asseguranca\/#breadcrumb\"},\"inLanguage\":\"ca\",\"potentialAction\":[{\"@type\":\"ReadAction\",\"target\":[\"https:\/\/caralticonesa.com\/ca\/es-necessari-que-el-meu-llogater-es-faci-una-asseguranca\/\"]}]},{\"@type\":\"ImageObject\",\"inLanguage\":\"ca\",\"@id\":\"https:\/\/caralticonesa.com\/ca\/es-necessari-que-el-meu-llogater-es-faci-una-asseguranca\/#primaryimage\",\"url\":\"\",\"contentUrl\":\"\"},{\"@type\":\"BreadcrumbList\",\"@id\":\"https:\/\/caralticonesa.com\/ca\/es-necessari-que-el-meu-llogater-es-faci-una-asseguranca\/#breadcrumb\",\"itemListElement\":[{\"@type\":\"ListItem\",\"position\":1,\"name\":\"Portada\",\"item\":\"https:\/\/caralticonesa.com\/ca\/\"},{\"@type\":\"ListItem\",\"position\":2,\"name\":\"ES NECESSARI QUE EL MEU LLOGATER ES FACI UNA ASSEGURAN\u00c7A?\"}]},{\"@type\":\"WebSite\",\"@id\":\"https:\/\/caralticonesa.com\/#website\",\"url\":\"https:\/\/caralticonesa.com\/\",\"name\":\"Caralt i Conesa\",\"description\":\"Otro sitio realizado con WordPress\",\"potentialAction\":[{\"@type\":\"SearchAction\",\"target\":{\"@type\":\"EntryPoint\",\"urlTemplate\":\"https:\/\/caralticonesa.com\/?s={search_term_string}\"},\"query-input\":{\"@type\":\"PropertyValueSpecification\",\"valueRequired\":true,\"valueName\":\"search_term_string\"}}],\"inLanguage\":\"ca\"},{\"@type\":\"Person\",\"@id\":\"https:\/\/caralticonesa.com\/#\/schema\/person\/e2a2530ba1848f127c765c6f1a15c57d\",\"name\":\"caralticonesa\",\"image\":{\"@type\":\"ImageObject\",\"inLanguage\":\"ca\",\"@id\":\"https:\/\/caralticonesa.com\/#\/schema\/person\/image\/\",\"url\":\"https:\/\/secure.gravatar.com\/avatar\/2e4a45cf8c1bc95afe79519e4bb42e61?s=96&d=mm&r=g\",\"contentUrl\":\"https:\/\/secure.gravatar.com\/avatar\/2e4a45cf8c1bc95afe79519e4bb42e61?s=96&d=mm&r=g\",\"caption\":\"caralticonesa\"},\"url\":\"https:\/\/caralticonesa.com\/ca\/author\/caralticonesa\/\"}]}<\/script>\n<!-- \/ Yoast SEO plugin. -->","yoast_head_json":{"title":"ES NECESSARI QUE EL MEU LLOGATER ES FACI UNA ASSEGURAN\u00c7A? - Caralt i Conesa","robots":{"index":"index","follow":"follow","max-snippet":"max-snippet:-1","max-image-preview":"max-image-preview:large","max-video-preview":"max-video-preview:-1"},"canonical":"https:\/\/caralticonesa.com\/ca\/es-necessari-que-el-meu-llogater-es-faci-una-asseguranca\/","og_locale":"ca_ES","og_type":"article","og_title":"ES NECESSARI QUE EL MEU LLOGATER ES FACI UNA ASSEGURAN\u00c7A? - Caralt i Conesa","og_description":"Ho explicarem amb\u00a0 exemples , DOS GERMANS JUGUEN AMB LLUMINS L\u2019 any\u00a0 passat un assegurat nostre lloga una casa\u00a0 unifamiliar a\u00efllada a un bonica urbanitzaci\u00f3 [&hellip;]","og_url":"https:\/\/caralticonesa.com\/ca\/es-necessari-que-el-meu-llogater-es-faci-una-asseguranca\/","og_site_name":"Caralt i Conesa","article_published_time":"2017-02-14T12:17:09+00:00","article_modified_time":"2020-08-13T09:39:41+00:00","author":"caralticonesa","twitter_card":"summary_large_image","twitter_misc":{"Escrit per":"caralticonesa","Temps estimat de lectura":"2 minuts"},"schema":{"@context":"https:\/\/schema.org","@graph":[{"@type":"WebPage","@id":"https:\/\/caralticonesa.com\/ca\/es-necessari-que-el-meu-llogater-es-faci-una-asseguranca\/","url":"https:\/\/caralticonesa.com\/ca\/es-necessari-que-el-meu-llogater-es-faci-una-asseguranca\/","name":"ES NECESSARI QUE EL MEU LLOGATER ES FACI UNA ASSEGURAN\u00c7A? - Caralt i Conesa","isPartOf":{"@id":"https:\/\/caralticonesa.com\/#website"},"primaryImageOfPage":{"@id":"https:\/\/caralticonesa.com\/ca\/es-necessari-que-el-meu-llogater-es-faci-una-asseguranca\/#primaryimage"},"image":{"@id":"https:\/\/caralticonesa.com\/ca\/es-necessari-que-el-meu-llogater-es-faci-una-asseguranca\/#primaryimage"},"thumbnailUrl":"","datePublished":"2017-02-14T12:17:09+00:00","dateModified":"2020-08-13T09:39:41+00:00","author":{"@id":"https:\/\/caralticonesa.com\/#\/schema\/person\/e2a2530ba1848f127c765c6f1a15c57d"},"breadcrumb":{"@id":"https:\/\/caralticonesa.com\/ca\/es-necessari-que-el-meu-llogater-es-faci-una-asseguranca\/#breadcrumb"},"inLanguage":"ca","potentialAction":[{"@type":"ReadAction","target":["https:\/\/caralticonesa.com\/ca\/es-necessari-que-el-meu-llogater-es-faci-una-asseguranca\/"]}]},{"@type":"ImageObject","inLanguage":"ca","@id":"https:\/\/caralticonesa.com\/ca\/es-necessari-que-el-meu-llogater-es-faci-una-asseguranca\/#primaryimage","url":"","contentUrl":""},{"@type":"BreadcrumbList","@id":"https:\/\/caralticonesa.com\/ca\/es-necessari-que-el-meu-llogater-es-faci-una-asseguranca\/#breadcrumb","itemListElement":[{"@type":"ListItem","position":1,"name":"Portada","item":"https:\/\/caralticonesa.com\/ca\/"},{"@type":"ListItem","position":2,"name":"ES NECESSARI QUE EL MEU LLOGATER ES FACI UNA ASSEGURAN\u00c7A?"}]},{"@type":"WebSite","@id":"https:\/\/caralticonesa.com\/#website","url":"https:\/\/caralticonesa.com\/","name":"Caralt i Conesa","description":"Otro sitio realizado con WordPress","potentialAction":[{"@type":"SearchAction","target":{"@type":"EntryPoint","urlTemplate":"https:\/\/caralticonesa.com\/?s={search_term_string}"},"query-input":{"@type":"PropertyValueSpecification","valueRequired":true,"valueName":"search_term_string"}}],"inLanguage":"ca"},{"@type":"Person","@id":"https:\/\/caralticonesa.com\/#\/schema\/person\/e2a2530ba1848f127c765c6f1a15c57d","name":"caralticonesa","image":{"@type":"ImageObject","inLanguage":"ca","@id":"https:\/\/caralticonesa.com\/#\/schema\/person\/image\/","url":"https:\/\/secure.gravatar.com\/avatar\/2e4a45cf8c1bc95afe79519e4bb42e61?s=96&d=mm&r=g","contentUrl":"https:\/\/secure.gravatar.com\/avatar\/2e4a45cf8c1bc95afe79519e4bb42e61?s=96&d=mm&r=g","caption":"caralticonesa"},"url":"https:\/\/caralticonesa.com\/ca\/author\/caralticonesa\/"}]}},"_links":{"self":[{"href":"https:\/\/caralticonesa.com\/ca\/wp-json\/wp\/v2\/posts\/1570"}],"collection":[{"href":"https:\/\/caralticonesa.com\/ca\/wp-json\/wp\/v2\/posts"}],"about":[{"href":"https:\/\/caralticonesa.com\/ca\/wp-json\/wp\/v2\/types\/post"}],"author":[{"embeddable":true,"href":"https:\/\/caralticonesa.com\/ca\/wp-json\/wp\/v2\/users\/1"}],"replies":[{"embeddable":true,"href":"https:\/\/caralticonesa.com\/ca\/wp-json\/wp\/v2\/comments?post=1570"}],"version-history":[{"count":0,"href":"https:\/\/caralticonesa.com\/ca\/wp-json\/wp\/v2\/posts\/1570\/revisions"}],"wp:featuredmedia":[{"embeddable":true,"href":"https:\/\/caralticonesa.com\/ca\/wp-json\/"}],"wp:attachment":[{"href":"https:\/\/caralticonesa.com\/ca\/wp-json\/wp\/v2\/media?parent=1570"}],"wp:term":[{"taxonomy":"category","embeddable":true,"href":"https:\/\/caralticonesa.com\/ca\/wp-json\/wp\/v2\/categories?post=1570"},{"taxonomy":"post_tag","embeddable":true,"href":"https:\/\/caralticonesa.com\/ca\/wp-json\/wp\/v2\/tags?post=1570"}],"curies":[{"name":"wp","href":"https:\/\/api.w.org\/{rel}","templated":true}]}}