{"id":1555,"date":"2016-07-14T06:51:43","date_gmt":"2016-07-14T06:51:43","guid":{"rendered":"http:\/\/reflexionessobreseguros.com\/?p=968"},"modified":"2020-08-13T09:39:46","modified_gmt":"2020-08-13T09:39:46","slug":"esta-assegurada-la-terrassa-del-meu-restaurant","status":"publish","type":"post","link":"https:\/\/caralticonesa.com\/ca\/esta-assegurada-la-terrassa-del-meu-restaurant\/","title":{"rendered":"\u00bfEst\u00e0 assegurada la terrassa del meu restaurant?"},"content":{"rendered":"<p>La majoria de poliss<a href=\"http:\/\/caralticonesa.com\/wp-content\/uploads\/2020\/08\/terrassa.jpg\"><img loading=\"lazy\" decoding=\"async\" class=\"alignleft size-full wp-image-969\" src=\"http:\/\/caralticonesa.com\/wp-content\/uploads\/2020\/08\/terrassa.jpg\" alt=\"terrassa\" width=\"260\" height=\"194\" \/><\/a>a d&#8217; assegurances de danys , donen cobertura al danys de vandalisme i robatori del local.<\/p>\n<p>Pero no totes , ho fan\u00a0 sobre\u00a0 els\u00a0 bens que estan situats\u00a0 a la terassa.El motiu ser\u00e0 que les mesures de protecci\u00f3 que disposa el local (alarma , proteccions f\u00edsiques , vidres de doble capa) no est\u00e0n en la terrassa.Normalment\u00a0 en\u00a0 terrassa tindrem les\u00a0 taules\u00a0 i cadires , lligades o no , i parament de plastic resistents al\u00a0 vent , o marquessines\u00a0 construides d&#8217; elements lleugers.<\/p>\n<p>En el mercat assegurador trobarem que <strong>la majoria de companyies NO ofereixen la cobertura de robatori i vandalisme<\/strong> , per\u00f3 tampoc ho expliquen.<\/p>\n<p>Despr\u00e9s en trobarem algunes companyies concretes que ofrereixen uns l\u00edmits per\u00a0 danys vand\u00e0lics i robatori a escollir.<\/p>\n<p>La millor\u00a0 opci\u00f3 es demanar al nostre corredor d&#8217; assegurances que en la polissa inclogui la clausula seguent:<\/p>\n<p>&#8220;el establecimiento cuenta con terraza , donde quedan garantizados los da\u00f1os por robo y vandalismo con unos capitales de &#8230;.. .<\/p>\n<p>Si tot\u00a0 i aixi\u00a0 no\u00a0 us poden oferir cobertura , consulteu al vostre CORREDOR D&#8217; ASSEGURANCES.<\/p>\n<p>Marc Conesa<\/p>\n<p>&nbsp;<\/p>\n","protected":false},"excerpt":{"rendered":"<p>La majoria de polissa d&#8217; assegurances de danys , donen cobertura al danys de vandalisme i robatori del local. Pero no totes , ho fan\u00a0 [&hellip;]<\/p>\n","protected":false},"author":1,"featured_media":969,"comment_status":"open","ping_status":"open","sticky":false,"template":"","format":"standard","meta":{"footnotes":""},"categories":[],"tags":[],"class_list":["post-1555","post","type-post","status-publish","format-standard","has-post-thumbnail","hentry"],"yoast_head":"<!-- This site is optimized with the Yoast SEO plugin v24.1 - https:\/\/yoast.com\/wordpress\/plugins\/seo\/ -->\n<title>\u00bfEst\u00e0 assegurada la terrassa del meu restaurant? - Caralt i Conesa<\/title>\n<meta name=\"robots\" content=\"index, follow, max-snippet:-1, max-image-preview:large, max-video-preview:-1\" \/>\n<link rel=\"canonical\" href=\"https:\/\/caralticonesa.com\/ca\/esta-assegurada-la-terrassa-del-meu-restaurant\/\" \/>\n<meta property=\"og:locale\" content=\"ca_ES\" \/>\n<meta property=\"og:type\" content=\"article\" \/>\n<meta property=\"og:title\" content=\"\u00bfEst\u00e0 assegurada la terrassa del meu restaurant? - Caralt i Conesa\" \/>\n<meta property=\"og:description\" content=\"La majoria de polissa d&#8217; assegurances de danys , donen cobertura al danys de vandalisme i robatori del local. Pero no totes , ho fan\u00a0 [&hellip;]\" \/>\n<meta property=\"og:url\" content=\"https:\/\/caralticonesa.com\/ca\/esta-assegurada-la-terrassa-del-meu-restaurant\/\" \/>\n<meta property=\"og:site_name\" content=\"Caralt i Conesa\" \/>\n<meta property=\"article:published_time\" content=\"2016-07-14T06:51:43+00:00\" \/>\n<meta property=\"article:modified_time\" content=\"2020-08-13T09:39:46+00:00\" \/>\n<meta name=\"author\" content=\"caralticonesa\" \/>\n<meta name=\"twitter:card\" content=\"summary_large_image\" \/>\n<meta name=\"twitter:label1\" content=\"Escrit per\" \/>\n\t<meta name=\"twitter:data1\" content=\"caralticonesa\" \/>\n\t<meta name=\"twitter:label2\" content=\"Temps estimat de lectura\" \/>\n\t<meta name=\"twitter:data2\" content=\"1 minut\" \/>\n<script type=\"application\/ld+json\" class=\"yoast-schema-graph\">{\"@context\":\"https:\/\/schema.org\",\"@graph\":[{\"@type\":\"WebPage\",\"@id\":\"https:\/\/caralticonesa.com\/ca\/esta-assegurada-la-terrassa-del-meu-restaurant\/\",\"url\":\"https:\/\/caralticonesa.com\/ca\/esta-assegurada-la-terrassa-del-meu-restaurant\/\",\"name\":\"\u00bfEst\u00e0 assegurada la terrassa del meu restaurant? - Caralt i Conesa\",\"isPartOf\":{\"@id\":\"https:\/\/caralticonesa.com\/#website\"},\"primaryImageOfPage\":{\"@id\":\"https:\/\/caralticonesa.com\/ca\/esta-assegurada-la-terrassa-del-meu-restaurant\/#primaryimage\"},\"image\":{\"@id\":\"https:\/\/caralticonesa.com\/ca\/esta-assegurada-la-terrassa-del-meu-restaurant\/#primaryimage\"},\"thumbnailUrl\":\"\",\"datePublished\":\"2016-07-14T06:51:43+00:00\",\"dateModified\":\"2020-08-13T09:39:46+00:00\",\"author\":{\"@id\":\"https:\/\/caralticonesa.com\/#\/schema\/person\/e2a2530ba1848f127c765c6f1a15c57d\"},\"breadcrumb\":{\"@id\":\"https:\/\/caralticonesa.com\/ca\/esta-assegurada-la-terrassa-del-meu-restaurant\/#breadcrumb\"},\"inLanguage\":\"ca\",\"potentialAction\":[{\"@type\":\"ReadAction\",\"target\":[\"https:\/\/caralticonesa.com\/ca\/esta-assegurada-la-terrassa-del-meu-restaurant\/\"]}]},{\"@type\":\"ImageObject\",\"inLanguage\":\"ca\",\"@id\":\"https:\/\/caralticonesa.com\/ca\/esta-assegurada-la-terrassa-del-meu-restaurant\/#primaryimage\",\"url\":\"\",\"contentUrl\":\"\"},{\"@type\":\"BreadcrumbList\",\"@id\":\"https:\/\/caralticonesa.com\/ca\/esta-assegurada-la-terrassa-del-meu-restaurant\/#breadcrumb\",\"itemListElement\":[{\"@type\":\"ListItem\",\"position\":1,\"name\":\"Portada\",\"item\":\"https:\/\/caralticonesa.com\/ca\/\"},{\"@type\":\"ListItem\",\"position\":2,\"name\":\"\u00bfEst\u00e0 assegurada la terrassa del meu restaurant?\"}]},{\"@type\":\"WebSite\",\"@id\":\"https:\/\/caralticonesa.com\/#website\",\"url\":\"https:\/\/caralticonesa.com\/\",\"name\":\"Caralt i Conesa\",\"description\":\"Otro sitio realizado con WordPress\",\"potentialAction\":[{\"@type\":\"SearchAction\",\"target\":{\"@type\":\"EntryPoint\",\"urlTemplate\":\"https:\/\/caralticonesa.com\/?s={search_term_string}\"},\"query-input\":{\"@type\":\"PropertyValueSpecification\",\"valueRequired\":true,\"valueName\":\"search_term_string\"}}],\"inLanguage\":\"ca\"},{\"@type\":\"Person\",\"@id\":\"https:\/\/caralticonesa.com\/#\/schema\/person\/e2a2530ba1848f127c765c6f1a15c57d\",\"name\":\"caralticonesa\",\"image\":{\"@type\":\"ImageObject\",\"inLanguage\":\"ca\",\"@id\":\"https:\/\/caralticonesa.com\/#\/schema\/person\/image\/\",\"url\":\"https:\/\/secure.gravatar.com\/avatar\/2e4a45cf8c1bc95afe79519e4bb42e61?s=96&d=mm&r=g\",\"contentUrl\":\"https:\/\/secure.gravatar.com\/avatar\/2e4a45cf8c1bc95afe79519e4bb42e61?s=96&d=mm&r=g\",\"caption\":\"caralticonesa\"},\"url\":\"https:\/\/caralticonesa.com\/ca\/author\/caralticonesa\/\"}]}<\/script>\n<!-- \/ Yoast SEO plugin. -->","yoast_head_json":{"title":"\u00bfEst\u00e0 assegurada la terrassa del meu restaurant? - Caralt i Conesa","robots":{"index":"index","follow":"follow","max-snippet":"max-snippet:-1","max-image-preview":"max-image-preview:large","max-video-preview":"max-video-preview:-1"},"canonical":"https:\/\/caralticonesa.com\/ca\/esta-assegurada-la-terrassa-del-meu-restaurant\/","og_locale":"ca_ES","og_type":"article","og_title":"\u00bfEst\u00e0 assegurada la terrassa del meu restaurant? - Caralt i Conesa","og_description":"La majoria de polissa d&#8217; assegurances de danys , donen cobertura al danys de vandalisme i robatori del local. Pero no totes , ho fan\u00a0 [&hellip;]","og_url":"https:\/\/caralticonesa.com\/ca\/esta-assegurada-la-terrassa-del-meu-restaurant\/","og_site_name":"Caralt i Conesa","article_published_time":"2016-07-14T06:51:43+00:00","article_modified_time":"2020-08-13T09:39:46+00:00","author":"caralticonesa","twitter_card":"summary_large_image","twitter_misc":{"Escrit per":"caralticonesa","Temps estimat de lectura":"1 minut"},"schema":{"@context":"https:\/\/schema.org","@graph":[{"@type":"WebPage","@id":"https:\/\/caralticonesa.com\/ca\/esta-assegurada-la-terrassa-del-meu-restaurant\/","url":"https:\/\/caralticonesa.com\/ca\/esta-assegurada-la-terrassa-del-meu-restaurant\/","name":"\u00bfEst\u00e0 assegurada la terrassa del meu restaurant? - Caralt i Conesa","isPartOf":{"@id":"https:\/\/caralticonesa.com\/#website"},"primaryImageOfPage":{"@id":"https:\/\/caralticonesa.com\/ca\/esta-assegurada-la-terrassa-del-meu-restaurant\/#primaryimage"},"image":{"@id":"https:\/\/caralticonesa.com\/ca\/esta-assegurada-la-terrassa-del-meu-restaurant\/#primaryimage"},"thumbnailUrl":"","datePublished":"2016-07-14T06:51:43+00:00","dateModified":"2020-08-13T09:39:46+00:00","author":{"@id":"https:\/\/caralticonesa.com\/#\/schema\/person\/e2a2530ba1848f127c765c6f1a15c57d"},"breadcrumb":{"@id":"https:\/\/caralticonesa.com\/ca\/esta-assegurada-la-terrassa-del-meu-restaurant\/#breadcrumb"},"inLanguage":"ca","potentialAction":[{"@type":"ReadAction","target":["https:\/\/caralticonesa.com\/ca\/esta-assegurada-la-terrassa-del-meu-restaurant\/"]}]},{"@type":"ImageObject","inLanguage":"ca","@id":"https:\/\/caralticonesa.com\/ca\/esta-assegurada-la-terrassa-del-meu-restaurant\/#primaryimage","url":"","contentUrl":""},{"@type":"BreadcrumbList","@id":"https:\/\/caralticonesa.com\/ca\/esta-assegurada-la-terrassa-del-meu-restaurant\/#breadcrumb","itemListElement":[{"@type":"ListItem","position":1,"name":"Portada","item":"https:\/\/caralticonesa.com\/ca\/"},{"@type":"ListItem","position":2,"name":"\u00bfEst\u00e0 assegurada la terrassa del meu restaurant?"}]},{"@type":"WebSite","@id":"https:\/\/caralticonesa.com\/#website","url":"https:\/\/caralticonesa.com\/","name":"Caralt i Conesa","description":"Otro sitio realizado con WordPress","potentialAction":[{"@type":"SearchAction","target":{"@type":"EntryPoint","urlTemplate":"https:\/\/caralticonesa.com\/?s={search_term_string}"},"query-input":{"@type":"PropertyValueSpecification","valueRequired":true,"valueName":"search_term_string"}}],"inLanguage":"ca"},{"@type":"Person","@id":"https:\/\/caralticonesa.com\/#\/schema\/person\/e2a2530ba1848f127c765c6f1a15c57d","name":"caralticonesa","image":{"@type":"ImageObject","inLanguage":"ca","@id":"https:\/\/caralticonesa.com\/#\/schema\/person\/image\/","url":"https:\/\/secure.gravatar.com\/avatar\/2e4a45cf8c1bc95afe79519e4bb42e61?s=96&d=mm&r=g","contentUrl":"https:\/\/secure.gravatar.com\/avatar\/2e4a45cf8c1bc95afe79519e4bb42e61?s=96&d=mm&r=g","caption":"caralticonesa"},"url":"https:\/\/caralticonesa.com\/ca\/author\/caralticonesa\/"}]}},"_links":{"self":[{"href":"https:\/\/caralticonesa.com\/ca\/wp-json\/wp\/v2\/posts\/1555"}],"collection":[{"href":"https:\/\/caralticonesa.com\/ca\/wp-json\/wp\/v2\/posts"}],"about":[{"href":"https:\/\/caralticonesa.com\/ca\/wp-json\/wp\/v2\/types\/post"}],"author":[{"embeddable":true,"href":"https:\/\/caralticonesa.com\/ca\/wp-json\/wp\/v2\/users\/1"}],"replies":[{"embeddable":true,"href":"https:\/\/caralticonesa.com\/ca\/wp-json\/wp\/v2\/comments?post=1555"}],"version-history":[{"count":0,"href":"https:\/\/caralticonesa.com\/ca\/wp-json\/wp\/v2\/posts\/1555\/revisions"}],"wp:featuredmedia":[{"embeddable":true,"href":"https:\/\/caralticonesa.com\/ca\/wp-json\/"}],"wp:attachment":[{"href":"https:\/\/caralticonesa.com\/ca\/wp-json\/wp\/v2\/media?parent=1555"}],"wp:term":[{"taxonomy":"category","embeddable":true,"href":"https:\/\/caralticonesa.com\/ca\/wp-json\/wp\/v2\/categories?post=1555"},{"taxonomy":"post_tag","embeddable":true,"href":"https:\/\/caralticonesa.com\/ca\/wp-json\/wp\/v2\/tags?post=1555"}],"curies":[{"name":"wp","href":"https:\/\/api.w.org\/{rel}","templated":true}]}}