{"id":1552,"date":"2016-05-21T09:35:26","date_gmt":"2016-05-21T09:35:26","guid":{"rendered":"http:\/\/reflexionessobreseguros.com\/?p=956"},"modified":"2020-08-20T09:31:07","modified_gmt":"2020-08-20T09:31:07","slug":"beneficis-del-producte-de-defensa-juridica","status":"publish","type":"post","link":"https:\/\/caralticonesa.com\/ca\/beneficis-del-producte-de-defensa-juridica\/","title":{"rendered":"Caralt i Conesa explica els beneficis del   producte de defensa jur\u00eddica"},"content":{"rendered":"<p>Caralt i Conesa inici<a href=\"http:\/\/caralticonesa.com\/wp-content\/uploads\/2020\/08\/1_\u00edndice.jpg\"><img loading=\"lazy\" decoding=\"async\" class=\"alignleft size-full wp-image-958\" src=\"http:\/\/caralticonesa.com\/wp-content\/uploads\/2020\/08\/1_\u00edndice.jpg\" alt=\"\u00edndice\" width=\"275\" height=\"183\" \/><\/a>a la tasca de mostrar a tots els seus clients solucions asseguradores en l&#8217;\u00e0mbit de la defensa jur\u00eddica .On hi ha \u00a0eines molt \u00fatils per donar solucions a esdeveniments o conflictes\u00a0\u00a0 complexes com , \u00a0<strong>sorolls amb els ve\u00efns ,una reparaci\u00f3 mal feta en el nostre taller de cotxes , un accident com a vianant , una compra per internet defectuosa<\/strong> , aquest exemples i molt d\u2019 altres \u00a0\u00a0no estan resolts en una p\u00f2lissa de negoci, llar, comunitat o en qualsevol \u00a0altre p\u00f2lissa de danys.<\/p>\n<p>Aquesta soluci\u00f3 \u00a0proporciona l&#8217;ajuda des que s&#8217;inicia el conflicte , primer informant a l&#8217;assegurat de quins s\u00f3n els seus drets reals i quins han de ser els seus expectatives en una reclamaci\u00f3 judicial si escau.<\/p>\n<p>Despr\u00e9s si cal s&#8217;inicia les <strong>gestions amistoses o d&#8217;arbitratge<\/strong> per acostar posicions .<\/p>\n<p>I si no fos possible se li acompany\u00e9s en el proc\u00e9s de <strong>acci\u00f3 judicial<\/strong> \u00a0fins al final.<\/p>\n<p>Les properes setmanes per donar anirem \u201c penjant \u201c exemples de com actua una p\u00f2lissa de\u00a0 defensa jur\u00eddica ,en casos reals.<\/p>\n<p>&nbsp;<\/p>\n","protected":false},"excerpt":{"rendered":"<p>Caralt i Conesa inicia la tasca de mostrar a tots els seus clients solucions asseguradores en l&#8217;\u00e0mbit de la defensa jur\u00eddica .On hi ha \u00a0eines [&hellip;]<\/p>\n","protected":false},"author":1,"featured_media":958,"comment_status":"open","ping_status":"open","sticky":false,"template":"","format":"standard","meta":{"footnotes":""},"categories":[7],"tags":[],"class_list":["post-1552","post","type-post","status-publish","format-standard","has-post-thumbnail","hentry","category-uncategorized-ca"],"yoast_head":"<!-- This site is optimized with the Yoast SEO plugin v24.1 - https:\/\/yoast.com\/wordpress\/plugins\/seo\/ -->\n<title>Caralt i Conesa explica els beneficis del  producte de defensa jur\u00eddica - Caralt i Conesa<\/title>\n<meta name=\"robots\" content=\"index, follow, max-snippet:-1, max-image-preview:large, max-video-preview:-1\" \/>\n<link rel=\"canonical\" href=\"https:\/\/caralticonesa.com\/ca\/beneficis-del-producte-de-defensa-juridica\/\" \/>\n<meta property=\"og:locale\" content=\"ca_ES\" \/>\n<meta property=\"og:type\" content=\"article\" \/>\n<meta property=\"og:title\" content=\"Caralt i Conesa explica els beneficis del  producte de defensa jur\u00eddica - Caralt i Conesa\" \/>\n<meta property=\"og:description\" content=\"Caralt i Conesa inicia la tasca de mostrar a tots els seus clients solucions asseguradores en l&#8217;\u00e0mbit de la defensa jur\u00eddica .On hi ha \u00a0eines [&hellip;]\" \/>\n<meta property=\"og:url\" content=\"https:\/\/caralticonesa.com\/ca\/beneficis-del-producte-de-defensa-juridica\/\" \/>\n<meta property=\"og:site_name\" content=\"Caralt i Conesa\" \/>\n<meta property=\"article:published_time\" content=\"2016-05-21T09:35:26+00:00\" \/>\n<meta property=\"article:modified_time\" content=\"2020-08-20T09:31:07+00:00\" \/>\n<meta name=\"author\" content=\"caralticonesa\" \/>\n<meta name=\"twitter:card\" content=\"summary_large_image\" \/>\n<meta name=\"twitter:label1\" content=\"Escrit per\" \/>\n\t<meta name=\"twitter:data1\" content=\"caralticonesa\" \/>\n\t<meta name=\"twitter:label2\" content=\"Temps estimat de lectura\" \/>\n\t<meta name=\"twitter:data2\" content=\"1 minut\" \/>\n<script type=\"application\/ld+json\" class=\"yoast-schema-graph\">{\"@context\":\"https:\/\/schema.org\",\"@graph\":[{\"@type\":\"WebPage\",\"@id\":\"https:\/\/caralticonesa.com\/ca\/beneficis-del-producte-de-defensa-juridica\/\",\"url\":\"https:\/\/caralticonesa.com\/ca\/beneficis-del-producte-de-defensa-juridica\/\",\"name\":\"Caralt i Conesa explica els beneficis del producte de defensa jur\u00eddica - Caralt i Conesa\",\"isPartOf\":{\"@id\":\"https:\/\/caralticonesa.com\/#website\"},\"primaryImageOfPage\":{\"@id\":\"https:\/\/caralticonesa.com\/ca\/beneficis-del-producte-de-defensa-juridica\/#primaryimage\"},\"image\":{\"@id\":\"https:\/\/caralticonesa.com\/ca\/beneficis-del-producte-de-defensa-juridica\/#primaryimage\"},\"thumbnailUrl\":\"\",\"datePublished\":\"2016-05-21T09:35:26+00:00\",\"dateModified\":\"2020-08-20T09:31:07+00:00\",\"author\":{\"@id\":\"https:\/\/caralticonesa.com\/#\/schema\/person\/e2a2530ba1848f127c765c6f1a15c57d\"},\"breadcrumb\":{\"@id\":\"https:\/\/caralticonesa.com\/ca\/beneficis-del-producte-de-defensa-juridica\/#breadcrumb\"},\"inLanguage\":\"ca\",\"potentialAction\":[{\"@type\":\"ReadAction\",\"target\":[\"https:\/\/caralticonesa.com\/ca\/beneficis-del-producte-de-defensa-juridica\/\"]}]},{\"@type\":\"ImageObject\",\"inLanguage\":\"ca\",\"@id\":\"https:\/\/caralticonesa.com\/ca\/beneficis-del-producte-de-defensa-juridica\/#primaryimage\",\"url\":\"\",\"contentUrl\":\"\"},{\"@type\":\"BreadcrumbList\",\"@id\":\"https:\/\/caralticonesa.com\/ca\/beneficis-del-producte-de-defensa-juridica\/#breadcrumb\",\"itemListElement\":[{\"@type\":\"ListItem\",\"position\":1,\"name\":\"Portada\",\"item\":\"https:\/\/caralticonesa.com\/ca\/\"},{\"@type\":\"ListItem\",\"position\":2,\"name\":\"Caralt i Conesa explica els beneficis del producte de defensa jur\u00eddica\"}]},{\"@type\":\"WebSite\",\"@id\":\"https:\/\/caralticonesa.com\/#website\",\"url\":\"https:\/\/caralticonesa.com\/\",\"name\":\"Caralt i Conesa\",\"description\":\"Otro sitio realizado con WordPress\",\"potentialAction\":[{\"@type\":\"SearchAction\",\"target\":{\"@type\":\"EntryPoint\",\"urlTemplate\":\"https:\/\/caralticonesa.com\/?s={search_term_string}\"},\"query-input\":{\"@type\":\"PropertyValueSpecification\",\"valueRequired\":true,\"valueName\":\"search_term_string\"}}],\"inLanguage\":\"ca\"},{\"@type\":\"Person\",\"@id\":\"https:\/\/caralticonesa.com\/#\/schema\/person\/e2a2530ba1848f127c765c6f1a15c57d\",\"name\":\"caralticonesa\",\"image\":{\"@type\":\"ImageObject\",\"inLanguage\":\"ca\",\"@id\":\"https:\/\/caralticonesa.com\/#\/schema\/person\/image\/\",\"url\":\"https:\/\/secure.gravatar.com\/avatar\/2e4a45cf8c1bc95afe79519e4bb42e61?s=96&d=mm&r=g\",\"contentUrl\":\"https:\/\/secure.gravatar.com\/avatar\/2e4a45cf8c1bc95afe79519e4bb42e61?s=96&d=mm&r=g\",\"caption\":\"caralticonesa\"},\"url\":\"https:\/\/caralticonesa.com\/ca\/author\/caralticonesa\/\"}]}<\/script>\n<!-- \/ Yoast SEO plugin. -->","yoast_head_json":{"title":"Caralt i Conesa explica els beneficis del  producte de defensa jur\u00eddica - Caralt i Conesa","robots":{"index":"index","follow":"follow","max-snippet":"max-snippet:-1","max-image-preview":"max-image-preview:large","max-video-preview":"max-video-preview:-1"},"canonical":"https:\/\/caralticonesa.com\/ca\/beneficis-del-producte-de-defensa-juridica\/","og_locale":"ca_ES","og_type":"article","og_title":"Caralt i Conesa explica els beneficis del  producte de defensa jur\u00eddica - Caralt i Conesa","og_description":"Caralt i Conesa inicia la tasca de mostrar a tots els seus clients solucions asseguradores en l&#8217;\u00e0mbit de la defensa jur\u00eddica .On hi ha \u00a0eines [&hellip;]","og_url":"https:\/\/caralticonesa.com\/ca\/beneficis-del-producte-de-defensa-juridica\/","og_site_name":"Caralt i Conesa","article_published_time":"2016-05-21T09:35:26+00:00","article_modified_time":"2020-08-20T09:31:07+00:00","author":"caralticonesa","twitter_card":"summary_large_image","twitter_misc":{"Escrit per":"caralticonesa","Temps estimat de lectura":"1 minut"},"schema":{"@context":"https:\/\/schema.org","@graph":[{"@type":"WebPage","@id":"https:\/\/caralticonesa.com\/ca\/beneficis-del-producte-de-defensa-juridica\/","url":"https:\/\/caralticonesa.com\/ca\/beneficis-del-producte-de-defensa-juridica\/","name":"Caralt i Conesa explica els beneficis del producte de defensa jur\u00eddica - Caralt i Conesa","isPartOf":{"@id":"https:\/\/caralticonesa.com\/#website"},"primaryImageOfPage":{"@id":"https:\/\/caralticonesa.com\/ca\/beneficis-del-producte-de-defensa-juridica\/#primaryimage"},"image":{"@id":"https:\/\/caralticonesa.com\/ca\/beneficis-del-producte-de-defensa-juridica\/#primaryimage"},"thumbnailUrl":"","datePublished":"2016-05-21T09:35:26+00:00","dateModified":"2020-08-20T09:31:07+00:00","author":{"@id":"https:\/\/caralticonesa.com\/#\/schema\/person\/e2a2530ba1848f127c765c6f1a15c57d"},"breadcrumb":{"@id":"https:\/\/caralticonesa.com\/ca\/beneficis-del-producte-de-defensa-juridica\/#breadcrumb"},"inLanguage":"ca","potentialAction":[{"@type":"ReadAction","target":["https:\/\/caralticonesa.com\/ca\/beneficis-del-producte-de-defensa-juridica\/"]}]},{"@type":"ImageObject","inLanguage":"ca","@id":"https:\/\/caralticonesa.com\/ca\/beneficis-del-producte-de-defensa-juridica\/#primaryimage","url":"","contentUrl":""},{"@type":"BreadcrumbList","@id":"https:\/\/caralticonesa.com\/ca\/beneficis-del-producte-de-defensa-juridica\/#breadcrumb","itemListElement":[{"@type":"ListItem","position":1,"name":"Portada","item":"https:\/\/caralticonesa.com\/ca\/"},{"@type":"ListItem","position":2,"name":"Caralt i Conesa explica els beneficis del producte de defensa jur\u00eddica"}]},{"@type":"WebSite","@id":"https:\/\/caralticonesa.com\/#website","url":"https:\/\/caralticonesa.com\/","name":"Caralt i Conesa","description":"Otro sitio realizado con WordPress","potentialAction":[{"@type":"SearchAction","target":{"@type":"EntryPoint","urlTemplate":"https:\/\/caralticonesa.com\/?s={search_term_string}"},"query-input":{"@type":"PropertyValueSpecification","valueRequired":true,"valueName":"search_term_string"}}],"inLanguage":"ca"},{"@type":"Person","@id":"https:\/\/caralticonesa.com\/#\/schema\/person\/e2a2530ba1848f127c765c6f1a15c57d","name":"caralticonesa","image":{"@type":"ImageObject","inLanguage":"ca","@id":"https:\/\/caralticonesa.com\/#\/schema\/person\/image\/","url":"https:\/\/secure.gravatar.com\/avatar\/2e4a45cf8c1bc95afe79519e4bb42e61?s=96&d=mm&r=g","contentUrl":"https:\/\/secure.gravatar.com\/avatar\/2e4a45cf8c1bc95afe79519e4bb42e61?s=96&d=mm&r=g","caption":"caralticonesa"},"url":"https:\/\/caralticonesa.com\/ca\/author\/caralticonesa\/"}]}},"_links":{"self":[{"href":"https:\/\/caralticonesa.com\/ca\/wp-json\/wp\/v2\/posts\/1552"}],"collection":[{"href":"https:\/\/caralticonesa.com\/ca\/wp-json\/wp\/v2\/posts"}],"about":[{"href":"https:\/\/caralticonesa.com\/ca\/wp-json\/wp\/v2\/types\/post"}],"author":[{"embeddable":true,"href":"https:\/\/caralticonesa.com\/ca\/wp-json\/wp\/v2\/users\/1"}],"replies":[{"embeddable":true,"href":"https:\/\/caralticonesa.com\/ca\/wp-json\/wp\/v2\/comments?post=1552"}],"version-history":[{"count":0,"href":"https:\/\/caralticonesa.com\/ca\/wp-json\/wp\/v2\/posts\/1552\/revisions"}],"wp:featuredmedia":[{"embeddable":true,"href":"https:\/\/caralticonesa.com\/ca\/wp-json\/"}],"wp:attachment":[{"href":"https:\/\/caralticonesa.com\/ca\/wp-json\/wp\/v2\/media?parent=1552"}],"wp:term":[{"taxonomy":"category","embeddable":true,"href":"https:\/\/caralticonesa.com\/ca\/wp-json\/wp\/v2\/categories?post=1552"},{"taxonomy":"post_tag","embeddable":true,"href":"https:\/\/caralticonesa.com\/ca\/wp-json\/wp\/v2\/tags?post=1552"}],"curies":[{"name":"wp","href":"https:\/\/api.w.org\/{rel}","templated":true}]}}