{"id":1547,"date":"2016-03-08T18:34:21","date_gmt":"2016-03-08T18:34:21","guid":{"rendered":"http:\/\/reflexionessobreseguros.com\/?p=900"},"modified":"2020-08-13T09:40:26","modified_gmt":"2020-08-13T09:40:26","slug":"modificacio-del-barem-limits-de-responsabilitat-civil","status":"publish","type":"post","link":"https:\/\/caralticonesa.com\/ca\/modificacio-del-barem-limits-de-responsabilitat-civil\/","title":{"rendered":"MODIFICACI\u00d3 DEL BAREM -LIMITS DE RESPONSABILITAT CIVIL"},"content":{"rendered":"<p><a href=\"http:\/\/caralticonesa.com\/wp-content\/uploads\/2020\/08\/14.jpg\" rel=\"attachment wp-att-904\"><img loading=\"lazy\" decoding=\"async\" class=\"alignleft size-full wp-image-904\" src=\"http:\/\/caralticonesa.com\/wp-content\/uploads\/2020\/08\/14.jpg\" alt=\"14\" width=\"284\" height=\"158\" \/><\/a>Aquest 2016 ha entrat en vigor el Projecte de llei pel qual es revisa el barem de lesions per accidents aix\u00f2 suposar\u00e0:<br \/>\n<strong>-Increment de m\u00e9s de 50% indemnitzacions per defunci\u00f3.<\/strong><br \/>\n<strong>-Increment de m\u00e9s de 35% indemnitzacions per seq\u00fceles.<\/strong><br \/>\nA m\u00e9s de prestacions complement\u00e0ries com actualitzaci\u00f3 de p\u00e8rdua del guany leg\u00edtima per part de la v\u00edctima, augment de les indemnitzacions en lesions lleus.<br \/>\nPer tot aix\u00f2 recomanem<br \/>\nRegularitzar els capitals de responsabilitat civil en l&#8217;apartat de sublimit per v\u00edctima, ja que solen estar extremadament baixos. La majoria de contractes est\u00e0ndard trobessin estan amb subl\u00edmits per v\u00edctima de 90.000 \u20ac o 120.000 \u20ac, quan per afrontar una sinistre, amb la nova normativa podria ser necessari un capital m\u00ednim de 150.000 a 200.000 \u20ac i aix\u00f2 significaria que la difer\u00e8ncia l&#8217;hauria de pagar l&#8217;empresa .<\/p>\n<p>Per pament <strong>recomanem com a m\u00ednim que s&#8217;actualitzin<\/strong><br \/>\n<strong> Subl\u00edmit <em>PER V\u00cdCTIMA PATRONAL a un m\u00ednim de 300.000 \u20ac<\/em><\/strong>.<\/p>\n<p>I en cas de dupte consulteu a el VOSTRE CORREDOR D\u2019 ASSEGURANCES<\/p>\n<p>&nbsp;<\/p>\n<p>Marc Conesa<\/p>\n","protected":false},"excerpt":{"rendered":"<p>Aquest 2016 ha entrat en vigor el Projecte de llei pel qual es revisa el barem de lesions per accidents aix\u00f2 suposar\u00e0: -Increment de m\u00e9s [&hellip;]<\/p>\n","protected":false},"author":1,"featured_media":904,"comment_status":"open","ping_status":"open","sticky":false,"template":"","format":"standard","meta":{"footnotes":""},"categories":[],"tags":[],"class_list":["post-1547","post","type-post","status-publish","format-standard","has-post-thumbnail","hentry"],"yoast_head":"<!-- This site is optimized with the Yoast SEO plugin v24.1 - https:\/\/yoast.com\/wordpress\/plugins\/seo\/ -->\n<title>MODIFICACI\u00d3 DEL BAREM -LIMITS DE RESPONSABILITAT CIVIL - Caralt i Conesa<\/title>\n<meta name=\"robots\" content=\"index, follow, max-snippet:-1, max-image-preview:large, max-video-preview:-1\" \/>\n<link rel=\"canonical\" href=\"https:\/\/caralticonesa.com\/ca\/modificacio-del-barem-limits-de-responsabilitat-civil\/\" \/>\n<meta property=\"og:locale\" content=\"ca_ES\" \/>\n<meta property=\"og:type\" content=\"article\" \/>\n<meta property=\"og:title\" content=\"MODIFICACI\u00d3 DEL BAREM -LIMITS DE RESPONSABILITAT CIVIL - Caralt i Conesa\" \/>\n<meta property=\"og:description\" content=\"Aquest 2016 ha entrat en vigor el Projecte de llei pel qual es revisa el barem de lesions per accidents aix\u00f2 suposar\u00e0: -Increment de m\u00e9s [&hellip;]\" \/>\n<meta property=\"og:url\" content=\"https:\/\/caralticonesa.com\/ca\/modificacio-del-barem-limits-de-responsabilitat-civil\/\" \/>\n<meta property=\"og:site_name\" content=\"Caralt i Conesa\" \/>\n<meta property=\"article:published_time\" content=\"2016-03-08T18:34:21+00:00\" \/>\n<meta property=\"article:modified_time\" content=\"2020-08-13T09:40:26+00:00\" \/>\n<meta name=\"author\" content=\"caralticonesa\" \/>\n<meta name=\"twitter:card\" content=\"summary_large_image\" \/>\n<meta name=\"twitter:label1\" content=\"Escrit per\" \/>\n\t<meta name=\"twitter:data1\" content=\"caralticonesa\" \/>\n\t<meta name=\"twitter:label2\" content=\"Temps estimat de lectura\" \/>\n\t<meta name=\"twitter:data2\" content=\"1 minut\" \/>\n<script type=\"application\/ld+json\" class=\"yoast-schema-graph\">{\"@context\":\"https:\/\/schema.org\",\"@graph\":[{\"@type\":\"WebPage\",\"@id\":\"https:\/\/caralticonesa.com\/ca\/modificacio-del-barem-limits-de-responsabilitat-civil\/\",\"url\":\"https:\/\/caralticonesa.com\/ca\/modificacio-del-barem-limits-de-responsabilitat-civil\/\",\"name\":\"MODIFICACI\u00d3 DEL BAREM -LIMITS DE RESPONSABILITAT CIVIL - Caralt i Conesa\",\"isPartOf\":{\"@id\":\"https:\/\/caralticonesa.com\/#website\"},\"primaryImageOfPage\":{\"@id\":\"https:\/\/caralticonesa.com\/ca\/modificacio-del-barem-limits-de-responsabilitat-civil\/#primaryimage\"},\"image\":{\"@id\":\"https:\/\/caralticonesa.com\/ca\/modificacio-del-barem-limits-de-responsabilitat-civil\/#primaryimage\"},\"thumbnailUrl\":\"\",\"datePublished\":\"2016-03-08T18:34:21+00:00\",\"dateModified\":\"2020-08-13T09:40:26+00:00\",\"author\":{\"@id\":\"https:\/\/caralticonesa.com\/#\/schema\/person\/e2a2530ba1848f127c765c6f1a15c57d\"},\"breadcrumb\":{\"@id\":\"https:\/\/caralticonesa.com\/ca\/modificacio-del-barem-limits-de-responsabilitat-civil\/#breadcrumb\"},\"inLanguage\":\"ca\",\"potentialAction\":[{\"@type\":\"ReadAction\",\"target\":[\"https:\/\/caralticonesa.com\/ca\/modificacio-del-barem-limits-de-responsabilitat-civil\/\"]}]},{\"@type\":\"ImageObject\",\"inLanguage\":\"ca\",\"@id\":\"https:\/\/caralticonesa.com\/ca\/modificacio-del-barem-limits-de-responsabilitat-civil\/#primaryimage\",\"url\":\"\",\"contentUrl\":\"\"},{\"@type\":\"BreadcrumbList\",\"@id\":\"https:\/\/caralticonesa.com\/ca\/modificacio-del-barem-limits-de-responsabilitat-civil\/#breadcrumb\",\"itemListElement\":[{\"@type\":\"ListItem\",\"position\":1,\"name\":\"Portada\",\"item\":\"https:\/\/caralticonesa.com\/ca\/\"},{\"@type\":\"ListItem\",\"position\":2,\"name\":\"MODIFICACI\u00d3 DEL BAREM -LIMITS DE RESPONSABILITAT CIVIL\"}]},{\"@type\":\"WebSite\",\"@id\":\"https:\/\/caralticonesa.com\/#website\",\"url\":\"https:\/\/caralticonesa.com\/\",\"name\":\"Caralt i Conesa\",\"description\":\"Otro sitio realizado con WordPress\",\"potentialAction\":[{\"@type\":\"SearchAction\",\"target\":{\"@type\":\"EntryPoint\",\"urlTemplate\":\"https:\/\/caralticonesa.com\/?s={search_term_string}\"},\"query-input\":{\"@type\":\"PropertyValueSpecification\",\"valueRequired\":true,\"valueName\":\"search_term_string\"}}],\"inLanguage\":\"ca\"},{\"@type\":\"Person\",\"@id\":\"https:\/\/caralticonesa.com\/#\/schema\/person\/e2a2530ba1848f127c765c6f1a15c57d\",\"name\":\"caralticonesa\",\"image\":{\"@type\":\"ImageObject\",\"inLanguage\":\"ca\",\"@id\":\"https:\/\/caralticonesa.com\/#\/schema\/person\/image\/\",\"url\":\"https:\/\/secure.gravatar.com\/avatar\/2e4a45cf8c1bc95afe79519e4bb42e61?s=96&d=mm&r=g\",\"contentUrl\":\"https:\/\/secure.gravatar.com\/avatar\/2e4a45cf8c1bc95afe79519e4bb42e61?s=96&d=mm&r=g\",\"caption\":\"caralticonesa\"},\"url\":\"https:\/\/caralticonesa.com\/ca\/author\/caralticonesa\/\"}]}<\/script>\n<!-- \/ Yoast SEO plugin. -->","yoast_head_json":{"title":"MODIFICACI\u00d3 DEL BAREM -LIMITS DE RESPONSABILITAT CIVIL - Caralt i Conesa","robots":{"index":"index","follow":"follow","max-snippet":"max-snippet:-1","max-image-preview":"max-image-preview:large","max-video-preview":"max-video-preview:-1"},"canonical":"https:\/\/caralticonesa.com\/ca\/modificacio-del-barem-limits-de-responsabilitat-civil\/","og_locale":"ca_ES","og_type":"article","og_title":"MODIFICACI\u00d3 DEL BAREM -LIMITS DE RESPONSABILITAT CIVIL - Caralt i Conesa","og_description":"Aquest 2016 ha entrat en vigor el Projecte de llei pel qual es revisa el barem de lesions per accidents aix\u00f2 suposar\u00e0: -Increment de m\u00e9s [&hellip;]","og_url":"https:\/\/caralticonesa.com\/ca\/modificacio-del-barem-limits-de-responsabilitat-civil\/","og_site_name":"Caralt i Conesa","article_published_time":"2016-03-08T18:34:21+00:00","article_modified_time":"2020-08-13T09:40:26+00:00","author":"caralticonesa","twitter_card":"summary_large_image","twitter_misc":{"Escrit per":"caralticonesa","Temps estimat de lectura":"1 minut"},"schema":{"@context":"https:\/\/schema.org","@graph":[{"@type":"WebPage","@id":"https:\/\/caralticonesa.com\/ca\/modificacio-del-barem-limits-de-responsabilitat-civil\/","url":"https:\/\/caralticonesa.com\/ca\/modificacio-del-barem-limits-de-responsabilitat-civil\/","name":"MODIFICACI\u00d3 DEL BAREM -LIMITS DE RESPONSABILITAT CIVIL - Caralt i Conesa","isPartOf":{"@id":"https:\/\/caralticonesa.com\/#website"},"primaryImageOfPage":{"@id":"https:\/\/caralticonesa.com\/ca\/modificacio-del-barem-limits-de-responsabilitat-civil\/#primaryimage"},"image":{"@id":"https:\/\/caralticonesa.com\/ca\/modificacio-del-barem-limits-de-responsabilitat-civil\/#primaryimage"},"thumbnailUrl":"","datePublished":"2016-03-08T18:34:21+00:00","dateModified":"2020-08-13T09:40:26+00:00","author":{"@id":"https:\/\/caralticonesa.com\/#\/schema\/person\/e2a2530ba1848f127c765c6f1a15c57d"},"breadcrumb":{"@id":"https:\/\/caralticonesa.com\/ca\/modificacio-del-barem-limits-de-responsabilitat-civil\/#breadcrumb"},"inLanguage":"ca","potentialAction":[{"@type":"ReadAction","target":["https:\/\/caralticonesa.com\/ca\/modificacio-del-barem-limits-de-responsabilitat-civil\/"]}]},{"@type":"ImageObject","inLanguage":"ca","@id":"https:\/\/caralticonesa.com\/ca\/modificacio-del-barem-limits-de-responsabilitat-civil\/#primaryimage","url":"","contentUrl":""},{"@type":"BreadcrumbList","@id":"https:\/\/caralticonesa.com\/ca\/modificacio-del-barem-limits-de-responsabilitat-civil\/#breadcrumb","itemListElement":[{"@type":"ListItem","position":1,"name":"Portada","item":"https:\/\/caralticonesa.com\/ca\/"},{"@type":"ListItem","position":2,"name":"MODIFICACI\u00d3 DEL BAREM -LIMITS DE RESPONSABILITAT CIVIL"}]},{"@type":"WebSite","@id":"https:\/\/caralticonesa.com\/#website","url":"https:\/\/caralticonesa.com\/","name":"Caralt i Conesa","description":"Otro sitio realizado con WordPress","potentialAction":[{"@type":"SearchAction","target":{"@type":"EntryPoint","urlTemplate":"https:\/\/caralticonesa.com\/?s={search_term_string}"},"query-input":{"@type":"PropertyValueSpecification","valueRequired":true,"valueName":"search_term_string"}}],"inLanguage":"ca"},{"@type":"Person","@id":"https:\/\/caralticonesa.com\/#\/schema\/person\/e2a2530ba1848f127c765c6f1a15c57d","name":"caralticonesa","image":{"@type":"ImageObject","inLanguage":"ca","@id":"https:\/\/caralticonesa.com\/#\/schema\/person\/image\/","url":"https:\/\/secure.gravatar.com\/avatar\/2e4a45cf8c1bc95afe79519e4bb42e61?s=96&d=mm&r=g","contentUrl":"https:\/\/secure.gravatar.com\/avatar\/2e4a45cf8c1bc95afe79519e4bb42e61?s=96&d=mm&r=g","caption":"caralticonesa"},"url":"https:\/\/caralticonesa.com\/ca\/author\/caralticonesa\/"}]}},"_links":{"self":[{"href":"https:\/\/caralticonesa.com\/ca\/wp-json\/wp\/v2\/posts\/1547"}],"collection":[{"href":"https:\/\/caralticonesa.com\/ca\/wp-json\/wp\/v2\/posts"}],"about":[{"href":"https:\/\/caralticonesa.com\/ca\/wp-json\/wp\/v2\/types\/post"}],"author":[{"embeddable":true,"href":"https:\/\/caralticonesa.com\/ca\/wp-json\/wp\/v2\/users\/1"}],"replies":[{"embeddable":true,"href":"https:\/\/caralticonesa.com\/ca\/wp-json\/wp\/v2\/comments?post=1547"}],"version-history":[{"count":0,"href":"https:\/\/caralticonesa.com\/ca\/wp-json\/wp\/v2\/posts\/1547\/revisions"}],"wp:featuredmedia":[{"embeddable":true,"href":"https:\/\/caralticonesa.com\/ca\/wp-json\/"}],"wp:attachment":[{"href":"https:\/\/caralticonesa.com\/ca\/wp-json\/wp\/v2\/media?parent=1547"}],"wp:term":[{"taxonomy":"category","embeddable":true,"href":"https:\/\/caralticonesa.com\/ca\/wp-json\/wp\/v2\/categories?post=1547"},{"taxonomy":"post_tag","embeddable":true,"href":"https:\/\/caralticonesa.com\/ca\/wp-json\/wp\/v2\/tags?post=1547"}],"curies":[{"name":"wp","href":"https:\/\/api.w.org\/{rel}","templated":true}]}}