{"id":1529,"date":"2015-12-20T19:14:30","date_gmt":"2015-12-20T19:14:30","guid":{"rendered":"http:\/\/reflexionessobreseguros.com\/?p=820"},"modified":"2020-08-20T09:25:20","modified_gmt":"2020-08-20T09:25:20","slug":"utilitzar-programes-informatics-il-legals","status":"publish","type":"post","link":"https:\/\/caralticonesa.com\/ca\/utilitzar-programes-informatics-il-legals\/","title":{"rendered":"\u00bf\u00bfQue pot passar amb  un  programari  informatic il.legal??"},"content":{"rendered":"<p>La nova reforma del Codi Penal t&#8217;afecta si utilitzes programari il\u00b7legal<a href=\"http:\/\/reflexionessobreseguros.com\/wp-content\/uploads\/2015\/12\/1.jpg\" rel=\"attachment wp-att-821\"><img loading=\"lazy\" decoding=\"async\" class=\"alignleft size-medium wp-image-821\" src=\"http:\/\/caralticonesa.com\/wp-content\/uploads\/2020\/08\/1-300x145.jpg\" alt=\"1\" width=\"300\" height=\"145\" \/><\/a><br \/>\nAmb la recent reforma del nou Codi Penal (articles 270,271, 274 del Codi Penal), en vigor des del passat 1 de Juliol, les empreses que utilitzin programari pirata podran veure com se&#8217;ls suspenen activitats per per\u00edodes de fins a cinc anys per tals pr\u00e0ctiques.<br \/>\n\u00c9s m\u00e9s, depenent de l&#8217;entitat del programari utilitzat, podria produir-se la dissoluci\u00f3 de la companyia, suposant la fi de la seva activitat empresarial. D&#8217;igual manera es preveuen tamb\u00e9 condemnes per a l&#8217;empresa responsable de ser exclosa de subvencions i ajudes p\u00fabliques per un m\u00e0xim de fins a quinze anys.<br \/>\nI si l&#8217;anterior afecta de ple a l&#8217;empresa, tamb\u00e9 els seus administradors podran veure com el Codi Penal els apunta directament. No en va, aquests podran ser sancionats amb penes de fins a quatre anys de pres\u00f3 i amb multes econ\u00f2miques equivalents a les de les persones jur\u00eddiques.<br \/>\nEs recomana que feu una revisi\u00f3 del software que utilitza la vostra empresa, si trob\u00e9ssiu algun programa sense llicencia disposeu de dues opcions, comprar la llic\u00e8ncia corresponent el m\u00e9s aviat possible o substituir el programa per alguna opci\u00f3 \u201clliure\u201d (programes d\u2019\u00fas gratu\u00eft).<\/p>\n<p>Fuente:<strong>Jed Inform\u00e0tica<\/strong><\/p>\n","protected":false},"excerpt":{"rendered":"<p>La nova reforma del Codi Penal t&#8217;afecta si utilitzes programari il\u00b7legal Amb la recent reforma del nou Codi Penal (articles 270,271, 274 del Codi Penal), [&hellip;]<\/p>\n","protected":false},"author":1,"featured_media":821,"comment_status":"open","ping_status":"open","sticky":false,"template":"","format":"standard","meta":{"footnotes":""},"categories":[7],"tags":[],"class_list":["post-1529","post","type-post","status-publish","format-standard","has-post-thumbnail","hentry","category-uncategorized-ca"],"yoast_head":"<!-- This site is optimized with the Yoast SEO plugin v24.1 - https:\/\/yoast.com\/wordpress\/plugins\/seo\/ -->\n<title>\u00bf\u00bfQue pot passar amb un programari informatic il.legal?? - Caralt i Conesa<\/title>\n<meta name=\"robots\" content=\"index, follow, max-snippet:-1, max-image-preview:large, max-video-preview:-1\" \/>\n<link rel=\"canonical\" href=\"https:\/\/caralticonesa.com\/ca\/utilitzar-programes-informatics-il-legals\/\" \/>\n<meta property=\"og:locale\" content=\"ca_ES\" \/>\n<meta property=\"og:type\" content=\"article\" \/>\n<meta property=\"og:title\" content=\"\u00bf\u00bfQue pot passar amb un programari informatic il.legal?? - Caralt i Conesa\" \/>\n<meta property=\"og:description\" content=\"La nova reforma del Codi Penal t&#8217;afecta si utilitzes programari il\u00b7legal Amb la recent reforma del nou Codi Penal (articles 270,271, 274 del Codi Penal), [&hellip;]\" \/>\n<meta property=\"og:url\" content=\"https:\/\/caralticonesa.com\/ca\/utilitzar-programes-informatics-il-legals\/\" \/>\n<meta property=\"og:site_name\" content=\"Caralt i Conesa\" \/>\n<meta property=\"article:published_time\" content=\"2015-12-20T19:14:30+00:00\" \/>\n<meta property=\"article:modified_time\" content=\"2020-08-20T09:25:20+00:00\" \/>\n<meta name=\"author\" content=\"caralticonesa\" \/>\n<meta name=\"twitter:card\" content=\"summary_large_image\" \/>\n<meta name=\"twitter:label1\" content=\"Escrit per\" \/>\n\t<meta name=\"twitter:data1\" content=\"caralticonesa\" \/>\n\t<meta name=\"twitter:label2\" content=\"Temps estimat de lectura\" \/>\n\t<meta name=\"twitter:data2\" content=\"1 minut\" \/>\n<script type=\"application\/ld+json\" class=\"yoast-schema-graph\">{\"@context\":\"https:\/\/schema.org\",\"@graph\":[{\"@type\":\"WebPage\",\"@id\":\"https:\/\/caralticonesa.com\/ca\/utilitzar-programes-informatics-il-legals\/\",\"url\":\"https:\/\/caralticonesa.com\/ca\/utilitzar-programes-informatics-il-legals\/\",\"name\":\"\u00bf\u00bfQue pot passar amb un programari informatic il.legal?? - Caralt i Conesa\",\"isPartOf\":{\"@id\":\"https:\/\/caralticonesa.com\/#website\"},\"primaryImageOfPage\":{\"@id\":\"https:\/\/caralticonesa.com\/ca\/utilitzar-programes-informatics-il-legals\/#primaryimage\"},\"image\":{\"@id\":\"https:\/\/caralticonesa.com\/ca\/utilitzar-programes-informatics-il-legals\/#primaryimage\"},\"thumbnailUrl\":\"\",\"datePublished\":\"2015-12-20T19:14:30+00:00\",\"dateModified\":\"2020-08-20T09:25:20+00:00\",\"author\":{\"@id\":\"https:\/\/caralticonesa.com\/#\/schema\/person\/e2a2530ba1848f127c765c6f1a15c57d\"},\"breadcrumb\":{\"@id\":\"https:\/\/caralticonesa.com\/ca\/utilitzar-programes-informatics-il-legals\/#breadcrumb\"},\"inLanguage\":\"ca\",\"potentialAction\":[{\"@type\":\"ReadAction\",\"target\":[\"https:\/\/caralticonesa.com\/ca\/utilitzar-programes-informatics-il-legals\/\"]}]},{\"@type\":\"ImageObject\",\"inLanguage\":\"ca\",\"@id\":\"https:\/\/caralticonesa.com\/ca\/utilitzar-programes-informatics-il-legals\/#primaryimage\",\"url\":\"\",\"contentUrl\":\"\"},{\"@type\":\"BreadcrumbList\",\"@id\":\"https:\/\/caralticonesa.com\/ca\/utilitzar-programes-informatics-il-legals\/#breadcrumb\",\"itemListElement\":[{\"@type\":\"ListItem\",\"position\":1,\"name\":\"Portada\",\"item\":\"https:\/\/caralticonesa.com\/ca\/\"},{\"@type\":\"ListItem\",\"position\":2,\"name\":\"\u00bf\u00bfQue pot passar amb un programari informatic il.legal??\"}]},{\"@type\":\"WebSite\",\"@id\":\"https:\/\/caralticonesa.com\/#website\",\"url\":\"https:\/\/caralticonesa.com\/\",\"name\":\"Caralt i Conesa\",\"description\":\"Otro sitio realizado con WordPress\",\"potentialAction\":[{\"@type\":\"SearchAction\",\"target\":{\"@type\":\"EntryPoint\",\"urlTemplate\":\"https:\/\/caralticonesa.com\/?s={search_term_string}\"},\"query-input\":{\"@type\":\"PropertyValueSpecification\",\"valueRequired\":true,\"valueName\":\"search_term_string\"}}],\"inLanguage\":\"ca\"},{\"@type\":\"Person\",\"@id\":\"https:\/\/caralticonesa.com\/#\/schema\/person\/e2a2530ba1848f127c765c6f1a15c57d\",\"name\":\"caralticonesa\",\"image\":{\"@type\":\"ImageObject\",\"inLanguage\":\"ca\",\"@id\":\"https:\/\/caralticonesa.com\/#\/schema\/person\/image\/\",\"url\":\"https:\/\/secure.gravatar.com\/avatar\/2e4a45cf8c1bc95afe79519e4bb42e61?s=96&d=mm&r=g\",\"contentUrl\":\"https:\/\/secure.gravatar.com\/avatar\/2e4a45cf8c1bc95afe79519e4bb42e61?s=96&d=mm&r=g\",\"caption\":\"caralticonesa\"},\"url\":\"https:\/\/caralticonesa.com\/ca\/author\/caralticonesa\/\"}]}<\/script>\n<!-- \/ Yoast SEO plugin. -->","yoast_head_json":{"title":"\u00bf\u00bfQue pot passar amb un programari informatic il.legal?? - Caralt i Conesa","robots":{"index":"index","follow":"follow","max-snippet":"max-snippet:-1","max-image-preview":"max-image-preview:large","max-video-preview":"max-video-preview:-1"},"canonical":"https:\/\/caralticonesa.com\/ca\/utilitzar-programes-informatics-il-legals\/","og_locale":"ca_ES","og_type":"article","og_title":"\u00bf\u00bfQue pot passar amb un programari informatic il.legal?? - Caralt i Conesa","og_description":"La nova reforma del Codi Penal t&#8217;afecta si utilitzes programari il\u00b7legal Amb la recent reforma del nou Codi Penal (articles 270,271, 274 del Codi Penal), [&hellip;]","og_url":"https:\/\/caralticonesa.com\/ca\/utilitzar-programes-informatics-il-legals\/","og_site_name":"Caralt i Conesa","article_published_time":"2015-12-20T19:14:30+00:00","article_modified_time":"2020-08-20T09:25:20+00:00","author":"caralticonesa","twitter_card":"summary_large_image","twitter_misc":{"Escrit per":"caralticonesa","Temps estimat de lectura":"1 minut"},"schema":{"@context":"https:\/\/schema.org","@graph":[{"@type":"WebPage","@id":"https:\/\/caralticonesa.com\/ca\/utilitzar-programes-informatics-il-legals\/","url":"https:\/\/caralticonesa.com\/ca\/utilitzar-programes-informatics-il-legals\/","name":"\u00bf\u00bfQue pot passar amb un programari informatic il.legal?? - Caralt i Conesa","isPartOf":{"@id":"https:\/\/caralticonesa.com\/#website"},"primaryImageOfPage":{"@id":"https:\/\/caralticonesa.com\/ca\/utilitzar-programes-informatics-il-legals\/#primaryimage"},"image":{"@id":"https:\/\/caralticonesa.com\/ca\/utilitzar-programes-informatics-il-legals\/#primaryimage"},"thumbnailUrl":"","datePublished":"2015-12-20T19:14:30+00:00","dateModified":"2020-08-20T09:25:20+00:00","author":{"@id":"https:\/\/caralticonesa.com\/#\/schema\/person\/e2a2530ba1848f127c765c6f1a15c57d"},"breadcrumb":{"@id":"https:\/\/caralticonesa.com\/ca\/utilitzar-programes-informatics-il-legals\/#breadcrumb"},"inLanguage":"ca","potentialAction":[{"@type":"ReadAction","target":["https:\/\/caralticonesa.com\/ca\/utilitzar-programes-informatics-il-legals\/"]}]},{"@type":"ImageObject","inLanguage":"ca","@id":"https:\/\/caralticonesa.com\/ca\/utilitzar-programes-informatics-il-legals\/#primaryimage","url":"","contentUrl":""},{"@type":"BreadcrumbList","@id":"https:\/\/caralticonesa.com\/ca\/utilitzar-programes-informatics-il-legals\/#breadcrumb","itemListElement":[{"@type":"ListItem","position":1,"name":"Portada","item":"https:\/\/caralticonesa.com\/ca\/"},{"@type":"ListItem","position":2,"name":"\u00bf\u00bfQue pot passar amb un programari informatic il.legal??"}]},{"@type":"WebSite","@id":"https:\/\/caralticonesa.com\/#website","url":"https:\/\/caralticonesa.com\/","name":"Caralt i Conesa","description":"Otro sitio realizado con WordPress","potentialAction":[{"@type":"SearchAction","target":{"@type":"EntryPoint","urlTemplate":"https:\/\/caralticonesa.com\/?s={search_term_string}"},"query-input":{"@type":"PropertyValueSpecification","valueRequired":true,"valueName":"search_term_string"}}],"inLanguage":"ca"},{"@type":"Person","@id":"https:\/\/caralticonesa.com\/#\/schema\/person\/e2a2530ba1848f127c765c6f1a15c57d","name":"caralticonesa","image":{"@type":"ImageObject","inLanguage":"ca","@id":"https:\/\/caralticonesa.com\/#\/schema\/person\/image\/","url":"https:\/\/secure.gravatar.com\/avatar\/2e4a45cf8c1bc95afe79519e4bb42e61?s=96&d=mm&r=g","contentUrl":"https:\/\/secure.gravatar.com\/avatar\/2e4a45cf8c1bc95afe79519e4bb42e61?s=96&d=mm&r=g","caption":"caralticonesa"},"url":"https:\/\/caralticonesa.com\/ca\/author\/caralticonesa\/"}]}},"_links":{"self":[{"href":"https:\/\/caralticonesa.com\/ca\/wp-json\/wp\/v2\/posts\/1529"}],"collection":[{"href":"https:\/\/caralticonesa.com\/ca\/wp-json\/wp\/v2\/posts"}],"about":[{"href":"https:\/\/caralticonesa.com\/ca\/wp-json\/wp\/v2\/types\/post"}],"author":[{"embeddable":true,"href":"https:\/\/caralticonesa.com\/ca\/wp-json\/wp\/v2\/users\/1"}],"replies":[{"embeddable":true,"href":"https:\/\/caralticonesa.com\/ca\/wp-json\/wp\/v2\/comments?post=1529"}],"version-history":[{"count":0,"href":"https:\/\/caralticonesa.com\/ca\/wp-json\/wp\/v2\/posts\/1529\/revisions"}],"wp:featuredmedia":[{"embeddable":true,"href":"https:\/\/caralticonesa.com\/ca\/wp-json\/"}],"wp:attachment":[{"href":"https:\/\/caralticonesa.com\/ca\/wp-json\/wp\/v2\/media?parent=1529"}],"wp:term":[{"taxonomy":"category","embeddable":true,"href":"https:\/\/caralticonesa.com\/ca\/wp-json\/wp\/v2\/categories?post=1529"},{"taxonomy":"post_tag","embeddable":true,"href":"https:\/\/caralticonesa.com\/ca\/wp-json\/wp\/v2\/tags?post=1529"}],"curies":[{"name":"wp","href":"https:\/\/api.w.org\/{rel}","templated":true}]}}